{"id":20655,"date":"2026-03-10T08:41:44","date_gmt":"2026-03-10T11:41:44","guid":{"rendered":"https:\/\/www.visionweb.com.ar\/?p=20655"},"modified":"2026-03-10T08:41:44","modified_gmt":"2026-03-10T11:41:44","slug":"la-provincia-critico-la-ofensiva-libertaria-contra-las-tasas-municipales","status":"publish","type":"post","link":"https:\/\/www.visionweb.com.ar\/?p=20655","title":{"rendered":"La Provincia critic\u00f3 la ofensiva libertaria contra las tasas municipales"},"content":{"rendered":"<p><em><strong>El ministro de Gobierno, Carlos Bianco, cuestion\u00f3 la iniciativa de La Libertad Avanza contra las tasas municipales en m\u00e1s de 100 municipios. \ufffc<\/strong><\/em><!--more--><\/p>\n<p><img loading=\"lazy\" decoding=\"async\" class=\"size-medium wp-image-16724 alignright\" src=\"https:\/\/www.visionweb.com.ar\/wp-content\/uploads\/2024\/12\/BIANCO-CARLOS-JEFE-DE-GABINETE-300x200.png\" alt=\"\" width=\"300\" height=\"200\" srcset=\"https:\/\/www.visionweb.com.ar\/wp-content\/uploads\/2024\/12\/BIANCO-CARLOS-JEFE-DE-GABINETE-300x200.png 300w, https:\/\/www.visionweb.com.ar\/wp-content\/uploads\/2024\/12\/BIANCO-CARLOS-JEFE-DE-GABINETE.png 640w\" sizes=\"auto, (max-width: 300px) 100vw, 300px\" \/>En medio de una nueva embestida del Gobierno nacional y La Libertad Avanza (LLA) contra los intendentes y el cobro de tasas municipales, desde la administraci\u00f3n de Axel Kicillof salieron a respaldar este instrumento y dijeron que su intenci\u00f3n de eliminarlas se trata de una \u201coperaci\u00f3n de distracci\u00f3n\u201d que no aborda los verdaderos problemas de la producci\u00f3n.<\/p>\n<p>Fue el ministro de Gobierno provincial, Carlos Bianco, quien en conferencia de prensa sali\u00f3 al cruce del anuncio libertario que buscar\u00e1 mediante m\u00e1s de 100 proyectos en concejos deliberantes de la provincia de Buenos Aires reducir o eliminar tasas. \u201cEs una mentira que el problema de la competitividad de la productividad en Argentina tiene que ver con las tasas municipales\u201d, respondi\u00f3 el funcionario bonaerense, seg\u00fan public\u00f3 DIB.<\/p>\n<p><em>\u201cEl argumento que plantean es que los problemas que tienen los comercios, la producci\u00f3n agropecuaria y la industria se deben a la excesiva aplicaci\u00f3n de tasas municipales y que eliminarlas mejorar\u00eda la competitividad<\/em>\u201d, explic\u00f3 desde la Casa de Gobierno. Y tras rechazar este diagn\u00f3stico, le pidi\u00f3 al sector libertario que deje de hacer esta<em> \u201coperaci\u00f3n de distracci\u00f3n\u201d.<\/em><\/p>\n<p><em>\u201cLe pedimos a los concejales de La Libertad Avanza que dejen de mentir, que dejen de llevar adelante operaciones de distracci\u00f3n y que se pongan a trabajar\u201d<\/em>, agreg\u00f3 Bianco al cuestionar el argumento de esos proyectos que aseguran que la eliminaci\u00f3n de tasas permitir\u00eda mejorar la competitividad de comercios, industrias y actividades agropecuarias.<\/p>\n<p>El impacto de las tasas municipales<\/p>\n<p>Para ejemplificar su postura, el ministro cit\u00f3 un estudio de la Fundaci\u00f3n Agropecuaria para el Desarrollo de Argentina (FADA) de diciembre del a\u00f1o pasado sobre el impacto de los impuestos nacionales, provinciales y locales en la renta agr\u00edcola.<\/p>\n<p>De ese estudio se desprende que las tasas municipales representan <strong>solo el 0,7% de la carga impositiva de la renta agr\u00edcola. El 5,7% corresponde a tributos provinciales y el 93,6% restante es de impuestos nacionales<\/strong> \u201c<em>que, mayoritariamente son impuestos nacionales no coparticipables es decir que la recaudaci\u00f3n se la queda Milei\u201d<\/em>, expres\u00f3 Bianco.<\/p>\n<p>Tambi\u00e9n mencion\u00f3 un estudio de la Facultad de Ciencias Econ\u00f3micas de la Universidad Nacional de La Plata (UNLP) que indica que <strong>las tasas municipales representan apenas el 0,9% en las cadenas productivas.<\/strong><\/p>\n<p>A su vez, advirti\u00f3 que esas propuestas que present\u00f3 d\u00edas atr\u00e1s el armador libertario Sebasti\u00e1n Pareja implican un avance sobre la autonom\u00eda municipal, ya que la definici\u00f3n de tasas forma parte de las atribuciones propias de los gobiernos locales. \u201cLo que pedimos a los concejales y legisladores es que trabajen en proyectos que tengan como objetivo favorecer la producci\u00f3n y el empleo, no destruirlos\u201d, ampli\u00f3.<\/p>\n<p>El ministro atribuy\u00f3 las dificultades de la actividad productiva a factores macroecon\u00f3micos vinculados con la pol\u00edtica econ\u00f3mica del Gobierno nacional. En ese sentido mencion\u00f3 la apreciaci\u00f3n cambiaria, la apertura de importaciones, la firma de acuerdos comerciales y la ca\u00edda del consumo interno como las principales causas de la p\u00e9rdida de competitividad.<\/p>\n<p><em>\u201cLas verdaderas causas son las pol\u00edticas econ\u00f3micas que no favorecen la producci\u00f3n: la apertura importadora, la apreciaci\u00f3n cambiaria, la destrucci\u00f3n del mercado interno y la ca\u00edda de los ingresos de la poblaci\u00f3n\u201d,<\/em> cerr\u00f3.<\/p>\n","protected":false},"excerpt":{"rendered":"<p>El ministro de Gobierno, Carlos Bianco, cuestion\u00f3 la iniciativa de La Libertad Avanza contra las tasas municipales en m\u00e1s de 100 municipios. \ufffc<\/p>\n","protected":false},"author":3,"featured_media":16724,"comment_status":"closed","ping_status":"closed","sticky":false,"template":"","format":"standard","meta":{"_monsterinsights_skip_tracking":false,"_monsterinsights_sitenote_active":false,"_monsterinsights_sitenote_note":"","_monsterinsights_sitenote_category":0,"footnotes":""},"categories":[4],"tags":[540,5187,7649,217],"class_list":["post-20655","post","type-post","status-publish","format-standard","has-post-thumbnail","hentry","category-politica","tag-bianco","tag-lla","tag-prensa","tag-tasas"],"_links":{"self":[{"href":"https:\/\/www.visionweb.com.ar\/index.php?rest_route=\/wp\/v2\/posts\/20655","targetHints":{"allow":["GET"]}}],"collection":[{"href":"https:\/\/www.visionweb.com.ar\/index.php?rest_route=\/wp\/v2\/posts"}],"about":[{"href":"https:\/\/www.visionweb.com.ar\/index.php?rest_route=\/wp\/v2\/types\/post"}],"author":[{"embeddable":true,"href":"https:\/\/www.visionweb.com.ar\/index.php?rest_route=\/wp\/v2\/users\/3"}],"replies":[{"embeddable":true,"href":"https:\/\/www.visionweb.com.ar\/index.php?rest_route=%2Fwp%2Fv2%2Fcomments&post=20655"}],"version-history":[{"count":1,"href":"https:\/\/www.visionweb.com.ar\/index.php?rest_route=\/wp\/v2\/posts\/20655\/revisions"}],"predecessor-version":[{"id":20656,"href":"https:\/\/www.visionweb.com.ar\/index.php?rest_route=\/wp\/v2\/posts\/20655\/revisions\/20656"}],"wp:featuredmedia":[{"embeddable":true,"href":"https:\/\/www.visionweb.com.ar\/index.php?rest_route=\/wp\/v2\/media\/16724"}],"wp:attachment":[{"href":"https:\/\/www.visionweb.com.ar\/index.php?rest_route=%2Fwp%2Fv2%2Fmedia&parent=20655"}],"wp:term":[{"taxonomy":"category","embeddable":true,"href":"https:\/\/www.visionweb.com.ar\/index.php?rest_route=%2Fwp%2Fv2%2Fcategories&post=20655"},{"taxonomy":"post_tag","embeddable":true,"href":"https:\/\/www.visionweb.com.ar\/index.php?rest_route=%2Fwp%2Fv2%2Ftags&post=20655"}],"curies":[{"name":"wp","href":"https:\/\/api.w.org\/{rel}","templated":true}]}}