{"id":20652,"date":"2026-03-09T23:01:34","date_gmt":"2026-03-10T02:01:34","guid":{"rendered":"https:\/\/www.visionweb.com.ar\/?p=20652"},"modified":"2026-03-09T23:01:34","modified_gmt":"2026-03-10T02:01:34","slug":"nueva-edicion-del-programa-plazas-saludables-en-lanus","status":"publish","type":"post","link":"https:\/\/www.visionweb.com.ar\/?p=20652","title":{"rendered":"Nueva edici\u00f3n del programa \u201cplazas saludables\u201d en Lan\u00fas"},"content":{"rendered":"<p><em><strong>El Municipio ofrece a la comunidad controles m\u00e9dicos gratuitos y diversas actividades y charlas informativas sobre salud y nutrici\u00f3n, durante el martes 10, mi\u00e9rcoles 11 y jueves 12 de marzo.<\/strong><\/em><!--more--><\/p>\n<p><strong>\u00a0<\/strong> <img loading=\"lazy\" decoding=\"async\" class=\"size-medium wp-image-20653 alignright\" src=\"https:\/\/www.visionweb.com.ar\/wp-content\/uploads\/2026\/03\/PLAZAS-SALUDABLES-Marzo-2026-240x300.jpg\" alt=\"\" width=\"240\" height=\"300\" srcset=\"https:\/\/www.visionweb.com.ar\/wp-content\/uploads\/2026\/03\/PLAZAS-SALUDABLES-Marzo-2026-240x300.jpg 240w, https:\/\/www.visionweb.com.ar\/wp-content\/uploads\/2026\/03\/PLAZAS-SALUDABLES-Marzo-2026.jpg 378w\" sizes=\"auto, (max-width: 240px) 100vw, 240px\" \/>\u00a0\u00a0\u00a0 <strong>Lan\u00fas Gobierno<\/strong> llevar\u00e1 a cabo una nueva edici\u00f3n del <strong>programa \u201cPlazas Saludables\u201d<\/strong> en distintos espacios p\u00fablicos de la ciudad, durante el <strong>martes 10, mi\u00e9rcoles 11 y jueves 12 de marzo<\/strong>, <strong>de 9 a 12<\/strong>, el que se brindar\u00e1n <strong>controles m\u00e9dicos gratuitos, con el objetivo de promover h\u00e1bitos saludables y fomentar la actividad f\u00edsica con talleres recreativos<\/strong>.<\/p>\n<p>El cronograma comenzar\u00e1 el <strong>martes en la plaza Villa Obrera<\/strong> (Eva Per\u00f3n N\u00b0 2400, Lan\u00fas Este), continuar\u00e1 el <strong>mi\u00e9rcoles 11 en la plaza San Mart\u00edn<\/strong> (Santiago Plaul N\u00b0 1900, Lan\u00fas Oeste) y culminar\u00e1 el <strong>jueves 12 en la plaza Arias<\/strong> (Carlos Gardel N\u00b0 1300, Lan\u00fas Oeste), inform\u00f3 Prensa de la Comuna.<\/p>\n<p>Los lanusenses podr\u00e1n acceder en cada jornada, a la toma de signos vitales, control de peso y talla, adem\u00e1s de participar en talleres de alimentaci\u00f3n saludable y en actividades f\u00edsicas grupales.<\/p>\n<p>A la vez, entre las propuestas se incluyen caminatas guiadas, ejercicios de bajo impacto y circuitos activos, coordinados por profesores de educaci\u00f3n f\u00edsica.<\/p>\n<p>Quienes se acerquen tambi\u00e9n tendr\u00e1n la posibilidad de participar de <strong>charlas informativas vinculadas al sistema de salud y a los programas de provisi\u00f3n de medicamentos<\/strong>. Asimismo, habr\u00e1 juegos y propuestas recreativas para todas las edades, y se <strong>otorgar\u00e1n turnos para atenci\u00f3n nutricional. (VW)<\/strong><\/p>\n","protected":false},"excerpt":{"rendered":"<p>El Municipio ofrece a la comunidad controles m\u00e9dicos gratuitos y diversas actividades y charlas informativas sobre salud y nutrici\u00f3n, durante el martes 10, mi\u00e9rcoles 11 y jueves 12 de marzo.<\/p>\n","protected":false},"author":4,"featured_media":20653,"comment_status":"closed","ping_status":"closed","sticky":false,"template":"","format":"standard","meta":{"_monsterinsights_skip_tracking":false,"_monsterinsights_sitenote_active":false,"_monsterinsights_sitenote_note":"","_monsterinsights_sitenote_category":0,"footnotes":""},"categories":[8],"tags":[8875,6109,8876,8874],"class_list":["post-20652","post","type-post","status-publish","format-standard","has-post-thumbnail","hentry","category-interes-general","tag-controles-y-charlas","tag-lanus-gobierno","tag-nutricion","tag-programas-plazas-saludables"],"_links":{"self":[{"href":"https:\/\/www.visionweb.com.ar\/index.php?rest_route=\/wp\/v2\/posts\/20652","targetHints":{"allow":["GET"]}}],"collection":[{"href":"https:\/\/www.visionweb.com.ar\/index.php?rest_route=\/wp\/v2\/posts"}],"about":[{"href":"https:\/\/www.visionweb.com.ar\/index.php?rest_route=\/wp\/v2\/types\/post"}],"author":[{"embeddable":true,"href":"https:\/\/www.visionweb.com.ar\/index.php?rest_route=\/wp\/v2\/users\/4"}],"replies":[{"embeddable":true,"href":"https:\/\/www.visionweb.com.ar\/index.php?rest_route=%2Fwp%2Fv2%2Fcomments&post=20652"}],"version-history":[{"count":1,"href":"https:\/\/www.visionweb.com.ar\/index.php?rest_route=\/wp\/v2\/posts\/20652\/revisions"}],"predecessor-version":[{"id":20654,"href":"https:\/\/www.visionweb.com.ar\/index.php?rest_route=\/wp\/v2\/posts\/20652\/revisions\/20654"}],"wp:featuredmedia":[{"embeddable":true,"href":"https:\/\/www.visionweb.com.ar\/index.php?rest_route=\/wp\/v2\/media\/20653"}],"wp:attachment":[{"href":"https:\/\/www.visionweb.com.ar\/index.php?rest_route=%2Fwp%2Fv2%2Fmedia&parent=20652"}],"wp:term":[{"taxonomy":"category","embeddable":true,"href":"https:\/\/www.visionweb.com.ar\/index.php?rest_route=%2Fwp%2Fv2%2Fcategories&post=20652"},{"taxonomy":"post_tag","embeddable":true,"href":"https:\/\/www.visionweb.com.ar\/index.php?rest_route=%2Fwp%2Fv2%2Ftags&post=20652"}],"curies":[{"name":"wp","href":"https:\/\/api.w.org\/{rel}","templated":true}]}}