{"id":20649,"date":"2026-03-09T21:52:41","date_gmt":"2026-03-10T00:52:41","guid":{"rendered":"https:\/\/www.visionweb.com.ar\/?p=20649"},"modified":"2026-03-09T21:53:34","modified_gmt":"2026-03-10T00:53:34","slug":"hubo-manifestaciones-y-paros-en-todo-el-pais-por-el-dia-internacional-de-la-mujer","status":"publish","type":"post","link":"https:\/\/www.visionweb.com.ar\/?p=20649","title":{"rendered":"Hubo manifestaciones y paros en todo el pa\u00eds por el D\u00eda Internacional de la Mujer"},"content":{"rendered":"<p><em><strong>Este lunes se llevaron a cabo una serie de manifestaciones y tambi\u00e9n paro de actividades\u00a0para demostrar la importancia de las mujeres en la econom\u00eda y en la sociedad. Organizaciones feministas, sociales, pol\u00edticas y sindicales se sumaron a la convocatoria de Ni Una Menos para reivindicar los derechos de ese colectivo.<\/strong><\/em><!--more--><\/p>\n<p><strong>\u00a0 <img loading=\"lazy\" decoding=\"async\" class=\"size-medium wp-image-20650 alignright\" src=\"https:\/\/www.visionweb.com.ar\/wp-content\/uploads\/2026\/03\/Ni-una-Menos-8M-9M-300x169.png\" alt=\"\" width=\"300\" height=\"169\" srcset=\"https:\/\/www.visionweb.com.ar\/wp-content\/uploads\/2026\/03\/Ni-una-Menos-8M-9M-300x169.png 300w, https:\/\/www.visionweb.com.ar\/wp-content\/uploads\/2026\/03\/Ni-una-Menos-8M-9M.png 605w\" sizes=\"auto, (max-width: 300px) 100vw, 300px\" \/>\u00a0\u00a0\u00a0\u00a0 E<\/strong>l<strong> colectivo Ni Una Menos fue el impulsor de la convocatoria, a la que se sumaron la CGT, las dos CTA<\/strong>; la Red de Mujeres Radicales; la agrupaci\u00f3n feminista de izquierda Pan y Rosas, integrada por la diputada nacional (FIT) Myriam Bregman; y la Campa\u00f1a Nacional por el Derecho al Aborto Legal, Seguro y Gratuito que participa como parte de organizaciones feministas tradicionales, entre otras.<\/p>\n<p>La decisi\u00f3n de\u00a0<strong>trasladar la marcha principal del domingo 8 al lunes 9 se tom\u00f3 con el fin de visibilizar esta problem\u00e1tica no s\u00f3lo con las movilizaciones, sino con un paro de actividades\u00a0<\/strong>que demuestre la importancia de las mujeres tanto en la econom\u00eda y la sociedad.<\/p>\n<p>La <strong>concentraci\u00f3n principal parti\u00f3 del Congreso Nacional hacia la Plaza de Mayo<\/strong>, en la Ciudad de Buenos Aires, a partir de las 16.30. La jornada federal se replic\u00f3 en las provincias de <strong>Tucum\u00e1n, Entre R\u00edos y en Mar del Plata<\/strong>.<\/p>\n<p>La iniciativa tuvo como objetivo central los mismos reclamos que embanderan la fecha hace m\u00e1s de 10 a\u00f1os, como es\u00a0<strong>la lucha contra la violencia machista, la brecha salarial, la precarizaci\u00f3n laboral y la defensa de los derechos alcanzados<\/strong>, ante posibles retrocesos con los que amenaza el Gobierno Nacional.<\/p>\n<p>En tanto,\u00a0<strong>un grupo de manifestantes con banderas de La C\u00e1mpora se desvi\u00f3 hacia el departamento de la ex presidenta Cristina Kirchner\u00a0<\/strong>en el barrio de Constituci\u00f3n, donde ella sali\u00f3 al balc\u00f3n a saludar.<\/p>\n<p>Seg\u00fan el informe que public\u00f3 el observatorio de la <strong>organizaci\u00f3n MuMaL\u00e1<\/strong> (Mujeres de la Matria Latinoamericana) que abarca los meses de enero y febrero de este a\u00f1o,\u00a0<strong>en el pa\u00eds se registra un femicidio cada 39 horas, es decir, un promedio de 0.6 muertes por d\u00eda<\/strong>.<\/p>\n<p>En cuanto a la <strong>situaci\u00f3n salarial<\/strong>, el an\u00e1lisis realizado la semana pasada por el <strong>Centro de Econom\u00eda Pol\u00edtica Argentina (CEPA) <\/strong>se\u00f1al\u00f3 que\u00a0<strong>los ingresos de los hombres superan entre un 27% y un 29% a los de las mujeres<\/strong>, una brecha que se agranda de acuerdo a los puestos de trabajo y de las condiciones laborales informales.<\/p>\n<p>En cuanto a la crianza de los hijos, seg\u00fan un documento publicado en septiembre del a\u00f1o pasado por la <strong>oficina de Situaci\u00f3n de la Ni\u00f1ez y Adolescencia de UNICEF<\/strong>,\u00a0<strong>7 de cada 10 padres en Argentina no cumplen con la cuota alimentaria y es la madre quien est\u00e1 a cargo\u00a0<\/strong>de la manutenci\u00f3n, educaci\u00f3n, alimentaci\u00f3n y salud de las infancias.<\/p>\n<p><strong>Con un operativo de seguridad m\u00ednimo, el Gobierno evit\u00f3 la confrontaci\u00f3n con el colectivo de mujeres<\/strong><\/p>\n<p>Por su parte, el Gobierno permaneci\u00f3 este lunes en silencio y evit\u00f3 la confrontaci\u00f3n con los movimientos feministas que se reunieron en Congreso bajo la <strong>movilizaci\u00f3n 8M<\/strong>.<\/p>\n<p>A diferencia de otras manifestaciones, en las que abundan las cr\u00edticas a las consignas,\u00a0<strong>el oficialismo no busc\u00f3 en esta oportunidad ofrecer contrapuntos.<\/strong><\/p>\n<p>El operativo de seguridad fue\u00a0<strong>m\u00ednimo y no se instrument\u00f3 el protocolo antipiquetes.\u00a0<\/strong>Otra diferencia en relaci\u00f3n a protestas de gran magnitud en las que el Ministerio de Seguridad monitore\u00f3 y dispuso de cientos de agentes en las calles para garantizar la circulaci\u00f3n de autos y colectivos. <strong>(VW)<\/strong><\/p>\n<p>&nbsp;<\/p>\n","protected":false},"excerpt":{"rendered":"<p>Este lunes se llevaron a cabo una serie de manifestaciones y tambi\u00e9n paro de actividades\u00a0para demostrar la importancia de las mujeres en la econom\u00eda y en la sociedad. Organizaciones feministas, sociales, pol\u00edticas y sindicales&#46;&#46;&#46;<\/p>\n","protected":false},"author":4,"featured_media":20650,"comment_status":"closed","ping_status":"closed","sticky":false,"template":"","format":"standard","meta":{"_monsterinsights_skip_tracking":false,"_monsterinsights_sitenote_active":false,"_monsterinsights_sitenote_note":"","_monsterinsights_sitenote_category":0,"footnotes":""},"categories":[4,5],"tags":[705,1849,8873,2421,6033],"class_list":["post-20649","post","type-post","status-publish","format-standard","has-post-thumbnail","hentry","category-politica","category-sociedad","tag-colectivos","tag-dia-de-la-mujer","tag-manifestaciones-y-paros","tag-ni-una-menos","tag-sindicatos"],"_links":{"self":[{"href":"https:\/\/www.visionweb.com.ar\/index.php?rest_route=\/wp\/v2\/posts\/20649","targetHints":{"allow":["GET"]}}],"collection":[{"href":"https:\/\/www.visionweb.com.ar\/index.php?rest_route=\/wp\/v2\/posts"}],"about":[{"href":"https:\/\/www.visionweb.com.ar\/index.php?rest_route=\/wp\/v2\/types\/post"}],"author":[{"embeddable":true,"href":"https:\/\/www.visionweb.com.ar\/index.php?rest_route=\/wp\/v2\/users\/4"}],"replies":[{"embeddable":true,"href":"https:\/\/www.visionweb.com.ar\/index.php?rest_route=%2Fwp%2Fv2%2Fcomments&post=20649"}],"version-history":[{"count":1,"href":"https:\/\/www.visionweb.com.ar\/index.php?rest_route=\/wp\/v2\/posts\/20649\/revisions"}],"predecessor-version":[{"id":20651,"href":"https:\/\/www.visionweb.com.ar\/index.php?rest_route=\/wp\/v2\/posts\/20649\/revisions\/20651"}],"wp:featuredmedia":[{"embeddable":true,"href":"https:\/\/www.visionweb.com.ar\/index.php?rest_route=\/wp\/v2\/media\/20650"}],"wp:attachment":[{"href":"https:\/\/www.visionweb.com.ar\/index.php?rest_route=%2Fwp%2Fv2%2Fmedia&parent=20649"}],"wp:term":[{"taxonomy":"category","embeddable":true,"href":"https:\/\/www.visionweb.com.ar\/index.php?rest_route=%2Fwp%2Fv2%2Fcategories&post=20649"},{"taxonomy":"post_tag","embeddable":true,"href":"https:\/\/www.visionweb.com.ar\/index.php?rest_route=%2Fwp%2Fv2%2Ftags&post=20649"}],"curies":[{"name":"wp","href":"https:\/\/api.w.org\/{rel}","templated":true}]}}