{"id":20280,"date":"2026-01-29T14:25:37","date_gmt":"2026-01-29T17:25:37","guid":{"rendered":"https:\/\/www.visionweb.com.ar\/?p=20280"},"modified":"2026-01-29T14:25:37","modified_gmt":"2026-01-29T17:25:37","slug":"farmaceuticos-reclaman-los-pagos-atrasados-del-pami-para-la-continuidad-de-atencion-a-jubilados","status":"publish","type":"post","link":"https:\/\/www.visionweb.com.ar\/?p=20280","title":{"rendered":"Farmac\u00e9uticos reclaman los pagos atrasados del PAMI, para la continuidad de atenci\u00f3n a jubilados"},"content":{"rendered":"<p><em><strong>El PAMI no paga a las farmacias. Siempre el Gobierno con la mira puesta en los gastos que genera la tercera edad al Estado sin tener en cuenta lo mucho que aportaron durante su actividad al pa\u00eds, como si se tratara de ciudadanos de descarte. Ahora farmacias de todo el pa\u00eds reclamaron al PAMI la regularizaci\u00f3n de pagos atrasados y advirtieron por la provisi\u00f3n de medicamentos a jubilados. Mientras tanto, Patricia Bullrich inst\u00f3 al Estado deber\u00eda a discutir c\u00f3mo desmantelar el\u00a0PAMI.<\/strong><\/em><!--more--><\/p>\n<p><strong>\u00a0\u00a0 <img loading=\"lazy\" decoding=\"async\" class=\"size-full wp-image-3218 alignleft\" src=\"https:\/\/www.visionweb.com.ar\/wp-content\/uploads\/2021\/11\/farmacias.bmp\" alt=\"\" width=\"494\" height=\"259\" \/>\u00a0\u00a0\u00a0\u00a0\u00a0\u00a0\u00a0\u00a0\u00a0\u00a0\u00a0\u00a0\u00a0 L<\/strong>as\u00a0<strong>principales entidades farmac\u00e9uticas<\/strong>\u00a0<strong>del pa\u00eds<\/strong>\u00a0reclamaron al Programa de Atenci\u00f3n M\u00e9dica Integral (PAMI), dependiente del\u00a0<strong>Instituto Nacional de Servicios Sociales para Jubilados y Pensionados<\/strong>\u00a0(<strong>INSSJP<\/strong>), la <strong>regularizaci\u00f3n urgente de los pagos<\/strong> del convenio de dispensa de medicamentos, al advertir que las demoras ponen <strong>en riesgo la provisi\u00f3n de tratamientos<\/strong>.<\/p>\n<p>El planteo surgi\u00f3 a partir de una misiva que firmaron en conjunto la\u00a0<strong>Confederaci\u00f3n Farmac\u00e9utica Argentina<\/strong>\u00a0(<strong>COFA<\/strong>), la\u00a0<strong>Federaci\u00f3n Argentina de C\u00e1maras de Farmacias<\/strong>\u00a0(<strong>FACAF<\/strong>), la\u00a0<strong>Federaci\u00f3n Farmac\u00e9utica de la Rep\u00fablica Argentina<\/strong>\u00a0(<strong>FEFARA<\/strong>), la\u00a0<strong>Asociaci\u00f3n de Farmacias Mutuales y Sindicales de la Rep\u00fablica Argentina<\/strong>\u00a0(<strong>AFMSRA<\/strong>) y la\u00a0<strong>Asociaci\u00f3n de Farmacias Argentinas<\/strong>\u00a0(<strong>ASOFAR<\/strong>).<\/p>\n<p>En ese marco, las\u00a0<strong>organizaciones farmac\u00e9uticas<\/strong>\u00a0detallaron que <strong>existen atrasos en los anticipos y saldos <\/strong>correspondientes a los meses de noviembre y diciembre. Adem\u00e1s, las\u00a0<strong>entidades\u00a0<\/strong>se\u00f1alaron que algunos vencimientos de enero acumulan demoras cercanas a un mes, lo que profundiza la incertidumbre en el sector, inform\u00f3 Diputados Bonaerenses.<\/p>\n<p>Los\u00a0<strong>referentes del sector<\/strong>\u00a0insistieron en que el\u00a0<strong>cumplimiento en tiempo y forma de los pagos<\/strong>\u00a0resulta clave para sostener la\u00a0<strong>reposici\u00f3n permanente de medicamentos<\/strong>. Seg\u00fan explicaron los\u00a0<strong>impulsores del reclamo<\/strong>, <strong>sin estos fondos las farmacias ven condicionada la posibilidad de garantizar la atenci\u00f3n<\/strong> diaria a los afiliados.<\/p>\n<p>Adem\u00e1s, los\u00a0<strong>organismos farmac\u00e9uticos<\/strong>\u00a0advirtieron que la situaci\u00f3n genera una inquietud creciente entre las prestadoras, ya que la combinaci\u00f3n de pagos demorados, costos en alza y alta demanda compromete la estructura operativa de muchos establecimientos.<\/p>\n<p>\u201c<strong>Todas las semanas tenemos que comprar en las droguer\u00edas para reponer los medicamentos y garantizar que los jubilados del PAMI puedan acceder a sus tratamientos sin interrupciones. Cuando los pagos no llegan a tiempo, se resiente toda la cadena de atenci\u00f3n<\/strong>\u201d, sostuvo la\u00a0<strong>presidenta de COFA<\/strong>,\u00a0<strong>Alejandra G\u00f3mez<\/strong>.<\/p>\n<p>En la misma l\u00ednea, los\u00a0<strong>representantes farmac\u00e9uticos<\/strong>\u00a0recordaron el compromiso constante con el sistema previsional frente a los desbalances y saltos inflacionarios de los \u00faltimos a\u00f1os. En ese sentido, el\u00a0<strong>sector\u00a0<\/strong>destac\u00f3 que ese esfuerzo tambi\u00e9n incluy\u00f3 acuerdos para reducir costos y garantizar el acceso a tratamientos esenciales para los\u00a0<strong>adultos mayores<\/strong>, en un contexto de fuertes recortes en materia de salud p\u00fablica.<\/p>\n<p>Finalmente, las\u00a0<strong>entidades\u00a0<\/strong><strong>reclamaron el pago inmediato de lo adeudado<\/strong> y una previsibilidad clara para los compromisos futuros por parte de la\u00a0<strong>administraci\u00f3n de Javier Milei<\/strong>. A su vez, las\u00a0<strong>organizaciones\u00a0<\/strong>alertaron que la regularizaci\u00f3n resulta indispensable para preservar la atenci\u00f3n normal de los jubilados y evitar que se deteriore un servicio clave.<\/p>\n<p><strong>Bullrich habl\u00f3 de desmantelar el PAMI y dijo que es un \u201cgasto brutal\u201d para el Estado<\/strong><\/p>\n<p>La\u00a0<strong>senadora nacional de La Libertad Avanza<\/strong>,\u00a0<strong>Patricia Bullrich<\/strong>, <strong>cuestion\u00f3 la existencia del PAMI<\/strong>, al que defini\u00f3 como un esquema \u201cconceptualmente err\u00f3neo\u201d. La\u00a0<strong>legisladora libertaria<\/strong>\u00a0plante\u00f3 que el sistema de cobertura para jubilados <strong>representa un \u201cgasto brutal\u201d para el Estado<\/strong>.<\/p>\n<p>\u201c<strong>Cuando vos ten\u00e9s todas personas grandes en un seguro de salud no es un seguro, es un gasto brutal, es como tener una compa\u00f1\u00eda de seguros donde todos los autos chocan en un per\u00edodo de tiempo muy corto<\/strong>\u201d, expres\u00f3\u00a0<strong>Bullrich<\/strong>, al utilizar esta comparaci\u00f3n para referirse al funcionamiento de la obra social de los adultos mayores.<\/p>\n<p>Durante una entrevista de streaming, la\u00a0<strong>exministra de Seguridad<\/strong>\u00a0sostuvo que <strong>el Estado deber\u00eda<\/strong> discutir <strong>c\u00f3mo desmantelar el<\/strong>\u00a0<strong>PAMI<\/strong>. En ese marco,\u00a0<strong>Bullrich\u00a0<\/strong>afirm\u00f3 que se trata de un organismo \u201c<strong>que no tiene una atenci\u00f3n demasiado buena y es tan grande que nunca nadie lo puede terminar de arreglar<\/strong>\u201d.<\/p>\n<p>No obstante, la\u00a0<strong>dirigente nacional<\/strong>\u00a0aclar\u00f3 que el desmantelamiento del\u00a0<strong>PAMI\u00a0<\/strong>\u201cno est\u00e1 en estudio\u201d dentro de la\u00a0<strong>administraci\u00f3n de Javier Milei<\/strong>. Sin embargo,\u00a0<strong>Bullrich\u00a0<\/strong>reconoci\u00f3 que se trata de una <strong>posibilidad que le gustar\u00eda que se analice<\/strong>, en medio de un contexto de ajuste sobre el sistema previsional y sanitario. <strong>(VW)<\/strong><\/p>\n<p>&nbsp;<\/p>\n","protected":false},"excerpt":{"rendered":"<p>El PAMI no paga a las farmacias. Siempre el Gobierno con la mira puesta en los gastos que genera la tercera edad al Estado sin tener en cuenta lo mucho que aportaron durante su&#46;&#46;&#46;<\/p>\n","protected":false},"author":4,"featured_media":3218,"comment_status":"closed","ping_status":"closed","sticky":false,"template":"","format":"standard","meta":{"_monsterinsights_skip_tracking":false,"_monsterinsights_sitenote_active":false,"_monsterinsights_sitenote_note":"","_monsterinsights_sitenote_category":0,"footnotes":""},"categories":[4,5],"tags":[1055,472,1280,2929,8721],"class_list":["post-20280","post","type-post","status-publish","format-standard","has-post-thumbnail","hentry","category-politica","category-sociedad","tag-continuidad","tag-farmaceuticos","tag-medicamentos","tag-pami","tag-pami-no-paga-a-farmacias"],"_links":{"self":[{"href":"https:\/\/www.visionweb.com.ar\/index.php?rest_route=\/wp\/v2\/posts\/20280","targetHints":{"allow":["GET"]}}],"collection":[{"href":"https:\/\/www.visionweb.com.ar\/index.php?rest_route=\/wp\/v2\/posts"}],"about":[{"href":"https:\/\/www.visionweb.com.ar\/index.php?rest_route=\/wp\/v2\/types\/post"}],"author":[{"embeddable":true,"href":"https:\/\/www.visionweb.com.ar\/index.php?rest_route=\/wp\/v2\/users\/4"}],"replies":[{"embeddable":true,"href":"https:\/\/www.visionweb.com.ar\/index.php?rest_route=%2Fwp%2Fv2%2Fcomments&post=20280"}],"version-history":[{"count":1,"href":"https:\/\/www.visionweb.com.ar\/index.php?rest_route=\/wp\/v2\/posts\/20280\/revisions"}],"predecessor-version":[{"id":20281,"href":"https:\/\/www.visionweb.com.ar\/index.php?rest_route=\/wp\/v2\/posts\/20280\/revisions\/20281"}],"wp:featuredmedia":[{"embeddable":true,"href":"https:\/\/www.visionweb.com.ar\/index.php?rest_route=\/wp\/v2\/media\/3218"}],"wp:attachment":[{"href":"https:\/\/www.visionweb.com.ar\/index.php?rest_route=%2Fwp%2Fv2%2Fmedia&parent=20280"}],"wp:term":[{"taxonomy":"category","embeddable":true,"href":"https:\/\/www.visionweb.com.ar\/index.php?rest_route=%2Fwp%2Fv2%2Fcategories&post=20280"},{"taxonomy":"post_tag","embeddable":true,"href":"https:\/\/www.visionweb.com.ar\/index.php?rest_route=%2Fwp%2Fv2%2Ftags&post=20280"}],"curies":[{"name":"wp","href":"https:\/\/api.w.org\/{rel}","templated":true}]}}