{"id":20276,"date":"2026-01-29T11:46:18","date_gmt":"2026-01-29T14:46:18","guid":{"rendered":"https:\/\/www.visionweb.com.ar\/?p=20276"},"modified":"2026-01-29T11:46:18","modified_gmt":"2026-01-29T14:46:18","slug":"se-encendieron-las-luces-de-alarma-en-el-sector-textil","status":"publish","type":"post","link":"https:\/\/www.visionweb.com.ar\/?p=20276","title":{"rendered":"Se encendieron las luces de alarma en el sector textil"},"content":{"rendered":"<p><em><strong>As\u00ed lo afirm\u00f3 Gustavo Ludmer, asesor econ\u00f3mico de la C\u00e1mara Argentina de la Indumentaria, quien tambi\u00e9n denunci\u00f3 que \u201cno hay ning\u00fan tipo de recepci\u00f3n por parte del Gobierno\u201d<\/strong><\/em><!--more--><\/p>\n<p><img loading=\"lazy\" decoding=\"async\" class=\"size-medium wp-image-3593 alignleft\" src=\"https:\/\/www.visionweb.com.ar\/wp-content\/uploads\/2021\/11\/LA-INDUSTRIA-TEXTIL-FUE-UNA-DE-LAS-QUE-MAS-SE-RECUPERO-EN-AGOSTO-300x169.png\" alt=\"\" width=\"300\" height=\"169\" srcset=\"https:\/\/www.visionweb.com.ar\/wp-content\/uploads\/2021\/11\/LA-INDUSTRIA-TEXTIL-FUE-UNA-DE-LAS-QUE-MAS-SE-RECUPERO-EN-AGOSTO-300x169.png 300w, https:\/\/www.visionweb.com.ar\/wp-content\/uploads\/2021\/11\/LA-INDUSTRIA-TEXTIL-FUE-UNA-DE-LAS-QUE-MAS-SE-RECUPERO-EN-AGOSTO.png 640w\" sizes=\"auto, (max-width: 300px) 100vw, 300px\" \/>La desregulaci\u00f3n de las importaciones que alcanza a la mayor\u00eda de la actividad productiva, impacto de lleno en la actividad textil, entre otros rubros, que por estos d\u00edas adem\u00e1s de enfrentar una ca\u00eda de las ventas por los recortes en el poder adquisitivo, se suman tambi\u00e9n las subas de los alquileres y los servicios, que reduce la rentabilidad del negocio a sus m\u00ednimos resultados.<\/p>\n<p>En ese sentido,\u00a0Gustavo Ludmer, asesor econ\u00f3mico de la C\u00e1mara Argentina de la Indumentaria, asegur\u00f3 que el sector atraviesa una <em>\u201ctormenta perfecta\u201d<\/em>, por la competencia de productos importados y la ca\u00edda del poder adquisitivo de la poblaci\u00f3n, public\u00f3 la agencia DIB.<\/p>\n<p><em>\u201cPor un lado, hay una ca\u00edda generalizada en el consumo que afecta tambi\u00e9n a muebles, autos y electrodom\u00e9sticos. Esto se explica porque los salarios vienen ajustando sistem\u00e1ticamente por debajo de la inflaci\u00f3n, lo que hace que la poblaci\u00f3n pierda poder adquisitivo mes a mes<\/em>\u201d, se\u00f1al\u00f3 el representante industrial en di\u00e1logo con Radio Rivadavia.<\/p>\n<p>Al mismo tiempo, se\u00f1al\u00f3 que<em> \u201cpor otro lado, existe un giro en el consumo hacia el \u2018puerta a puerta\u2019 a trav\u00e9s de megaplataformas chinas\u201d<\/em>.<\/p>\n<p>Ludmer consider\u00f3 que \u201ces un fen\u00f3meno mundial impulsado por la innovaci\u00f3n tecnol\u00f3gica y el abaratamiento del transporte mar\u00edtimo\u201d.<\/p>\n<p><em>\u201cLa problem\u00e1tica y la queja del sector es que esto genera una competencia desleal: cuando un consumidor importa una prenda directamente, no paga impuestos, pero cuando un productor nacional importa tela para fabricar, s\u00ed debe pagarlos\u201d<\/em>, enfatiz\u00f3.<\/p>\n<p>Por otro lado, denunci\u00f3 que <em>\u201cno hay ning\u00fan tipo de recepci\u00f3n por parte del Gobierno\u201d, aunque admiti\u00f3 que \u201csin embargo, hay un trabajo legislativo de fuerzas transversales y gobernadores que han tomado el tema\u201d.<\/em><strong>(VW)<\/strong><\/p>\n<p><strong>Fuente: Agencia DIB<\/strong><\/p>\n","protected":false},"excerpt":{"rendered":"<p>As\u00ed lo afirm\u00f3 Gustavo Ludmer, asesor econ\u00f3mico de la C\u00e1mara Argentina de la Indumentaria, quien tambi\u00e9n denunci\u00f3 que \u201cno hay ning\u00fan tipo de recepci\u00f3n por parte del Gobierno\u201d<\/p>\n","protected":false},"author":3,"featured_media":3593,"comment_status":"closed","ping_status":"closed","sticky":false,"template":"","format":"standard","meta":{"_monsterinsights_skip_tracking":false,"_monsterinsights_sitenote_active":false,"_monsterinsights_sitenote_note":"","_monsterinsights_sitenote_category":0,"footnotes":""},"categories":[3,749],"tags":[],"class_list":["post-20276","post","type-post","status-publish","format-standard","has-post-thumbnail","hentry","category-actualidad","category-pymes"],"_links":{"self":[{"href":"https:\/\/www.visionweb.com.ar\/index.php?rest_route=\/wp\/v2\/posts\/20276","targetHints":{"allow":["GET"]}}],"collection":[{"href":"https:\/\/www.visionweb.com.ar\/index.php?rest_route=\/wp\/v2\/posts"}],"about":[{"href":"https:\/\/www.visionweb.com.ar\/index.php?rest_route=\/wp\/v2\/types\/post"}],"author":[{"embeddable":true,"href":"https:\/\/www.visionweb.com.ar\/index.php?rest_route=\/wp\/v2\/users\/3"}],"replies":[{"embeddable":true,"href":"https:\/\/www.visionweb.com.ar\/index.php?rest_route=%2Fwp%2Fv2%2Fcomments&post=20276"}],"version-history":[{"count":1,"href":"https:\/\/www.visionweb.com.ar\/index.php?rest_route=\/wp\/v2\/posts\/20276\/revisions"}],"predecessor-version":[{"id":20277,"href":"https:\/\/www.visionweb.com.ar\/index.php?rest_route=\/wp\/v2\/posts\/20276\/revisions\/20277"}],"wp:featuredmedia":[{"embeddable":true,"href":"https:\/\/www.visionweb.com.ar\/index.php?rest_route=\/wp\/v2\/media\/3593"}],"wp:attachment":[{"href":"https:\/\/www.visionweb.com.ar\/index.php?rest_route=%2Fwp%2Fv2%2Fmedia&parent=20276"}],"wp:term":[{"taxonomy":"category","embeddable":true,"href":"https:\/\/www.visionweb.com.ar\/index.php?rest_route=%2Fwp%2Fv2%2Fcategories&post=20276"},{"taxonomy":"post_tag","embeddable":true,"href":"https:\/\/www.visionweb.com.ar\/index.php?rest_route=%2Fwp%2Fv2%2Ftags&post=20276"}],"curies":[{"name":"wp","href":"https:\/\/api.w.org\/{rel}","templated":true}]}}