{"id":20271,"date":"2026-01-29T11:20:23","date_gmt":"2026-01-29T14:20:23","guid":{"rendered":"https:\/\/www.visionweb.com.ar\/?p=20271"},"modified":"2026-01-29T11:29:21","modified_gmt":"2026-01-29T14:29:21","slug":"el-gobierno-modifica-el-esquema-tarifario-para-energia-electrica","status":"publish","type":"post","link":"https:\/\/www.visionweb.com.ar\/?p=20271","title":{"rendered":"El Gobierno modifica el esquema tarifario para energ\u00eda el\u00e9ctrica"},"content":{"rendered":"<p><strong><em>En cuanto al impacto econ\u00f3mico, la normativa establece que durante 2026 se otorgar\u00e1 una bonificaci\u00f3n extraordinaria adicional de hasta el 25% sobre el precio del consumo base.<\/em><\/strong><!--more--><\/p>\n<p><img loading=\"lazy\" decoding=\"async\" class=\"size-full wp-image-3242 alignright\" src=\"https:\/\/www.visionweb.com.ar\/wp-content\/uploads\/2021\/11\/tarifas-electricas.bmp\" alt=\"\" width=\"503\" height=\"332\" \/>El Gobierno nacional implement\u00f3 el nuevo esquema tarifario de electricidad para las empresas distribuidoras Edenor y Edesur, a partir de la entrada en vigencia del sistema de Subsidios Energ\u00e9ticos Focalizados (SEF).<\/p>\n<p>La medida alcanza a todos los usuarios residenciales, incluidos aquellos que generan su propia energ\u00eda y la inyectan a la red, y comenzar\u00e1 a reflejarse en las pr\u00f3ximas facturas.<\/p>\n<p>La decisi\u00f3n fue oficializada mediante las<strong> Resoluciones 21\/2026 y 22\/2026 del Ente Nacional Regulador de la Electricidad (ENRE)<\/strong>, publicadas este jueves en el Bolet\u00edn Oficial.<\/p>\n<p>El nuevo r\u00e9gimen unifica los beneficios vigentes hasta ahora y reemplaza la segmentaci\u00f3n anterior de niveles 1, 2 y 3, con el objetivo de concentrar la asistencia estatal en los hogares considerados vulnerables.<\/p>\n<p>Seg\u00fan el esquema definido, los subsidios se aplicar\u00e1n sobre un bloque de consumo base, cuyo tope var\u00eda seg\u00fan la estacionalidad.<\/p>\n<p>En los meses de mayor demanda enero, febrero, mayo, junio, julio, agosto y diciembre el l\u00edmite subsidiado ser\u00e1 de 300 kWh mensuales, mientras que en marzo, abril, septiembre, octubre y noviembre se reducir\u00e1 a 150 kWh. El consumo que supere esos valores se abonar\u00e1 sin bonificaci\u00f3n.<\/p>\n<p>En cuanto al impacto econ\u00f3mico, la normativa establece que durante 2026 se otorgar\u00e1 una bonificaci\u00f3n extraordinaria adicional de hasta el 25% sobre el precio del consumo base, que se suma al descuento general aplicado sobre el Precio Estacional de la electricidad (PEST). La Secretar\u00eda de Energ\u00eda podr\u00e1 modificar ese porcentaje seg\u00fan la evoluci\u00f3n del sistema, aunque sin superar el tope fijado.<\/p>\n<p>El nuevo cuadro tarifario tambi\u00e9n contempla un <strong>tratamiento diferencial para las Entidades de Bien P\u00fablico y los Clubes de Barrio,<\/strong> que recibir\u00e1n <strong>subsidios sobre el 100% de su consumo,<\/strong> sin l\u00edmites por bloques. En tanto, las empresas distribuidoras tendr\u00e1n un plazo de cinco d\u00edas para publicar los cuadros actualizados en diarios de circulaci\u00f3n masiva.<\/p>\n<p><strong>Los aumentos de febrero<\/strong><\/p>\n<p>&nbsp;<\/p>\n<div id=\"attachment_5853\" style=\"width: 310px\" class=\"wp-caption alignleft\"><img loading=\"lazy\" decoding=\"async\" aria-describedby=\"caption-attachment-5853\" class=\"size-medium wp-image-5853\" src=\"https:\/\/www.visionweb.com.ar\/wp-content\/uploads\/2022\/05\/tarifas-gas-300x225.jpg\" alt=\"\" width=\"300\" height=\"225\" srcset=\"https:\/\/www.visionweb.com.ar\/wp-content\/uploads\/2022\/05\/tarifas-gas-300x225.jpg 300w, https:\/\/www.visionweb.com.ar\/wp-content\/uploads\/2022\/05\/tarifas-gas-768x576.jpg 768w, https:\/\/www.visionweb.com.ar\/wp-content\/uploads\/2022\/05\/tarifas-gas-320x240.jpg 320w, https:\/\/www.visionweb.com.ar\/wp-content\/uploads\/2022\/05\/tarifas-gas.jpg 1024w\" sizes=\"auto, (max-width: 300px) 100vw, 300px\" \/><p id=\"caption-attachment-5853\" class=\"wp-caption-text\">OLYMPUS DIGITAL CAMERA<\/p><\/div>\n<p><strong>Los aumentos de febrero volver\u00e1n a poner a prueba el bolsillo de los argentinos<\/strong>, con ajustes que alcanzar\u00e1n a sectores clave del consumo cotidiano. Entre los rubros m\u00e1s afectados se encuentran el transporte p\u00fablico, los alquileres, la medicina prepaga y los servicios, en un escenario de inflaci\u00f3n que contin\u00faa desaceler\u00e1ndose pero mantiene presi\u00f3n sobre los ingresos.<\/p>\n<p>En el caso del<strong> transporte, los boletos de colectivos subir\u00e1n tanto en la Ciudad como en la provincia de Buenos Aires<\/strong>.<\/p>\n<p>En CABA, el incremento ser\u00e1 <strong>del 2,8% y el boleto m\u00ednimo pasar\u00e1 de $619,37 a $637,58, mientras que en territorio bonaerense la suba alcanzar\u00e1 el 4,5%, llevando el tramo inicial de 0 a 3 kil\u00f3metros de $685,11<\/strong> a $721,08. A su vez, el pasaje de subte aumentar\u00e1 de $1.259 a $1.336 con SUBE registrada, y el premetro costar\u00e1 $467,60.<\/p>\n<p>Otro de los aumentos de febrero que impactar\u00e1 con fuerza ser\u00e1 el de los alquileres. Los contratos que a\u00fan se rigen por la derogada Ley de Alquileres tendr\u00e1n <strong>un ajuste anual del 34,6% seg\u00fan el \u00cdndice de Contratos de Locaci\u00f3n (ICL).<\/strong> Por ejemplo, un alquiler inicial de $400.000 pasar\u00e1 a costar $538.400. En tanto, los contratos firmados tras el DNU registrar\u00e1n actualizaciones trimestrales, cuatrimestrales o semestrales, con subas que pueden llevar un alquiler de $500.000 hasta $564.050 en seis meses.<\/p>\n<p>Las cuotas de la medicina prepaga tambi\u00e9n subir\u00e1n hasta <strong>un 2,8% en febrero, un incremento que se trasladar\u00e1 adem\u00e1s a los copagos.<\/strong> A esto se sumar\u00e1n ajustes en los servicios de cable, internet y telefon\u00eda, con subas que oscilar\u00e1n entre el 2,8% y el 3,5%, seg\u00fan la empresa y el tipo de prestaci\u00f3n.<\/p>\n<p>Finalmente, desde febrero entrar\u00e1 en vigencia el nuevo <strong>Registro de Subsidios Energ\u00e9ticos Focalizados (ReSEF) para la luz y el gas,<\/strong> que buscar\u00e1 distribuir el costo de las tarifas de manera m\u00e1s pareja a lo largo del a\u00f1o.<\/p>\n<p>Seg\u00fan datos oficiales, con este esquema el 66% de los usuarios de electricidad pagar\u00e1 facturas promedio inferiores a $44.000 en los meses de mayor consumo, mientras que en gas, durante el invierno, el 75% de los hogares tendr\u00e1 boletas por debajo de los $56.000.<strong>(VW)<\/strong><\/p>\n","protected":false},"excerpt":{"rendered":"<p>En cuanto al impacto econ\u00f3mico, la normativa establece que durante 2026 se otorgar\u00e1 una bonificaci\u00f3n extraordinaria adicional de hasta el 25% sobre el precio del consumo base.<\/p>\n","protected":false},"author":3,"featured_media":3242,"comment_status":"closed","ping_status":"closed","sticky":false,"template":"","format":"standard","meta":{"_monsterinsights_skip_tracking":false,"_monsterinsights_sitenote_active":false,"_monsterinsights_sitenote_note":"","_monsterinsights_sitenote_category":0,"footnotes":""},"categories":[8],"tags":[195,8719,564],"class_list":["post-20271","post","type-post","status-publish","format-standard","has-post-thumbnail","hentry","category-interes-general","tag-energia","tag-esquema","tag-tarifas"],"_links":{"self":[{"href":"https:\/\/www.visionweb.com.ar\/index.php?rest_route=\/wp\/v2\/posts\/20271","targetHints":{"allow":["GET"]}}],"collection":[{"href":"https:\/\/www.visionweb.com.ar\/index.php?rest_route=\/wp\/v2\/posts"}],"about":[{"href":"https:\/\/www.visionweb.com.ar\/index.php?rest_route=\/wp\/v2\/types\/post"}],"author":[{"embeddable":true,"href":"https:\/\/www.visionweb.com.ar\/index.php?rest_route=\/wp\/v2\/users\/3"}],"replies":[{"embeddable":true,"href":"https:\/\/www.visionweb.com.ar\/index.php?rest_route=%2Fwp%2Fv2%2Fcomments&post=20271"}],"version-history":[{"count":3,"href":"https:\/\/www.visionweb.com.ar\/index.php?rest_route=\/wp\/v2\/posts\/20271\/revisions"}],"predecessor-version":[{"id":20275,"href":"https:\/\/www.visionweb.com.ar\/index.php?rest_route=\/wp\/v2\/posts\/20271\/revisions\/20275"}],"wp:featuredmedia":[{"embeddable":true,"href":"https:\/\/www.visionweb.com.ar\/index.php?rest_route=\/wp\/v2\/media\/3242"}],"wp:attachment":[{"href":"https:\/\/www.visionweb.com.ar\/index.php?rest_route=%2Fwp%2Fv2%2Fmedia&parent=20271"}],"wp:term":[{"taxonomy":"category","embeddable":true,"href":"https:\/\/www.visionweb.com.ar\/index.php?rest_route=%2Fwp%2Fv2%2Fcategories&post=20271"},{"taxonomy":"post_tag","embeddable":true,"href":"https:\/\/www.visionweb.com.ar\/index.php?rest_route=%2Fwp%2Fv2%2Ftags&post=20271"}],"curies":[{"name":"wp","href":"https:\/\/api.w.org\/{rel}","templated":true}]}}