{"id":20259,"date":"2026-01-28T11:13:30","date_gmt":"2026-01-28T14:13:30","guid":{"rendered":"https:\/\/www.visionweb.com.ar\/?p=20259"},"modified":"2026-01-28T11:47:52","modified_gmt":"2026-01-28T14:47:52","slug":"las-marcas-de-alimentos-importados-que-regresaron-al-pais-con-mejores-precios-que-las-nacionales","status":"publish","type":"post","link":"https:\/\/www.visionweb.com.ar\/?p=20259","title":{"rendered":"Las marcas de alimentos importados regresaron al pa\u00eds con mejores precios que las nacionales"},"content":{"rendered":"<p><em><strong>La apertura comercial trajo de vuelta productos de Uruguay, galletitas danesas, caf\u00e9 italiano, conservas y pastas, que cuestan hasta un 30 % menos. Mientras la\u00a0COPAL\u00a0(industria alimenticia) advierte que la producci\u00f3n local enfrenta presi\u00f3n tributaria y costos log\u00edsticos en detrimento de la competitividad.<\/strong><\/em><!--more--><\/p>\n<p><img loading=\"lazy\" decoding=\"async\" class=\"size-medium wp-image-17140 alignright\" src=\"https:\/\/www.visionweb.com.ar\/wp-content\/uploads\/2025\/02\/SUPERMERCADISMO-300x200.png\" alt=\"\" width=\"300\" height=\"200\" srcset=\"https:\/\/www.visionweb.com.ar\/wp-content\/uploads\/2025\/02\/SUPERMERCADISMO-300x200.png 300w, https:\/\/www.visionweb.com.ar\/wp-content\/uploads\/2025\/02\/SUPERMERCADISMO.png 640w\" sizes=\"auto, (max-width: 300px) 100vw, 300px\" \/>\u00a0\u00a0\u00a0\u00a0 La desregulaci\u00f3n del comercio exterior impulsada por el Gobierno ha generado un <strong>aluvi\u00f3n <\/strong>de\u00a0<strong>alimentos importados<\/strong>\u00a0que ya compiten de igual a igual y en muchos casos con ventaja de precios, frente a la industria nacional.<\/p>\n<p>Desde\u00a0<strong>at\u00fan ecuatoriano<\/strong>\u00a0hasta\u00a0<strong>fideos de Albania<\/strong>, la oferta se diversifica con marcas que regresan tras a\u00f1os de ausencia y nuevas opciones \u00ablow cost\u00bb que sorprenden a los consumidores y cambian el paisaje de las g\u00f3ndolas.<\/p>\n<p>As\u00ed, el fen\u00f3meno se siente con fuerza en las grandes cadenas de supermercados, donde banderas de Francia, Alemania y Brasil se\u00f1alizan productos que hasta hace poco eran exclusivos de los free shops o tiendas gourmet, seg\u00fan inform\u00f3 Agencia NA.<\/p>\n<p><strong>Las marcas que volvieron<\/strong><\/p>\n<p>El s\u00edmbolo m\u00e1s nost\u00e1lgico de este regreso es la\u00a0<strong>cooperativa uruguaya Conaprole<\/strong>, que volvi\u00f3 a comercializar su manteca, dulce de leche y crema tras haberse retirado progresivamente por las trabas cambiarias.<\/p>\n<p>En el rubro \u00abdulces\u00bb, reaparecieron las cl\u00e1sicas\u00a0<strong>galletitas danesas<\/strong>\u00a0en lata azul (marca Jacobsen Wonderfull y Dan Cake), \u00edcono de los a\u00f1os 90. Tambi\u00e9n se suman marcas de caf\u00e9 premium como las italianas\u00a0<strong>Lavazza<\/strong>\u00a0y\u00a0<strong>Viaggio<\/strong>, y el chocolate\u00a0<strong>Feastables<\/strong>\u00a0del youtuber MrBeast.<\/p>\n<p><strong><img loading=\"lazy\" decoding=\"async\" class=\"size-medium wp-image-20260 alignleft\" src=\"https:\/\/www.visionweb.com.ar\/wp-content\/uploads\/2026\/01\/alimentos-importados-300x210.png\" alt=\"\" width=\"300\" height=\"210\" srcset=\"https:\/\/www.visionweb.com.ar\/wp-content\/uploads\/2026\/01\/alimentos-importados-300x210.png 300w, https:\/\/www.visionweb.com.ar\/wp-content\/uploads\/2026\/01\/alimentos-importados.png 573w\" sizes=\"auto, (max-width: 300px) 100vw, 300px\" \/>Precios: \u00bfPor qu\u00e9 conviene lo importado?<\/strong><\/p>\n<p>La sorpresa para el bolsillo es que muchos de estos productos llegan con precios competitivos. En categor\u00edas como conservas, caf\u00e9 y l\u00e1cteos, los importados pueden costar entre un\u00a0<strong>15% y un 30% menos<\/strong>\u00a0que los locales.<\/p>\n<p>Algunos ejemplos concretos relevados en g\u00f3ndola:<\/p>\n<ul>\n<li>At\u00fan: Marcas ecuatorianas como Bulnez y M\u00e1xima se venden a valores sensiblemente m\u00e1s bajos que las nacionales.<\/li>\n<li>Pastas: Los fideos Pasta Bella (Albania) cuestan $1.498, frente a los $1.800 de una marca nacional l\u00edder como Matarazzo.<\/li>\n<li>Salsas: El pur\u00e9 de tomate italiano Mazza ($4.094 los 680g) es m\u00e1s econ\u00f3mico que la passata nacional Rina ($5.300 los 500g).<\/li>\n<li>Galletitas: Las Traviata argentinas ($2.071) est\u00e1n m\u00e1s caras que las Coquetel brasile\u00f1as ($2.000).<\/li>\n<\/ul>\n<p><strong>Carne, frutas y la queja industrial<\/strong><\/p>\n<p>El ingreso de productos frescos tambi\u00e9n es notorio. Naranjas espa\u00f1olas, manzanas chilenas y bananas ecuatorianas ganan terreno en el Mercado Central. En carnes, las importaciones (principalmente de Brasil) crecieron un\u00a0<strong>580 % interanual<\/strong>\u00a0en 2025.<\/p>\n<p>Mientras el Gobierno celebra la competencia para bajar la inflaci\u00f3n, la\u00a0<strong>COPAL<\/strong> (industria alimenticia) advierte que la producci\u00f3n local enfrenta una presi\u00f3n tributaria y costos log\u00edsticos que les quitan competitividad frente a lo que viene de afuera.<strong> (VW)<\/strong><\/p>\n","protected":false},"excerpt":{"rendered":"<p>La apertura comercial trajo de vuelta productos de Uruguay, galletitas danesas, caf\u00e9 italiano, conservas y pastas, que cuestan hasta un 30 % menos. Mientras la\u00a0COPAL\u00a0(industria alimenticia) advierte que la producci\u00f3n local enfrenta presi\u00f3n tributaria&#46;&#46;&#46;<\/p>\n","protected":false},"author":4,"featured_media":17140,"comment_status":"closed","ping_status":"closed","sticky":false,"template":"","format":"standard","meta":{"_monsterinsights_skip_tracking":false,"_monsterinsights_sitenote_active":false,"_monsterinsights_sitenote_note":"","_monsterinsights_sitenote_category":0,"footnotes":""},"categories":[6,749],"tags":[8716,8717,642,363,8718],"class_list":["post-20259","post","type-post","status-publish","format-standard","has-post-thumbnail","hentry","category-economia","category-pymes","tag-alimentos-importados","tag-competencia","tag-copal","tag-gondolas","tag-presion-tributaria-local"],"_links":{"self":[{"href":"https:\/\/www.visionweb.com.ar\/index.php?rest_route=\/wp\/v2\/posts\/20259","targetHints":{"allow":["GET"]}}],"collection":[{"href":"https:\/\/www.visionweb.com.ar\/index.php?rest_route=\/wp\/v2\/posts"}],"about":[{"href":"https:\/\/www.visionweb.com.ar\/index.php?rest_route=\/wp\/v2\/types\/post"}],"author":[{"embeddable":true,"href":"https:\/\/www.visionweb.com.ar\/index.php?rest_route=\/wp\/v2\/users\/4"}],"replies":[{"embeddable":true,"href":"https:\/\/www.visionweb.com.ar\/index.php?rest_route=%2Fwp%2Fv2%2Fcomments&post=20259"}],"version-history":[{"count":3,"href":"https:\/\/www.visionweb.com.ar\/index.php?rest_route=\/wp\/v2\/posts\/20259\/revisions"}],"predecessor-version":[{"id":20263,"href":"https:\/\/www.visionweb.com.ar\/index.php?rest_route=\/wp\/v2\/posts\/20259\/revisions\/20263"}],"wp:featuredmedia":[{"embeddable":true,"href":"https:\/\/www.visionweb.com.ar\/index.php?rest_route=\/wp\/v2\/media\/17140"}],"wp:attachment":[{"href":"https:\/\/www.visionweb.com.ar\/index.php?rest_route=%2Fwp%2Fv2%2Fmedia&parent=20259"}],"wp:term":[{"taxonomy":"category","embeddable":true,"href":"https:\/\/www.visionweb.com.ar\/index.php?rest_route=%2Fwp%2Fv2%2Fcategories&post=20259"},{"taxonomy":"post_tag","embeddable":true,"href":"https:\/\/www.visionweb.com.ar\/index.php?rest_route=%2Fwp%2Fv2%2Ftags&post=20259"}],"curies":[{"name":"wp","href":"https:\/\/api.w.org\/{rel}","templated":true}]}}