{"id":20256,"date":"2026-01-28T10:24:30","date_gmt":"2026-01-28T13:24:30","guid":{"rendered":"https:\/\/www.visionweb.com.ar\/?p=20256"},"modified":"2026-01-28T10:24:30","modified_gmt":"2026-01-28T13:24:30","slug":"gobernadores-de-cinco-provincias-reclamaron-al-congreso-el-tratamiento-urgente-de-la-ley-de-emergencia-ignea","status":"publish","type":"post","link":"https:\/\/www.visionweb.com.ar\/?p=20256","title":{"rendered":"Gobernadores de cinco provincias reclamaron al Congreso el tratamiento urgente de la Ley de Emergencia \u00cdgnea"},"content":{"rendered":"<p><em><strong>Mediante una reuni\u00f3n virtual, los mandatarios advirtieron sobre la gravedad de los incendios forestales en la Regi\u00f3n Patag\u00f3nica y pidieron avanzar con la sanci\u00f3n de la norma durante las sesiones extraordinarias para \u201cdestrabar fondos y reforzar el combate del fuego\u201d.<\/strong><\/em><!--more--><\/p>\n<div id=\"attachment_20257\" style=\"width: 310px\" class=\"wp-caption alignleft\"><img loading=\"lazy\" decoding=\"async\" aria-describedby=\"caption-attachment-20257\" class=\"wp-image-20257 size-medium\" src=\"https:\/\/www.visionweb.com.ar\/wp-content\/uploads\/2026\/01\/gobernadores-patagonicos-300x160.png\" alt=\"\" width=\"300\" height=\"160\" srcset=\"https:\/\/www.visionweb.com.ar\/wp-content\/uploads\/2026\/01\/gobernadores-patagonicos-300x160.png 300w, https:\/\/www.visionweb.com.ar\/wp-content\/uploads\/2026\/01\/gobernadores-patagonicos.png 556w\" sizes=\"auto, (max-width: 300px) 100vw, 300px\" \/><p id=\"caption-attachment-20257\" class=\"wp-caption-text\">Claudio Vidal, de Santa Cruz; Alberto Weretilneck, de R\u00edo Negro; Ignacio Torres, de Chubut; Rolando Figueroa, de Neuqu\u00e9n; Sergio Ziliotto, de La Pampa; y Gustavo Melella, de Tierra del Fuego. Foto diario Los Andes<\/p><\/div>\n<p><strong>\u00a0\u00a0 \u00a0\u00a0\u00a0\u00a0\u00a0\u00a0\u00a0\u00a0\u00a0\u00a0\u00a0\u00a0 L<\/strong>os gobernadores de\u00a0<strong>R\u00edo Negro, Chubut, La Pampa, Neuqu\u00e9n y Santa Cruz solicitaron al Congreso de la Naci\u00f3n<\/strong>\u00a0que trate con <strong>car\u00e1cter urgente<\/strong> la<strong>\u00a0ley de Emergencia \u00cdgnea<\/strong>, en el marco de las sesiones extraordinarias. El pedido se formaliz\u00f3 ayer martes, tras una reuni\u00f3n de trabajo realizada de manera virtual, ante el <strong>avance de los incendios forestales en la Patagonia<\/strong>.<\/p>\n<p>Del encuentro participaron los mandatarios\u00a0<strong>Alberto Weretilneck<\/strong>\u00a0(R\u00edo Negro),\u00a0<strong>Ignacio Torres<\/strong>\u00a0(Chubut),\u00a0<strong>Sergio Ziliotto<\/strong>\u00a0(La Pampa),\u00a0<strong>Rolando Figueroa<\/strong>\u00a0(Neuqu\u00e9n) y\u00a0<strong>Claudio Vidal\u00a0<\/strong>(Santa Cruz), quienes coincidieron en se\u00f1alar\u00a0<strong>\u201cla gravedad de la situaci\u00f3n que atraviesa la regi\u00f3n\u201d<\/strong>\u00a0como consecuencia de los <strong>focos \u00edgneos registrados<\/strong> en los \u00faltimos meses.<\/p>\n<p>Seg\u00fan el relevamiento que presentaron, durante ese per\u00edodo se quemaron m\u00e1s de\u00a0<strong>168.000 hect\u00e1reas en La Pampa, 45.000 en Chubut, 6.000 en Neuqu\u00e9n, adem\u00e1s de 10.000 en R\u00edo Negro y 700 en Santa Cruz, lo que eleva el total regional a casi 230.000 hect\u00e1reas afectadas.<\/strong><\/p>\n<p>A la vez, los gobernadores destacaron el trabajo conjunto con el Gobierno nacional a trav\u00e9s del Sistema Nacional de Manejo del Fuego y valoraron la articulaci\u00f3n interjurisdiccional desplegada.<\/p>\n<p>No obstante, remarcaron que <strong>la magnitud de los incendios y el impacto de la crisis clim\u00e1tica hacen indispensable contar con herramientas y recursos extraordinarios<\/strong>. En ese sentido, informaron que mantuvieron contacto con el ministro del Interior, Diego Santilli, a quien le adelantaron la decisi\u00f3n de <strong>avanzar con este planteo ante el Congreso<\/strong> para <strong>lograr la pronta sanci\u00f3n <\/strong>de la<strong>\u00a0ley de Emergencia \u00cdgnea<\/strong>.<\/p>\n<p>La norma permitir\u00eda <strong>destrabar fondos especiales, agilizar la incorporaci\u00f3n de medios a\u00e9reos y equipamiento, asistir a las comunidades damnificadas<\/strong> y planificar una respuesta integral para la <strong>recuperaci\u00f3n ambiental y productiva<\/strong> de las zonas afectadas. <strong>(VW)<\/strong><\/p>\n<p>&nbsp;<\/p>\n","protected":false},"excerpt":{"rendered":"<p>Mediante una reuni\u00f3n virtual, los mandatarios advirtieron sobre la gravedad de los incendios forestales en la Regi\u00f3n Patag\u00f3nica y pidieron avanzar con la sanci\u00f3n de la norma durante las sesiones extraordinarias para \u201cdestrabar fondos&#46;&#46;&#46;<\/p>\n","protected":false},"author":4,"featured_media":20257,"comment_status":"closed","ping_status":"closed","sticky":false,"template":"","format":"standard","meta":{"_monsterinsights_skip_tracking":false,"_monsterinsights_sitenote_active":false,"_monsterinsights_sitenote_note":"","_monsterinsights_sitenote_category":0,"footnotes":""},"categories":[4],"tags":[8712,8715,8713,8714],"class_list":["post-20256","post","type-post","status-publish","format-standard","has-post-thumbnail","hentry","category-politica","tag-incendios-patagonia","tag-ley-de-emergencia-ignea","tag-reunion-gobernadores","tag-tratamiento-ley-congreso"],"_links":{"self":[{"href":"https:\/\/www.visionweb.com.ar\/index.php?rest_route=\/wp\/v2\/posts\/20256","targetHints":{"allow":["GET"]}}],"collection":[{"href":"https:\/\/www.visionweb.com.ar\/index.php?rest_route=\/wp\/v2\/posts"}],"about":[{"href":"https:\/\/www.visionweb.com.ar\/index.php?rest_route=\/wp\/v2\/types\/post"}],"author":[{"embeddable":true,"href":"https:\/\/www.visionweb.com.ar\/index.php?rest_route=\/wp\/v2\/users\/4"}],"replies":[{"embeddable":true,"href":"https:\/\/www.visionweb.com.ar\/index.php?rest_route=%2Fwp%2Fv2%2Fcomments&post=20256"}],"version-history":[{"count":1,"href":"https:\/\/www.visionweb.com.ar\/index.php?rest_route=\/wp\/v2\/posts\/20256\/revisions"}],"predecessor-version":[{"id":20258,"href":"https:\/\/www.visionweb.com.ar\/index.php?rest_route=\/wp\/v2\/posts\/20256\/revisions\/20258"}],"wp:featuredmedia":[{"embeddable":true,"href":"https:\/\/www.visionweb.com.ar\/index.php?rest_route=\/wp\/v2\/media\/20257"}],"wp:attachment":[{"href":"https:\/\/www.visionweb.com.ar\/index.php?rest_route=%2Fwp%2Fv2%2Fmedia&parent=20256"}],"wp:term":[{"taxonomy":"category","embeddable":true,"href":"https:\/\/www.visionweb.com.ar\/index.php?rest_route=%2Fwp%2Fv2%2Fcategories&post=20256"},{"taxonomy":"post_tag","embeddable":true,"href":"https:\/\/www.visionweb.com.ar\/index.php?rest_route=%2Fwp%2Fv2%2Ftags&post=20256"}],"curies":[{"name":"wp","href":"https:\/\/api.w.org\/{rel}","templated":true}]}}