{"id":20253,"date":"2026-01-28T09:34:31","date_gmt":"2026-01-28T12:34:31","guid":{"rendered":"https:\/\/www.visionweb.com.ar\/?p=20253"},"modified":"2026-01-28T09:34:31","modified_gmt":"2026-01-28T12:34:31","slug":"nueva-edicion-de-los-talleres-integrar-cultura-verano-en-lanus","status":"publish","type":"post","link":"https:\/\/www.visionweb.com.ar\/?p=20253","title":{"rendered":"Nueva edici\u00f3n de los talleres Integrar Cultura Verano en Lan\u00fas"},"content":{"rendered":"<p><em><strong>La Comuna inform\u00f3 las diversas actividades gratuitas que ofrece frente a la nueva propuesta de los talleres \u201cIntegrar Cultura Verano 2026\u201d. Comienzan el lunes 2 de febrero y hay que inscribirse ese mismo d\u00eda. La cobertura abarca desde deportes, arte, m\u00fasica, hasta cocina. M\u00e1s info aqu\u00ed.<\/strong><\/em><!--more--><\/p>\n<p><strong>\u00a0\u00a0 <img loading=\"lazy\" decoding=\"async\" class=\"size-medium wp-image-20254 alignright\" src=\"https:\/\/www.visionweb.com.ar\/wp-content\/uploads\/2026\/01\/talleres-integrar-1-240x300.jpg\" alt=\"\" width=\"240\" height=\"300\" srcset=\"https:\/\/www.visionweb.com.ar\/wp-content\/uploads\/2026\/01\/talleres-integrar-1-240x300.jpg 240w, https:\/\/www.visionweb.com.ar\/wp-content\/uploads\/2026\/01\/talleres-integrar-1.jpg 378w\" sizes=\"auto, (max-width: 240px) 100vw, 240px\" \/>\u00a0\u00a0\u00a0\u00a0\u00a0\u00a0\u00a0 E<\/strong>l <strong>Municipio de Lan\u00fas<\/strong> inform\u00f3 que desde el lunes 2 de febrero se realizar\u00e1 una nueva edici\u00f3n de los <strong>talleres Integrar Cultura Verano 2026<\/strong> en distintos espacios del distrito, con el objetivo que los vecinos y las vecinas puedan aprovechar esta propuesta totalmente gratuita en el marco de la temporada estival.<\/p>\n<p>Las i<strong>nscripciones<\/strong> para participar de las mismas <strong>se concretar\u00e1n en el d\u00eda y horario de cada iniciativa, <\/strong>conforme indic\u00f3 <strong>Prensa de Lan\u00fas<\/strong>.<\/p>\n<p>Al respecto, en el <strong>Parque Central Las Colonias<\/strong> ubicado en Salta y Purita, en Remedios de Escalada, se dictar\u00e1 el <strong>curso<\/strong> <strong>de ensamble de instrumentos de viento<\/strong> los lunes a las 18, adem\u00e1s de que se brindar\u00e1n <strong>clases de yoga<\/strong> los s\u00e1bados a las 10.<\/p>\n<p>En el <strong>Centro Cultural Leonardo Favio<\/strong>, situado en avenida 25 de Mayo N\u00b0 131 de Lan\u00fas Oeste, estar\u00e1n disponibles tanto <strong>el taller de modelismo pl\u00e1stico<\/strong> los viernes a las 18, como las clases de <strong>GAP <\/strong>los lunes a las 18 y de <strong>folklore<\/strong> los martes a la misma hora.<\/p>\n<p>Asimismo, en la <strong>Casa de la Cultura<\/strong> en Sarmiento N\u00b0 1713, en Lan\u00fas Este, se llevar\u00e1n a cabo los <strong>cursos de pintura decorativa\/decoupage<\/strong> <strong>y reciclado<\/strong> los martes a las 18; una <strong>clase de milonga<\/strong> los mi\u00e9rcoles a las 18; un <strong>seminario de luther\u00eda italiana<\/strong> los lunes a las 17 y una clase de <strong>gimnasia para personas mayores<\/strong> los martes a partir de las 10:15.<\/p>\n<p>Tambi\u00e9n se dar\u00e1 un <strong>taller de intervenci\u00f3n teatral<\/strong> los martes y jueves a las 18; un <strong>seminario de lectura musical <\/strong>los mi\u00e9rcoles a las 18; una clase de <strong>caj\u00f3n flamenco<\/strong> los jueves a las 18; y de <strong>pr\u00e1ctica de conjunto vocal e instrumental<\/strong> los lunes a las 15 y los mi\u00e9rcoles a las 16.<\/p>\n<p>Por otra parte, en el <strong>Semillero Chingolo<\/strong> en Gral. Pinto esquina V\u00edctor Hugo, habr\u00e1 un <strong>taller de<\/strong> <strong>percusi\u00f3n<\/strong> los viernes a las 17.<\/p>\n<p>En la <strong>Plaza Sarmiento<\/strong> ubicada en 9 de Julio y Ferr\u00e9, en Lan\u00fas Este, se realizar\u00e1 una <strong>\u00fanica clase de percusi\u00f3n<\/strong> el 24 de febrero a las 18; y otras iniciativas que se ofrecer\u00e1n en el lugar ser\u00e1n <strong>gimnasia para personas mayores<\/strong> los martes a las 9; <strong>dibujo y pintura para ni\u00f1os y ni\u00f1as<\/strong> los martes a las 18; y <strong>retro mix (entrenamiento corporal)<\/strong> los viernes a las 18.<\/p>\n<p>En el <strong>Centro Cultural Villa Diamante<\/strong>, en Emilio Castro N\u00b0 3400 de Lan\u00fas Oeste, se desarrollar\u00e1n <strong>talleres de pintura decorativa\/decoupage y reciclado<\/strong> los martes a las 9; de arte para ni\u00f1os y ni\u00f1as los mi\u00e9rcoles a las 18; de <strong>guitarra<\/strong> los mi\u00e9rcoles a las 18; las <strong>clases de gimnasia<\/strong> durante el jueves 19 y el 26 de febrero a las 10; y de <strong>juegos teatrales<\/strong> el mi\u00e9rcoles 18 y 25 de febrero a las 10:30.<\/p>\n<p>Por \u00faltimo, tambi\u00e9n se brindar\u00e1n actividades en el <strong>NIDO Monte Chingolo<\/strong>, en Pit\u00e1goras N\u00b0 4500, como <strong>clases de recreaci\u00f3n inclusiva<\/strong> los lunes a las 16:30 y de <strong>lectoescritura<\/strong> los lunes a las 17:30.<\/p>\n<p>En el <strong>Centro de Jubilados San Roque<\/strong> en Miguel Can\u00e9 N\u00b0 580 de Lan\u00fas Oeste, se ofrecer\u00e1n un <strong>curso de cocina<\/strong> los jueves a las 10.<\/p>\n<p>Las personas interesadas en obtener <strong>m\u00e1s informaci\u00f3n<\/strong>, pueden ingresar al sitio web\u00a0<a href=\"http:\/\/lanus.gob.ar\/integrar-cultura\">lanus.gob.ar\/integrar-cultura<\/a>\u00a0o contactarse v\u00eda mail a\u00a0<a href=\"mailto:integrarcultura@lanus.gob.ar\">integrarcultura@lanus.gob.ar<\/a>\u00a0o de forma telef\u00f3nica al 4357-5148. <strong>(VW)<\/strong><\/p>\n<p>&nbsp;<\/p>\n","protected":false},"excerpt":{"rendered":"<p>La Comuna inform\u00f3 las diversas actividades gratuitas que ofrece frente a la nueva propuesta de los talleres \u201cIntegrar Cultura Verano 2026\u201d. Comienzan el lunes 2 de febrero y hay que inscribirse ese mismo d\u00eda.&#46;&#46;&#46;<\/p>\n","protected":false},"author":4,"featured_media":20254,"comment_status":"closed","ping_status":"closed","sticky":false,"template":"","format":"standard","meta":{"_monsterinsights_skip_tracking":false,"_monsterinsights_sitenote_active":false,"_monsterinsights_sitenote_note":"","_monsterinsights_sitenote_category":0,"footnotes":""},"categories":[7,8],"tags":[8710,3976,8711],"class_list":["post-20253","post","type-post","status-publish","format-standard","has-post-thumbnail","hentry","category-educacion-y-cultura","category-interes-general","tag-integrar-cultura-verano-2026","tag-lanus-municipio","tag-talleres-y-actividades"],"_links":{"self":[{"href":"https:\/\/www.visionweb.com.ar\/index.php?rest_route=\/wp\/v2\/posts\/20253","targetHints":{"allow":["GET"]}}],"collection":[{"href":"https:\/\/www.visionweb.com.ar\/index.php?rest_route=\/wp\/v2\/posts"}],"about":[{"href":"https:\/\/www.visionweb.com.ar\/index.php?rest_route=\/wp\/v2\/types\/post"}],"author":[{"embeddable":true,"href":"https:\/\/www.visionweb.com.ar\/index.php?rest_route=\/wp\/v2\/users\/4"}],"replies":[{"embeddable":true,"href":"https:\/\/www.visionweb.com.ar\/index.php?rest_route=%2Fwp%2Fv2%2Fcomments&post=20253"}],"version-history":[{"count":1,"href":"https:\/\/www.visionweb.com.ar\/index.php?rest_route=\/wp\/v2\/posts\/20253\/revisions"}],"predecessor-version":[{"id":20255,"href":"https:\/\/www.visionweb.com.ar\/index.php?rest_route=\/wp\/v2\/posts\/20253\/revisions\/20255"}],"wp:featuredmedia":[{"embeddable":true,"href":"https:\/\/www.visionweb.com.ar\/index.php?rest_route=\/wp\/v2\/media\/20254"}],"wp:attachment":[{"href":"https:\/\/www.visionweb.com.ar\/index.php?rest_route=%2Fwp%2Fv2%2Fmedia&parent=20253"}],"wp:term":[{"taxonomy":"category","embeddable":true,"href":"https:\/\/www.visionweb.com.ar\/index.php?rest_route=%2Fwp%2Fv2%2Fcategories&post=20253"},{"taxonomy":"post_tag","embeddable":true,"href":"https:\/\/www.visionweb.com.ar\/index.php?rest_route=%2Fwp%2Fv2%2Ftags&post=20253"}],"curies":[{"name":"wp","href":"https:\/\/api.w.org\/{rel}","templated":true}]}}