{"id":20250,"date":"2026-01-28T08:17:19","date_gmt":"2026-01-28T11:17:19","guid":{"rendered":"https:\/\/www.visionweb.com.ar\/?p=20250"},"modified":"2026-01-28T08:17:19","modified_gmt":"2026-01-28T11:17:19","slug":"del-65-al-70-de-las-rutas-nacionales-se-encuentran-en-estado-lamentable","status":"publish","type":"post","link":"https:\/\/www.visionweb.com.ar\/?p=20250","title":{"rendered":"Del 65% al 70% de las rutas nacionales se encuentran en estado lamentable"},"content":{"rendered":"<p><strong><em>El estudio, presentado en enero de este a\u00f1o, eval\u00faa el estado de las rutas nacionales hasta el 31 de diciembre de 2025, detallando tramos y secciones que presentan condiciones deficientes.<\/em><\/strong><!--more--><\/p>\n<div id=\"attachment_20251\" style=\"width: 310px\" class=\"wp-caption alignright\"><img loading=\"lazy\" decoding=\"async\" aria-describedby=\"caption-attachment-20251\" class=\"wp-image-20251 size-medium\" src=\"https:\/\/www.visionweb.com.ar\/wp-content\/uploads\/2026\/01\/ESTADO-DE-LAS-RUTAS-300x169.png\" alt=\"\" width=\"300\" height=\"169\" srcset=\"https:\/\/www.visionweb.com.ar\/wp-content\/uploads\/2026\/01\/ESTADO-DE-LAS-RUTAS-300x169.png 300w, https:\/\/www.visionweb.com.ar\/wp-content\/uploads\/2026\/01\/ESTADO-DE-LAS-RUTAS.png 640w\" sizes=\"auto, (max-width: 300px) 100vw, 300px\" \/><p id=\"caption-attachment-20251\" class=\"wp-caption-text\"><strong><em>La mayor\u00eda de las rutas nacionales y provinciales se encuentran de regular a mal estado (Imagen; Gentileza FEPEVINA)<\/em><\/strong><\/p><\/div>\n<p>Un informe elaborado por la Federaci\u00f3n del Personal de Vialidad Nacional (FEPEVINA) revel\u00f3 que entre el 65 y el 70% de las rutas nacionales del pa\u00eds se encuentran en estado regular o malo, una situaci\u00f3n que genera un impacto directo en la seguridad vial.<\/p>\n<div class=\"xdj266r x14z9mp xat24cr x1lziwak x1vvkbs x126k92a\">\n<div dir=\"auto\">El trabajo, plantea que durante la gesti\u00f3n de la Libertad Avanza se subejecut\u00f3 el presupuesto para Vialidad en m\u00e1s de un 50 % y un 95 % en las obras de convenios con provincias. Tucum\u00e1n, Buenos Aires, Chaco, Corrientes y Salta, los cinco distritos m\u00e1s afectados. Las rutas m\u00e1s peligrosas para transita<\/div>\n<\/div>\n<div class=\"xdj266r x14z9mp xat24cr x1lziwak x1vvkbs x126k92a\">\n<div dir=\"auto\"><\/div>\n<\/div>\n<div class=\"x14z9mp xat24cr x1lziwak x1vvkbs xtlvy1s x126k92a\">\n<div dir=\"auto\">El estudio, presentado en enero de este a\u00f1o, eval\u00faa el estado de las rutas nacionales hasta el 31 de diciembre de 2025, detallando tramos y secciones que presentan condiciones deficientes. Desde FEPEVINA aclararon que el relevamiento abarc\u00f3 solo el 50% de la Red Vial Nacional, por lo que la situaci\u00f3n real podr\u00eda ser a\u00fan m\u00e1s compleja.<\/div>\n<div dir=\"auto\"><\/div>\n<div dir=\"auto\">El desfinanciamiento de la Direcci\u00f3n Nacional de Vialidad (DNV) y de la Red Vial Nacional<strong>\u00a0impact\u00f3 fuertemente en la seguridad de los argentinos que atraviesan las rutas nacionales y tambi\u00e9n afect\u00f3 la log\u00edstica productiva de cada regi\u00f3n en los primeros dos a\u00f1os de gesti\u00f3n \u201clibertaria\u201d.<\/strong><\/div>\n<\/div>\n<div class=\"x14z9mp xat24cr x1lziwak x1vvkbs xtlvy1s x126k92a\">\n<div dir=\"auto\"><\/div>\n<div dir=\"auto\">En el caso de la provincia del Chaco, el informe se realiz\u00f3 sobre el 74% de las rutas nacionales que atraviesan el territorio. Seg\u00fan los datos, el 51% se encuentra en mal estado, el 23% en estado regular y m\u00e1s del 25% en buen estado, lo que evidencia un escenario preocupante para la circulaci\u00f3n y el transporte en la provincia.<\/div>\n<\/div>\n<div class=\"x14z9mp xat24cr x1lziwak x1vvkbs xtlvy1s x126k92a\">\n<div dir=\"auto\"><\/div>\n<div dir=\"auto\">Cabe destacar que este panorama se da en un contexto donde las rutas nacionales se encuentran en proceso de licitaci\u00f3n para su privatizaci\u00f3n. En Chaco, durante el mes de julio, se llev\u00f3 a cabo una audiencia p\u00fablica por la privatizaci\u00f3n de la Ruta Nacional N\u00b0 16, en el tramo comprendido entre el puente General Belgrano y Avia Terai, y de un sector de la Ruta Nacional N\u00b0 11, hasta el l\u00edmite con la provincia de Santa Fe.<\/div>\n<div dir=\"auto\"><\/div>\n<div dir=\"auto\">\u201cEl deterioro progresivo de la infraestructura vial se produce\u00a0<strong>fundamentalmente ante la falta de ejecuci\u00f3n de obras de construcci\u00f3n<\/strong>, reconstrucci\u00f3n, mitigaci\u00f3n, conservaci\u00f3n y mantenimiento de las rutas en sus calzadas principales, banquinas, m\u00e1rgenes laterales, zonas libres de obst\u00e1culos o zonas despejadas, cunetas de desag\u00fce, se\u00f1alizaciones horizontal y vertical, iluminaci\u00f3n, puentes, entre otros componentes,\u00a0<strong>siendo de esta manera acumulativo y progresivo hasta alcanzar la falla o deformaci\u00f3n parcial y total\u00bb, <\/strong>se\u00f1ala el trabajo del personal de Vialidad<\/div>\n<div dir=\"auto\"><\/div>\n<div dir=\"auto\">Para los trabajadores de FEPEVINA, esta desinversi\u00f3n estatal<strong>\u00a0\u201cforma parte del coctel explosivo de un \u201cajuste brutal y deliberado\u201d.\u00a0<\/strong>\u201cEl Presupuesto 2026 consolida\u00a0<strong>una ca\u00edda real cercana al 75% respecto de 2023, a lo que se suma una subejecuci\u00f3n superior al 50% durante 2024 y 2025\u201d<\/strong>, aseguraron los t\u00e9cnicos del organismo.<\/div>\n<\/div>\n<div dir=\"auto\"><\/div>\n<div dir=\"auto\">Seg\u00fan el informe De los 5600 trabajadores que el organismo estatal ten\u00eda antes de que Javier Milei asumiera en el Poder Ejecutivo,<strong>\u00a0800 ya fueron eyectados y se proyecta la salida de otros 900<\/strong>, entre los que se incluyen agentes t\u00e9cnicos y operativos, incluyendo ingenieros, laboratoristas, top\u00f3grafos, mec\u00e1nicos y maquinistas altamente especializados.<\/div>\n<div dir=\"auto\"><\/div>\n<div dir=\"auto\">Por otra parte crece le reclamo de los gobernadores para que el Estado nacional reimpulse la obra p\u00fablica en los principales corredores nacionales, avalados por los numerosos pedidos de proyectos de Declaraci\u00f3n del Estado de Emergencia Vial en diferentes rutas de la red vial nacional, en diversas provincias del pa\u00eds, <strong>tienen asidero en la estad\u00edstica del primer a\u00f1o de mandato \u201clibertario\u201d.<\/strong>De acuerdo con los n\u00fameros provistos por la organizaci\u00f3n civil Luchemos por la Vida,\u00a0<strong>en 2024<\/strong>\u00a0<strong>hubo 5.908 muertes durante el primer a\u00f1o de mandato \u201clibertario\u201d, con un promedio mensual de 492 decesos y de 16 personas que d\u00eda tras d\u00eda llenan de sangre las rutas argentinas.<\/strong><\/div>\n<div dir=\"auto\">\n<p><strong>La privatizaci\u00f3n de la explotaci\u00f3n de las rutas<\/strong><\/p>\n<p>M\u00e1s all\u00e1 del trabajo elaborado por el personal de Vialidad Nacional, el gobierno nacional oficializ\u00f3 a principios d enero la adjudicaci\u00f3n a empresas privadas de\u00a0 \u00a0la <b>\u00a0administraci\u00f3n y mantenimiento de 741 kil\u00f3metros de rutas correspondientes a los Tramos Oriental y Conexi\u00f3n<\/b>\u00a0de la\u00a0<b>Etapa I de la Red Federal de Concesiones (RFC)<\/b>, un proyecto que busca reconfigurar la infraestructura vial del pa\u00eds bajo un esquema de participaci\u00f3n del sector privado.<\/p>\n<p>La firma del contrato se da en el marco de un plan m\u00e1s amplio que el Gobierno present\u00f3 como la conformaci\u00f3n de una\u00a0<b>Red Federal de Concesiones de m\u00e1s de 9.000 kil\u00f3metros<\/b> de rutas y autopistas, bajo la premisa de reducir costos para el sector productivo y reemplazar un modelo considerado \u201cdeficitario\u201d por uno que, seg\u00fan las autoridades, ser\u00e1 \u201ctransparente\u201d, competitivo y sin subsidios directos del Tesoro.<strong>(NAP\/VW)<\/strong><\/p>\n<p>&nbsp;<\/p>\n<\/div>\n<p>&nbsp;<\/p>\n<p>&nbsp;<\/p>\n","protected":false},"excerpt":{"rendered":"<p>El estudio, presentado en enero de este a\u00f1o, eval\u00faa el estado de las rutas nacionales hasta el 31 de diciembre de 2025, detallando tramos y secciones que presentan condiciones deficientes.<\/p>\n","protected":false},"author":3,"featured_media":20251,"comment_status":"closed","ping_status":"closed","sticky":false,"template":"","format":"standard","meta":{"_monsterinsights_skip_tracking":false,"_monsterinsights_sitenote_active":false,"_monsterinsights_sitenote_note":"","_monsterinsights_sitenote_category":0,"footnotes":""},"categories":[8],"tags":[3765,5428,1682,1041,1042],"class_list":["post-20250","post","type-post","status-publish","format-standard","has-post-thumbnail","hentry","category-interes-general","tag-estado","tag-federacion","tag-personal","tag-rutas","tag-vialidad"],"_links":{"self":[{"href":"https:\/\/www.visionweb.com.ar\/index.php?rest_route=\/wp\/v2\/posts\/20250","targetHints":{"allow":["GET"]}}],"collection":[{"href":"https:\/\/www.visionweb.com.ar\/index.php?rest_route=\/wp\/v2\/posts"}],"about":[{"href":"https:\/\/www.visionweb.com.ar\/index.php?rest_route=\/wp\/v2\/types\/post"}],"author":[{"embeddable":true,"href":"https:\/\/www.visionweb.com.ar\/index.php?rest_route=\/wp\/v2\/users\/3"}],"replies":[{"embeddable":true,"href":"https:\/\/www.visionweb.com.ar\/index.php?rest_route=%2Fwp%2Fv2%2Fcomments&post=20250"}],"version-history":[{"count":1,"href":"https:\/\/www.visionweb.com.ar\/index.php?rest_route=\/wp\/v2\/posts\/20250\/revisions"}],"predecessor-version":[{"id":20252,"href":"https:\/\/www.visionweb.com.ar\/index.php?rest_route=\/wp\/v2\/posts\/20250\/revisions\/20252"}],"wp:featuredmedia":[{"embeddable":true,"href":"https:\/\/www.visionweb.com.ar\/index.php?rest_route=\/wp\/v2\/media\/20251"}],"wp:attachment":[{"href":"https:\/\/www.visionweb.com.ar\/index.php?rest_route=%2Fwp%2Fv2%2Fmedia&parent=20250"}],"wp:term":[{"taxonomy":"category","embeddable":true,"href":"https:\/\/www.visionweb.com.ar\/index.php?rest_route=%2Fwp%2Fv2%2Fcategories&post=20250"},{"taxonomy":"post_tag","embeddable":true,"href":"https:\/\/www.visionweb.com.ar\/index.php?rest_route=%2Fwp%2Fv2%2Ftags&post=20250"}],"curies":[{"name":"wp","href":"https:\/\/api.w.org\/{rel}","templated":true}]}}