{"id":20247,"date":"2026-01-27T10:33:23","date_gmt":"2026-01-27T13:33:23","guid":{"rendered":"https:\/\/www.visionweb.com.ar\/?p=20247"},"modified":"2026-01-27T10:33:23","modified_gmt":"2026-01-27T13:33:23","slug":"oficial-los-proximos-feriados-de-carnaval-confirmados","status":"publish","type":"post","link":"https:\/\/www.visionweb.com.ar\/?p=20247","title":{"rendered":"Oficial: Los pr\u00f3ximos feriados de Carnaval confirmados"},"content":{"rendered":"<p><em><strong>Las fechas de Carnaval son el lunes 16 y martes 17 de febrero y tienen estatus de feriados inamovibles.\u00a0Lo mismo ocurre para el 24 de marzo y para la Semana Santa en abril.<\/strong><\/em><!--more--><\/p>\n<p><strong><img loading=\"lazy\" decoding=\"async\" class=\"size-medium wp-image-20248 alignleft\" src=\"https:\/\/www.visionweb.com.ar\/wp-content\/uploads\/2026\/01\/feriado-carnaval-300x221.png\" alt=\"\" width=\"300\" height=\"221\" srcset=\"https:\/\/www.visionweb.com.ar\/wp-content\/uploads\/2026\/01\/feriado-carnaval-300x221.png 300w, https:\/\/www.visionweb.com.ar\/wp-content\/uploads\/2026\/01\/feriado-carnaval.png 573w\" sizes=\"auto, (max-width: 300px) 100vw, 300px\" \/>\u00a0\u00a0\u00a0\u00a0 E<\/strong>l Gobierno nacional, a trav\u00e9s del calendario oficial del Ministerio del Interior, confirm\u00f3\u00a0<strong>que las fechas de Carnaval son el lunes 16 y martes 17 de febrero y tienen estatus de feriados inamovibles,<\/strong> seg\u00fan lo establecido.<strong>\u00a0<\/strong><\/p>\n<p>Esto significa que no se trata de simples d\u00edas no laborables -donde el empleador decide si se trabaja-, sino de <strong>feriados nacionales con los mismos alcances legales que fechas patrias como el 25 de mayo o el 9 de julio<\/strong>.<\/p>\n<p>Por lo tanto, para la mayor\u00eda de los trabajadores regir\u00e1 el descanso obligatorio y,\u00a0<strong>en caso de tener que prestar servicios, se deber\u00e1 abonar la jornada doble<\/strong>, tal como establece la Ley de Contrato de Trabajo.<\/p>\n<p><strong>Un fin de semana XXL de cuatro d\u00edas <\/strong>con el cronograma conformado de la siguiente manera:<\/p>\n<ul>\n<li>S\u00e1bado 14 de febrero<\/li>\n<li>Domingo 15 de febrero<\/li>\n<li>Lunes 16 de febrero (Feriado inamovible de Carnaval)<\/li>\n<li>Martes 17 de febrero (Feriado inamovible de Carnaval)<\/li>\n<\/ul>\n<p><strong>Las siguientes fechas inmediatas:<\/strong><\/p>\n<p>Luego del Carnaval, el calendario oficial marca los d\u00edas feriados inamovibles, con excepci\u00f3n del 23 de marzo que es tur\u00edstico.<\/p>\n<ul>\n<li>23 de marzo: Feriado tur\u00edstico.<\/li>\n<li>24 de marzo: D\u00eda Nacional de la Memoria por la Verdad y la Justicia (Inamovible).<\/li>\n<li>2 de abril: D\u00eda del Veterano y de los Ca\u00eddos en la Guerra de Malvinas (Inamovible).<\/li>\n<li>3 de abril: Viernes Santo (Feriado inamovible).<\/li>\n<\/ul>\n<p>Cabe recordar que el<strong>\u00a0Jueves Santo (2 de abril, coincidente este a\u00f1o con Malvinas) es considerado d\u00eda no laborable,<\/strong>\u00a0al igual que las festividades religiosas de la comunidad jud\u00eda (Pascuas) y musulmana (Fiesta de la Ruptura del Ayuno) que caen en fechas espec\u00edficas detalladas en el calendario oficial. <strong>(VW)<\/strong><\/p>\n","protected":false},"excerpt":{"rendered":"<p>Las fechas de Carnaval son el lunes 16 y martes 17 de febrero y tienen estatus de feriados inamovibles.\u00a0Lo mismo ocurre para el 24 de marzo y para la Semana Santa en abril.<\/p>\n","protected":false},"author":4,"featured_media":20248,"comment_status":"closed","ping_status":"closed","sticky":false,"template":"","format":"standard","meta":{"_monsterinsights_skip_tracking":false,"_monsterinsights_sitenote_active":false,"_monsterinsights_sitenote_note":"","_monsterinsights_sitenote_category":0,"footnotes":""},"categories":[8,700],"tags":[8709,4009,1376,2071],"class_list":["post-20247","post","type-post","status-publish","format-standard","has-post-thumbnail","hentry","category-interes-general","category-turismo","tag-calendario-oficial","tag-carnavales","tag-feriados","tag-semana-santa"],"_links":{"self":[{"href":"https:\/\/www.visionweb.com.ar\/index.php?rest_route=\/wp\/v2\/posts\/20247","targetHints":{"allow":["GET"]}}],"collection":[{"href":"https:\/\/www.visionweb.com.ar\/index.php?rest_route=\/wp\/v2\/posts"}],"about":[{"href":"https:\/\/www.visionweb.com.ar\/index.php?rest_route=\/wp\/v2\/types\/post"}],"author":[{"embeddable":true,"href":"https:\/\/www.visionweb.com.ar\/index.php?rest_route=\/wp\/v2\/users\/4"}],"replies":[{"embeddable":true,"href":"https:\/\/www.visionweb.com.ar\/index.php?rest_route=%2Fwp%2Fv2%2Fcomments&post=20247"}],"version-history":[{"count":1,"href":"https:\/\/www.visionweb.com.ar\/index.php?rest_route=\/wp\/v2\/posts\/20247\/revisions"}],"predecessor-version":[{"id":20249,"href":"https:\/\/www.visionweb.com.ar\/index.php?rest_route=\/wp\/v2\/posts\/20247\/revisions\/20249"}],"wp:featuredmedia":[{"embeddable":true,"href":"https:\/\/www.visionweb.com.ar\/index.php?rest_route=\/wp\/v2\/media\/20248"}],"wp:attachment":[{"href":"https:\/\/www.visionweb.com.ar\/index.php?rest_route=%2Fwp%2Fv2%2Fmedia&parent=20247"}],"wp:term":[{"taxonomy":"category","embeddable":true,"href":"https:\/\/www.visionweb.com.ar\/index.php?rest_route=%2Fwp%2Fv2%2Fcategories&post=20247"},{"taxonomy":"post_tag","embeddable":true,"href":"https:\/\/www.visionweb.com.ar\/index.php?rest_route=%2Fwp%2Fv2%2Ftags&post=20247"}],"curies":[{"name":"wp","href":"https:\/\/api.w.org\/{rel}","templated":true}]}}