{"id":20244,"date":"2026-01-27T09:50:18","date_gmt":"2026-01-27T12:50:18","guid":{"rendered":"https:\/\/www.visionweb.com.ar\/?p=20244"},"modified":"2026-01-27T09:50:18","modified_gmt":"2026-01-27T12:50:18","slug":"el-cpq-denuncia-negligencia-incumplimiento-de-la-ley-y-falta-de-controles-frente-a-los-recurrentes-incendios-en-la-provincia","status":"publish","type":"post","link":"https:\/\/www.visionweb.com.ar\/?p=20244","title":{"rendered":"El CPQ denuncia negligencia, incumplimiento de la ley y falta de controles frente a los recurrentes incendios en la provincia"},"content":{"rendered":"<p><em><strong>El Consejo Profesional de Qu\u00edmica advirti\u00f3 la falta de una pol\u00edtica preventiva sostenida, y reiter\u00f3 su disposici\u00f3n para colaborar con los distintos niveles del Estado, con asesoramiento especializado para formaci\u00f3n profesional y fortalecer la prevenci\u00f3n y la seguridad en los procesos productivos e industriales. Pero sin respuestas a\u00fan.<\/strong><\/em><!--more--><\/p>\n<div id=\"attachment_20245\" style=\"width: 310px\" class=\"wp-caption alignright\"><img loading=\"lazy\" decoding=\"async\" aria-describedby=\"caption-attachment-20245\" class=\"wp-image-20245 size-medium\" src=\"https:\/\/www.visionweb.com.ar\/wp-content\/uploads\/2026\/01\/incendios-provincia-cpq-300x172.jpg\" alt=\"\" width=\"300\" height=\"172\" srcset=\"https:\/\/www.visionweb.com.ar\/wp-content\/uploads\/2026\/01\/incendios-provincia-cpq-300x172.jpg 300w, https:\/\/www.visionweb.com.ar\/wp-content\/uploads\/2026\/01\/incendios-provincia-cpq.jpg 600w\" sizes=\"auto, (max-width: 300px) 100vw, 300px\" \/><p id=\"caption-attachment-20245\" class=\"wp-caption-text\">Foto Prensa CPQ<\/p><\/div>\n<p><strong>\u00a0 \u00a0 \u00a0E<\/strong>l <strong>Consejo Profesional de Qu\u00edmica de la Provincia de Buenos Aires (CPQ)<\/strong> expres\u00f3 su profunda preocupaci\u00f3n ante la reiteraci\u00f3n de incendios y accidentes de gravedad ocurridos en distintos puntos del territorio bonaerense, hechos que ponen en serio riesgo la vida de las personas, el ambiente y los bienes materiales de las comunidades afectadas.<\/p>\n<p>Desde la instituci\u00f3n advirtieron que los <strong>recientes incendios registrados<\/strong> en un <strong>dep\u00f3sito de chatarra<\/strong> en la localidad de <strong>Campana<\/strong> y en una <strong>obra en construcci\u00f3n<\/strong> en la ciudad de <strong>La Plata<\/strong> (donde ardieron ba\u00f1os qu\u00edmicos) \u201cvuelven a encender una <strong>se\u00f1al de alarma que no puede ser deso\u00edda<\/strong>\u201d, conforme indic\u00f3 Prensa del CPQ PBA.<\/p>\n<p>En esta l\u00ednea, desde la entidad aseguraron que estos episodios se suman a un <strong>extenso listado de siniestros<\/strong> de similar o mayor magnitud, como el ocurrido en el Polo Industrial de Ezeiza el pasado 14 de noviembre, que \u201cevidencian un <strong>patr\u00f3n preocupante vinculado al manejo inadecuado de materiales, sustancias qu\u00edmicas y residuos peligrosos<\/strong>\u201d, se expres\u00f3 en un comunicado.<\/p>\n<p>Desde el CPQ se\u00f1alaron que \u201cel origen de estos hechos se encuentra en <strong>pr\u00e1cticas negligentes<\/strong>, el <strong>incumplimiento de las normativas vigentes<\/strong> y la <strong>ausencia<\/strong> \u2014o debilidad\u2014 <strong>de controles<\/strong> y exigencias por parte de los organismos estatales competentes\u201d. As\u00ed, expresaron que \u201cla <strong>falta de una pol\u00edtica preventiva sostenida <\/strong>y de una fiscalizaci\u00f3n efectiva expone de manera permanente a trabajadores, vecinos y al ambiente\u201d.<\/p>\n<p>Por su parte, el <strong>presidente<\/strong> del Consejo Profesional de Qu\u00edmica de la Provincia de Buenos Aires, <strong>Dr. Carlos Col\u00e1ngelo<\/strong>, record\u00f3 que \u201ca ra\u00edz de lo sucedido en Ezeiza, desde la instituci\u00f3n se busc\u00f3 establecer contacto para <strong>ofrecer capacitaci\u00f3n a los agentes municipales en el manejo seguro de sustancias qu\u00edmicas y residuos peligrosos, sin haber tenido respuesta alguna<\/strong>\u201d. Al respecto, subray\u00f3 que \u201c<strong>la capacitaci\u00f3n t\u00e9cnica y profesional constituye una herramienta clave para la prevenci\u00f3n de siniestros y la correcta gesti\u00f3n del riesgo qu\u00edmico<\/strong>\u201d.<\/p>\n<p>Asimismo, Col\u00e1ngelo advirti\u00f3 que \u201ca pesar de la recurrencia de estos episodios, no podemos dejar de sorprendernos ante los altos grados de tolerancia a la negligencia y al accionar por fuera de la Ley\u201d. Y agreg\u00f3: \u201cNo podemos obviar la falta de capacitaci\u00f3n imperante en la gran mayor\u00eda de los agentes municipales, ni tampoco la <strong>gran cantidad de personal que realiza tareas vinculadas al manejo de sustancias qu\u00edmicas sin contar con la idoneidad ni la matriculaci\u00f3n obligatoria<\/strong>\u201d.<\/p>\n<p>Desde el Consejo tambi\u00e9n recordaron que <strong>se han acercado propuestas de trabajo conjunto a m\u00e1s de 70 municipios de la provincia, con el objetivo de prevenir este tipo de acontecimientos, sin haber obtenido respuesta hasta el momento<\/strong>.<\/p>\n<p>Frente a este escenario, el Consejo Profesional de Qu\u00edmica de la Provincia de Buenos Aires reiter\u00f3 <strong>su plena disposici\u00f3n para colaborar<\/strong> con los distintos niveles del Estado, aportando conocimiento t\u00e9cnico, formaci\u00f3n profesional y asesoramiento especializado, con el fin de <strong>fortalecer la prevenci\u00f3n, el control y la seguridad en los procesos<\/strong> productivos e industriales.<\/p>\n<p>Finalmente, la entidad realiz\u00f3 un <strong>llamado urgente a las autoridades<\/strong> competentes para que <strong>refuercen los mecanismos de control, promuevan la capacitaci\u00f3n continua y garanticen el cumplimiento estricto de las normativas de seguridad e higiene<\/strong>, a fin de evitar la repetici\u00f3n de estos hechos y prevenir consecuencias a\u00fan m\u00e1s graves. <strong>(VW)<\/strong><\/p>\n","protected":false},"excerpt":{"rendered":"<p>El Consejo Profesional de Qu\u00edmica advirti\u00f3 la falta de una pol\u00edtica preventiva sostenida, y reiter\u00f3 su disposici\u00f3n para colaborar con los distintos niveles del Estado, con asesoramiento especializado para formaci\u00f3n profesional y fortalecer la&#46;&#46;&#46;<\/p>\n","protected":false},"author":4,"featured_media":20245,"comment_status":"closed","ping_status":"closed","sticky":false,"template":"","format":"standard","meta":{"_monsterinsights_skip_tracking":false,"_monsterinsights_sitenote_active":false,"_monsterinsights_sitenote_note":"","_monsterinsights_sitenote_category":0,"footnotes":""},"categories":[8],"tags":[591,8206,8384,3068,356,8708],"class_list":["post-20244","post","type-post","status-publish","format-standard","has-post-thumbnail","hentry","category-interes-general","tag-comunicado","tag-cpq","tag-dr-carlos-colangelo","tag-prevencion","tag-provincia","tag-reiterados-incendios"],"_links":{"self":[{"href":"https:\/\/www.visionweb.com.ar\/index.php?rest_route=\/wp\/v2\/posts\/20244","targetHints":{"allow":["GET"]}}],"collection":[{"href":"https:\/\/www.visionweb.com.ar\/index.php?rest_route=\/wp\/v2\/posts"}],"about":[{"href":"https:\/\/www.visionweb.com.ar\/index.php?rest_route=\/wp\/v2\/types\/post"}],"author":[{"embeddable":true,"href":"https:\/\/www.visionweb.com.ar\/index.php?rest_route=\/wp\/v2\/users\/4"}],"replies":[{"embeddable":true,"href":"https:\/\/www.visionweb.com.ar\/index.php?rest_route=%2Fwp%2Fv2%2Fcomments&post=20244"}],"version-history":[{"count":1,"href":"https:\/\/www.visionweb.com.ar\/index.php?rest_route=\/wp\/v2\/posts\/20244\/revisions"}],"predecessor-version":[{"id":20246,"href":"https:\/\/www.visionweb.com.ar\/index.php?rest_route=\/wp\/v2\/posts\/20244\/revisions\/20246"}],"wp:featuredmedia":[{"embeddable":true,"href":"https:\/\/www.visionweb.com.ar\/index.php?rest_route=\/wp\/v2\/media\/20245"}],"wp:attachment":[{"href":"https:\/\/www.visionweb.com.ar\/index.php?rest_route=%2Fwp%2Fv2%2Fmedia&parent=20244"}],"wp:term":[{"taxonomy":"category","embeddable":true,"href":"https:\/\/www.visionweb.com.ar\/index.php?rest_route=%2Fwp%2Fv2%2Fcategories&post=20244"},{"taxonomy":"post_tag","embeddable":true,"href":"https:\/\/www.visionweb.com.ar\/index.php?rest_route=%2Fwp%2Fv2%2Ftags&post=20244"}],"curies":[{"name":"wp","href":"https:\/\/api.w.org\/{rel}","templated":true}]}}