{"id":20242,"date":"2026-01-27T08:08:06","date_gmt":"2026-01-27T11:08:06","guid":{"rendered":"https:\/\/www.visionweb.com.ar\/?p=20242"},"modified":"2026-01-27T08:08:06","modified_gmt":"2026-01-27T11:08:06","slug":"diputados-el-gobierno-incluye-la-ley-penal-juvenil-para-el-debate-en-extraordinarias","status":"publish","type":"post","link":"https:\/\/www.visionweb.com.ar\/?p=20242","title":{"rendered":"Diputados: El gobierno incluye la Ley Penal Juvenil para el debate en \u00abExtraordinarias\u00bb"},"content":{"rendered":"<p><em><strong>El temario de las sesiones extraordinarias incluir\u00e1 otros proyectos clave para la gesti\u00f3n Milei, como la reforma laboral y la aprobaci\u00f3n del acuerdo Mercosur-Uni\u00f3n Europea.<\/strong><\/em><!--more--><\/p>\n<p><img loading=\"lazy\" decoding=\"async\" class=\"size-medium wp-image-9267 alignright\" src=\"https:\/\/www.visionweb.com.ar\/wp-content\/uploads\/2023\/01\/Sesiones-congreso-ene2023-300x171.jpg\" alt=\"\" width=\"300\" height=\"171\" srcset=\"https:\/\/www.visionweb.com.ar\/wp-content\/uploads\/2023\/01\/Sesiones-congreso-ene2023-300x171.jpg 300w, https:\/\/www.visionweb.com.ar\/wp-content\/uploads\/2023\/01\/Sesiones-congreso-ene2023.bmp 441w\" sizes=\"auto, (max-width: 300px) 100vw, 300px\" \/>El Gobierno ampli\u00f3 formalmente el temario de las Sesiones Extraordinarias del Congreso de la Naci\u00f3n e incorpor\u00f3 el tratamiento de <strong>los proyectos vinculados al R\u00e9gimen Penal Juvenil<\/strong>, una iniciativa sensible que vuelve a escena en el plano parlamentario. La medida fue oficializada este martes mediante <strong>el Decreto 53\/2026, publicado en el Bolet\u00edn Oficial.<\/strong><\/p>\n<p>Seg\u00fan establece el texto, el Poder Ejecutivo resolvi\u00f3 incluir esta discusi\u00f3n dentro del per\u00edodo de sesiones extraordinarias convocadas a partir del\u00a0<strong data-start=\"1156\" data-end=\"1180\">2 de febrer<\/strong><strong data-start=\"1156\" data-end=\"1180\">o de 2026.\u00a0<\/strong>La decisi\u00f3n se adopt\u00f3 este\u00a0 lunes\u00a0durante una reuni\u00f3n de la\u00a0<strong>mesa pol\u00edtica del Gobierno en la Casa Rosada.<\/strong><\/p>\n<p><strong>El temario<\/strong><\/p>\n<p>La ampliaci\u00f3n del temario se conoci\u00f3 luego de una reuni\u00f3n de <strong>la mesa pol\u00edtica\u00a0 oficialista en Casa Rosada<\/strong>, donde se ajust\u00f3 la estrategia legislativa de cara al inicio de las extraordinarias. All\u00ed, el Gobierno evalu\u00f3 el escenario parlamentario y el conteo de votos para las iniciativas que considera prioritarias.<\/p>\n<p>A trav\u00e9s de su cuenta en la red social X, el vocero presidencial y jefe de Gabinete, Manuel Adorni, confirm\u00f3 la decisi\u00f3n: \u201cLa Ley Penal Juvenil tambi\u00e9n formar\u00e1 parte del temario de las sesiones extraordinarias\u201d, escribi\u00f3 tras el encuentro.<\/p>\n<p>Hasta el momento, la agenda de extraordinarias incluye proyectos como la\u00a0<strong data-start=\"2231\" data-end=\"2250\">reforma laboral<\/strong>, la discusi\u00f3n sobre la\u00a0<strong data-start=\"2274\" data-end=\"2294\">Ley de Glaciares<\/strong>, el acuerdo\u00a0<strong data-start=\"2307\" data-end=\"2333\">Mercosur\u2013Uni\u00f3n Europea<\/strong>\u00a0y la designaci\u00f3n del diputado del PRO\u00a0<strong data-start=\"2372\" data-end=\"2393\">Fernando Iglesias<\/strong>\u00a0como embajador extraordinario y plenipotenciario, conforme a la\u00a0<strong data-start=\"2458\" data-end=\"2510\">Ley del Servicio Exterior de la Naci\u00f3n N\u00b0 20.957<\/strong>. En el oficialismo no descartan sumar nuevos temas en los pr\u00f3ximos d\u00edas.<strong>(VW)<\/strong><\/p>\n","protected":false},"excerpt":{"rendered":"<p>El temario de las sesiones extraordinarias incluir\u00e1 otros proyectos clave para la gesti\u00f3n Milei, como la reforma laboral y la aprobaci\u00f3n del acuerdo Mercosur-Uni\u00f3n Europea.<\/p>\n","protected":false},"author":3,"featured_media":9267,"comment_status":"closed","ping_status":"closed","sticky":false,"template":"","format":"standard","meta":{"_monsterinsights_skip_tracking":false,"_monsterinsights_sitenote_active":false,"_monsterinsights_sitenote_note":"","_monsterinsights_sitenote_category":0,"footnotes":""},"categories":[4],"tags":[],"class_list":["post-20242","post","type-post","status-publish","format-standard","has-post-thumbnail","hentry","category-politica"],"_links":{"self":[{"href":"https:\/\/www.visionweb.com.ar\/index.php?rest_route=\/wp\/v2\/posts\/20242","targetHints":{"allow":["GET"]}}],"collection":[{"href":"https:\/\/www.visionweb.com.ar\/index.php?rest_route=\/wp\/v2\/posts"}],"about":[{"href":"https:\/\/www.visionweb.com.ar\/index.php?rest_route=\/wp\/v2\/types\/post"}],"author":[{"embeddable":true,"href":"https:\/\/www.visionweb.com.ar\/index.php?rest_route=\/wp\/v2\/users\/3"}],"replies":[{"embeddable":true,"href":"https:\/\/www.visionweb.com.ar\/index.php?rest_route=%2Fwp%2Fv2%2Fcomments&post=20242"}],"version-history":[{"count":1,"href":"https:\/\/www.visionweb.com.ar\/index.php?rest_route=\/wp\/v2\/posts\/20242\/revisions"}],"predecessor-version":[{"id":20243,"href":"https:\/\/www.visionweb.com.ar\/index.php?rest_route=\/wp\/v2\/posts\/20242\/revisions\/20243"}],"wp:featuredmedia":[{"embeddable":true,"href":"https:\/\/www.visionweb.com.ar\/index.php?rest_route=\/wp\/v2\/media\/9267"}],"wp:attachment":[{"href":"https:\/\/www.visionweb.com.ar\/index.php?rest_route=%2Fwp%2Fv2%2Fmedia&parent=20242"}],"wp:term":[{"taxonomy":"category","embeddable":true,"href":"https:\/\/www.visionweb.com.ar\/index.php?rest_route=%2Fwp%2Fv2%2Fcategories&post=20242"},{"taxonomy":"post_tag","embeddable":true,"href":"https:\/\/www.visionweb.com.ar\/index.php?rest_route=%2Fwp%2Fv2%2Ftags&post=20242"}],"curies":[{"name":"wp","href":"https:\/\/api.w.org\/{rel}","templated":true}]}}