{"id":20234,"date":"2026-01-26T14:46:05","date_gmt":"2026-01-26T17:46:05","guid":{"rendered":"https:\/\/www.visionweb.com.ar\/?p=20234"},"modified":"2026-01-26T14:46:05","modified_gmt":"2026-01-26T17:46:05","slug":"kicillof-ya-trabaja-para-la-interna-del-pj-bonaerense","status":"publish","type":"post","link":"https:\/\/www.visionweb.com.ar\/?p=20234","title":{"rendered":"Kicillof ya trabaja para la interna del PJ bonaerense"},"content":{"rendered":"<p><strong><em>Se reuni\u00f3 en Castelli con referentes de Chascomus y tres de sus ministros. UNo de los ejes del encuentro fue comenzar a trabajar en el armado de listas para el 15 de marzo.<\/em><\/strong> <!--more--><\/p>\n<p><img loading=\"lazy\" decoding=\"async\" class=\"size-medium wp-image-20235 alignleft\" src=\"https:\/\/www.visionweb.com.ar\/wp-content\/uploads\/2026\/01\/PJ-BONAERENSE-300x167.png\" alt=\"\" width=\"300\" height=\"167\" srcset=\"https:\/\/www.visionweb.com.ar\/wp-content\/uploads\/2026\/01\/PJ-BONAERENSE-300x167.png 300w, https:\/\/www.visionweb.com.ar\/wp-content\/uploads\/2026\/01\/PJ-BONAERENSE.png 640w\" sizes=\"auto, (max-width: 300px) 100vw, 300px\" \/>El Movimiento <strong>Derecho al Futuro de la quinta secci\u00f3n electoral,<\/strong> este domingo, mantuvo una reuni\u00f3n en la ciudad de Castelli, encabezada por el gobernador bonaerense, Axel Kicillof, junto a los ministros Carlos Bianco, Gabriel Katopodis y Javier Rodr\u00edguez.<\/p>\n<p>Adem\u00e1s, concurri\u00f3 el senador provincial Jorge Paredi, y los intendentes Walter Wischnivetzky (Mar Chiquita), Sebasti\u00e1n Walker (Pila), Caros Rocha (General Guido), H\u00e9ctor Olivera (Tordillo) y Juan Manuel Alvarez (General Paz) adem\u00e1s del anfitri\u00f3n Francisco Echarren.<\/p>\n<p>Adem\u00e1s se sumaron a la partida dirigentes de otros distritos, como los casos de los concejales de Lezama Lorena Silva y Mart\u00edn Pisani, o el funcionario chascomunense del Ministerio de Asuntos Agrarios, Alfredo \u201cCacho\u201d Asteasuain, adem\u00e1s de la edil \u00abMaru\u00bb Ludue\u00f1a, el tambi\u00e9n concejal Mart\u00edn Torres y Gabriel Macchi.<\/p>\n<p><strong>La agenda<\/strong><\/p>\n<p>En el encuero, los popes de una rama del peronismo bonaerense analizaron diferents aspoectos de la interna y entre ellos, la necesidad de sumar avales y armar lasa listas de cada uno de los distritos\u00a0 protagonistas, para enfrentar las elecciones del pr\u00f3ximo 15 de marzo, en caso de que sea inev itabl\u00f1e llegar a una lista \u00fanica.<\/p>\n<p>Si bien todas las voces remarcaron la necesidad de alcanzar un consenso, lo cierto es que ning\u00fan escenario es descartado, y en ese marco \u2013indicaron quienes dialogaron con Zeta Noticias\u2013 cada distrito tratar\u00e1 de activar \u201cpor las dudas\u201ddel 15 de marzo en el Partido Justicialista bonaerense sea inevitable\u00bb,aseguraron desde las huestes justicialistas.<\/p>\n<p><em>\u201cOtro de los temas de conversaci\u00f3n fue el de avanzar en la unificaci\u00f3n del Movimiento Derecho al Futuro en aquellos distritos donde hay m\u00e1s de una referencia\u201d<\/em>, indic\u00f3 la fuente, que adem\u00e1s resalt\u00f3 que los ministros del gobernador Kicillof adelantaron que se trabaja activamente en La Plata, en un lanzamiento del MDF a nivel nacional.<\/p>\n<p>En sus redes sociales, el ministro Katopodis public\u00f3 que \u201cel peronismo tiene que empezar a contar lo que quiere para la Argentina a los que trabajan, a los que producen y a los que no llegan a fin de mes. Para esa mayor\u00eda hay que construir una alternativa y otro futuro que nos incluya a todos y a todas\u201d<strong>(VW)<\/strong>.<\/p>\n","protected":false},"excerpt":{"rendered":"<p>Se reuni\u00f3 en Castelli con referentes de Chascomus y tres de sus ministros. UNo de los ejes del encuentro fue comenzar a trabajar en el armado de listas para el 15 de marzo.<\/p>\n","protected":false},"author":3,"featured_media":20235,"comment_status":"closed","ping_status":"closed","sticky":false,"template":"","format":"standard","meta":{"_monsterinsights_skip_tracking":false,"_monsterinsights_sitenote_active":false,"_monsterinsights_sitenote_note":"","_monsterinsights_sitenote_category":0,"footnotes":""},"categories":[4],"tags":[511,8707,2114,490],"class_list":["post-20234","post","type-post","status-publish","format-standard","has-post-thumbnail","hentry","category-politica","tag-bonaerense","tag-castelli","tag-interna","tag-pj"],"_links":{"self":[{"href":"https:\/\/www.visionweb.com.ar\/index.php?rest_route=\/wp\/v2\/posts\/20234","targetHints":{"allow":["GET"]}}],"collection":[{"href":"https:\/\/www.visionweb.com.ar\/index.php?rest_route=\/wp\/v2\/posts"}],"about":[{"href":"https:\/\/www.visionweb.com.ar\/index.php?rest_route=\/wp\/v2\/types\/post"}],"author":[{"embeddable":true,"href":"https:\/\/www.visionweb.com.ar\/index.php?rest_route=\/wp\/v2\/users\/3"}],"replies":[{"embeddable":true,"href":"https:\/\/www.visionweb.com.ar\/index.php?rest_route=%2Fwp%2Fv2%2Fcomments&post=20234"}],"version-history":[{"count":1,"href":"https:\/\/www.visionweb.com.ar\/index.php?rest_route=\/wp\/v2\/posts\/20234\/revisions"}],"predecessor-version":[{"id":20236,"href":"https:\/\/www.visionweb.com.ar\/index.php?rest_route=\/wp\/v2\/posts\/20234\/revisions\/20236"}],"wp:featuredmedia":[{"embeddable":true,"href":"https:\/\/www.visionweb.com.ar\/index.php?rest_route=\/wp\/v2\/media\/20235"}],"wp:attachment":[{"href":"https:\/\/www.visionweb.com.ar\/index.php?rest_route=%2Fwp%2Fv2%2Fmedia&parent=20234"}],"wp:term":[{"taxonomy":"category","embeddable":true,"href":"https:\/\/www.visionweb.com.ar\/index.php?rest_route=%2Fwp%2Fv2%2Fcategories&post=20234"},{"taxonomy":"post_tag","embeddable":true,"href":"https:\/\/www.visionweb.com.ar\/index.php?rest_route=%2Fwp%2Fv2%2Ftags&post=20234"}],"curies":[{"name":"wp","href":"https:\/\/api.w.org\/{rel}","templated":true}]}}