{"id":20232,"date":"2026-01-26T10:51:09","date_gmt":"2026-01-26T13:51:09","guid":{"rendered":"https:\/\/www.visionweb.com.ar\/?p=20232"},"modified":"2026-01-26T10:51:09","modified_gmt":"2026-01-26T13:51:09","slug":"a-29-anos-de-la-muerte-de-jose-luis-cabezas-el-crimen-que-sacudio-a-la-argentina","status":"publish","type":"post","link":"https:\/\/www.visionweb.com.ar\/?p=20232","title":{"rendered":"A 29 a\u00f1os de la muerte de Jos\u00e9 Luis Cabezas: El crimen que sacudi\u00f3 a la Argentina"},"content":{"rendered":"<p><em><strong>El asesinato del reportero gr\u00e1fico Jos\u00e9 Luis Cabezas ocurrido el 25 de enero de 1997 en Pinamar, marc\u00f3 un punto de quiebre en la libertad de prensa en la Argentina y dej\u00f3 una huella imborrable en el periodismo.<\/strong><\/em><!--more--><\/p>\n<p><strong>\u00a0 <img loading=\"lazy\" decoding=\"async\" class=\"size-medium wp-image-13427 alignleft\" src=\"https:\/\/www.visionweb.com.ar\/wp-content\/uploads\/2024\/01\/Aniversario-Cabezas-300x211.png\" alt=\"\" width=\"300\" height=\"211\" srcset=\"https:\/\/www.visionweb.com.ar\/wp-content\/uploads\/2024\/01\/Aniversario-Cabezas-300x211.png 300w, https:\/\/www.visionweb.com.ar\/wp-content\/uploads\/2024\/01\/Aniversario-Cabezas.png 427w\" sizes=\"auto, (max-width: 300px) 100vw, 300px\" \/>\u00a0 \u00a0 \u00a0 \u00a0 \u00a0 \u00a0 \u00a0 \u00a0 \u00a0A<\/strong> 29 a\u00f1os de la muerte de\u00a0<strong>Jos\u00e9 Luis Cabezas,<\/strong>\u00a0el crimen ocurrido el 25 de enero de 1997 sigue siendo uno de los hechos m\u00e1s impactantes de la historia democr\u00e1tica argentina. Un grupo de represores secuestr\u00f3, asesin\u00f3 y calcin\u00f3 al reportero gr\u00e1fico en General Madariaga, en un ataque que dej\u00f3 al descubierto la trama entre poder pol\u00edtico, empresarios y sectores delictivos.<\/p>\n<p><strong>Cabezas <\/strong>trabajaba para la <strong>Revista Noticias y logr\u00f3 fotografiar<\/strong> al empresario\u00a0<strong>Alfredo Yabr\u00e1n<\/strong>, hasta entonces una figura pr\u00e1cticamente desconocida para la opini\u00f3n p\u00fablica. Esa imagen rompi\u00f3 el cerco de silencio que lo rodeaba y se convirti\u00f3 en un s\u00edmbolo del periodismo de investigaci\u00f3n. Con el tiempo, <strong>la Justicia consider\u00f3 ese trabajo como uno de los principales m\u00f3viles del crimen<\/strong>, que sacudi\u00f3 a la sociedad y gener\u00f3 una reacci\u00f3n masiva bajo la consigna<strong>\u00a0\u201cNo se olviden de Cabezas\u201d.<\/strong><\/p>\n<p>La muerte de Jos\u00e9 Luis Cabezas abri\u00f3 un debate profundo sobre las condiciones laborales de los periodistas, su seguridad y los l\u00edmites del poder frente a la libertad de expresi\u00f3n. Si bien la Justicia dict\u00f3 condenas y estableci\u00f3 responsabilidades, el paso de los a\u00f1os volvi\u00f3 a instalar la discusi\u00f3n sobre la impunidad, los beneficios otorgados a los condenados y la vigencia real del \u201cNunca M\u00e1s\u201d aplicado al periodismo.<\/p>\n<p>Tras el asesinato, miles de personas salieron a las calles en todo el pa\u00eds para exigir justicia. Las marchas y manifestaciones mantuvieron el caso en agenda y consolidaron un fuerte reclamo social para que el crimen no quedara impune ni se repitiera.<\/p>\n<p>En el plano judicial, la causa avanz\u00f3 con condenas a los autores materiales e intelectuales. Sin embargo, la posterior liberaci\u00f3n de varios de ellos gener\u00f3 nuevas expresiones de indignaci\u00f3n y reabri\u00f3 el debate sobre la respuesta del sistema judicial ante delitos contra trabajadores de prensa.<\/p>\n<p>A casi tres d\u00e9cadas, la muerte de Jos\u00e9 Luis Cabezas sigue interpelando al periodismo argentino. Su nombre se recuerda cada a\u00f1o como emblema de una profesi\u00f3n que a\u00fan enfrenta presiones y amenazas, y como recordatorio permanente de que la libertad de prensa se defiende ejerci\u00e9ndola.<strong> (VW)<\/strong><\/p>\n","protected":false},"excerpt":{"rendered":"<p>El asesinato del reportero gr\u00e1fico Jos\u00e9 Luis Cabezas ocurrido el 25 de enero de 1997 en Pinamar, marc\u00f3 un punto de quiebre en la libertad de prensa en la Argentina y dej\u00f3 una huella&#46;&#46;&#46;<\/p>\n","protected":false},"author":4,"featured_media":13427,"comment_status":"closed","ping_status":"closed","sticky":false,"template":"","format":"standard","meta":{"_monsterinsights_skip_tracking":false,"_monsterinsights_sitenote_active":false,"_monsterinsights_sitenote_note":"","_monsterinsights_sitenote_category":0,"footnotes":""},"categories":[4,5],"tags":[8706,5577],"class_list":["post-20232","post","type-post","status-publish","format-standard","has-post-thumbnail","hentry","category-politica","category-sociedad","tag-29-anos-del-crimen","tag-jose-luis-cabezas"],"_links":{"self":[{"href":"https:\/\/www.visionweb.com.ar\/index.php?rest_route=\/wp\/v2\/posts\/20232","targetHints":{"allow":["GET"]}}],"collection":[{"href":"https:\/\/www.visionweb.com.ar\/index.php?rest_route=\/wp\/v2\/posts"}],"about":[{"href":"https:\/\/www.visionweb.com.ar\/index.php?rest_route=\/wp\/v2\/types\/post"}],"author":[{"embeddable":true,"href":"https:\/\/www.visionweb.com.ar\/index.php?rest_route=\/wp\/v2\/users\/4"}],"replies":[{"embeddable":true,"href":"https:\/\/www.visionweb.com.ar\/index.php?rest_route=%2Fwp%2Fv2%2Fcomments&post=20232"}],"version-history":[{"count":1,"href":"https:\/\/www.visionweb.com.ar\/index.php?rest_route=\/wp\/v2\/posts\/20232\/revisions"}],"predecessor-version":[{"id":20233,"href":"https:\/\/www.visionweb.com.ar\/index.php?rest_route=\/wp\/v2\/posts\/20232\/revisions\/20233"}],"wp:featuredmedia":[{"embeddable":true,"href":"https:\/\/www.visionweb.com.ar\/index.php?rest_route=\/wp\/v2\/media\/13427"}],"wp:attachment":[{"href":"https:\/\/www.visionweb.com.ar\/index.php?rest_route=%2Fwp%2Fv2%2Fmedia&parent=20232"}],"wp:term":[{"taxonomy":"category","embeddable":true,"href":"https:\/\/www.visionweb.com.ar\/index.php?rest_route=%2Fwp%2Fv2%2Fcategories&post=20232"},{"taxonomy":"post_tag","embeddable":true,"href":"https:\/\/www.visionweb.com.ar\/index.php?rest_route=%2Fwp%2Fv2%2Ftags&post=20232"}],"curies":[{"name":"wp","href":"https:\/\/api.w.org\/{rel}","templated":true}]}}