{"id":20230,"date":"2026-01-26T10:19:51","date_gmt":"2026-01-26T13:19:51","guid":{"rendered":"https:\/\/www.visionweb.com.ar\/?p=20230"},"modified":"2026-01-26T10:19:51","modified_gmt":"2026-01-26T13:19:51","slug":"siguen-los-incendios-en-chubut-y-se-reactivo-el-fuego-en-el-parque-nacional-los-alerces","status":"publish","type":"post","link":"https:\/\/www.visionweb.com.ar\/?p=20230","title":{"rendered":"Siguen los incendios en Chubut y se reactiv\u00f3 el fuego en el Parque Nacional Los Alerces"},"content":{"rendered":"<p><em><strong>La situaci\u00f3n es cr\u00edtica. El Parque Nacional Los Alerces como la zona m\u00e1s afectada. El viento y la quema en retroceso complican las tareas. El Gobierno provincial dispuso la intervenci\u00f3n de la Administraci\u00f3n de Parques Nacionales. Un foco en la zona de Cholila oblig\u00f3 a cerrar la Ruta Provincial 71 desde el empalme con la Ruta Nacional 40.<\/strong><\/em><!--more--><\/p>\n<p><strong>\u00a0 <img loading=\"lazy\" decoding=\"async\" class=\"size-medium wp-image-20197 alignright\" src=\"https:\/\/www.visionweb.com.ar\/wp-content\/uploads\/2026\/01\/incendios-chubut-300x170.png\" alt=\"\" width=\"300\" height=\"170\" srcset=\"https:\/\/www.visionweb.com.ar\/wp-content\/uploads\/2026\/01\/incendios-chubut-300x170.png 300w, https:\/\/www.visionweb.com.ar\/wp-content\/uploads\/2026\/01\/incendios-chubut.png 580w\" sizes=\"auto, (max-width: 300px) 100vw, 300px\" \/>\u00a0\u00a0\u00a0\u00a0\u00a0\u00a0\u00a0\u00a0 L<\/strong>os <strong>incendios en Chubut<\/strong> no dan tregua y el escenario m\u00e1s preocupante se vive en el\u00a0<strong>Parque Nacional Los Alerces<\/strong>, donde durante el <strong>fin de semana se reactivaron focos que ya hab\u00edan sido controlados<\/strong>. Bomberos voluntarios y brigadistas contin\u00faan trabajando intensamente para contener el avance del fuego, en un contexto marcado por <strong>condiciones clim\u00e1ticas adversas<\/strong>.<\/p>\n<p>Seg\u00fan relataron quienes combaten las llamas en el lugar, el fen\u00f3meno de la\u00a0<strong>\u201cquema en retroceso\u201d<\/strong>\u00a0est\u00e1 generando que el <strong>incendio vuelva sobre sectores que inicialmente no hab\u00edan sido alcanzados<\/strong>. \u201cEste sector hab\u00eda sido trabajado ayer, pero nuevamente las llamas est\u00e1n arrasando con la vegetaci\u00f3n. Arde todo y el panorama no es para nada alentador\u201d, advirtieron desde el frente operativo.<\/p>\n<p>El fuego extremo rodea a\u00a0<strong>Cholila<\/strong>\u00a0con columnas de humo provenientes tanto del frente activo en el\u00a0<strong>Parque Nacional Los Alerces<\/strong>\u00a0como del incendio iniciado en\u00a0<strong>Puerto Patriada <\/strong>y la visibilidad en la regi\u00f3n se ha visto comprometida, lo que dificulta las operaciones de combate y la circulaci\u00f3n segura de los recursos de emergencia.<\/p>\n<p>El operativo para enfrentar la situaci\u00f3n involucra a m\u00e1s de\u00a0<strong>500 operadores<\/strong>, entre brigadistas, bomberos, personal de manejo del fuego y voluntarios; desplegados en distintos puntos cr\u00edticos de la zona, seg\u00fan confirm\u00f3\u00a0<strong>Laura Mirantes<\/strong>, coordinadora del\u00a0<strong>Comit\u00e9 de Control de Incendios del Parque Los Alerces<\/strong>, en una entrevista con\u00a0<strong>TN<\/strong>.<\/p>\n<p>\u201cEl fuego est\u00e1 quemando en altura y las r\u00e1fagas desprenden brasas que encienden otros sectores. Esto nos impide anticiparnos y nos obliga a trabajar en retroceso\u201d, explic\u00f3 Mirantes, quien tambi\u00e9n<strong>\u00a0destac\u00f3 la gravedad de la sequ\u00eda y la escasez de agua en la zona<\/strong>.<\/p>\n<p>Intervenci\u00f3n de la Administraci\u00f3n de Parques Nacionales<\/p>\n<p>El gobernador Ignacio Torres impuls\u00f3 la intervenci\u00f3n de la Administraci\u00f3n de Parques Nacionales (APN) en el Parque Nacional Los Alerces, tras m\u00e1s de 45 d\u00edas de incendios forestales activos.\u00a0<strong>La medida apunta a regularizar el funcionamiento institucional y reforzar las acciones operativas frente a la emergencia ambiental.<\/strong><\/p>\n<p>La decisi\u00f3n se tom\u00f3 luego de que el mandatario provincial solicitara al Gobierno nacional, a trav\u00e9s de la C\u00e1mara de Turismo de Chubut, la remoci\u00f3n de las autoridades del parque por presunta negligencia y falta de previsi\u00f3n.<\/p>\n<p>Prestadores tur\u00edsticos locales hab\u00edan exigido la salida de Danilo Hern\u00e1ndez Ota\u00f1o, hasta ahora intendente del \u00e1rea protegida. Finalmente, la APN, conducida por Sergio Mart\u00edn \u00c1lvarez, oficializ\u00f3 la intervenci\u00f3n tras analizar la situaci\u00f3n de las \u00e1reas bajo su jurisdicci\u00f3n.<\/p>\n<p>\u201cLa intervenci\u00f3n permitir\u00e1 fortalecer la conducci\u00f3n integral del \u00e1rea, asegurar la debida ejecuci\u00f3n de las pol\u00edticas institucionales y\u00a0<strong>atender adecuadamente la situaci\u00f3n excepcional en curso<\/strong>\u201d, se inform\u00f3 en un comunicado.<strong> (VW)<\/strong><\/p>\n","protected":false},"excerpt":{"rendered":"<p>La situaci\u00f3n es cr\u00edtica. El Parque Nacional Los Alerces como la zona m\u00e1s afectada. El viento y la quema en retroceso complican las tareas. El Gobierno provincial dispuso la intervenci\u00f3n de la Administraci\u00f3n de&#46;&#46;&#46;<\/p>\n","protected":false},"author":4,"featured_media":20197,"comment_status":"closed","ping_status":"closed","sticky":false,"template":"","format":"standard","meta":{"_monsterinsights_skip_tracking":false,"_monsterinsights_sitenote_active":false,"_monsterinsights_sitenote_note":"","_monsterinsights_sitenote_category":0,"footnotes":""},"categories":[8],"tags":[8703,8705,8704],"class_list":["post-20230","post","type-post","status-publish","format-standard","has-post-thumbnail","hentry","category-interes-general","tag-incendios-en-chubut","tag-intervencion-parques-nacionales","tag-parque-los-alerces"],"_links":{"self":[{"href":"https:\/\/www.visionweb.com.ar\/index.php?rest_route=\/wp\/v2\/posts\/20230","targetHints":{"allow":["GET"]}}],"collection":[{"href":"https:\/\/www.visionweb.com.ar\/index.php?rest_route=\/wp\/v2\/posts"}],"about":[{"href":"https:\/\/www.visionweb.com.ar\/index.php?rest_route=\/wp\/v2\/types\/post"}],"author":[{"embeddable":true,"href":"https:\/\/www.visionweb.com.ar\/index.php?rest_route=\/wp\/v2\/users\/4"}],"replies":[{"embeddable":true,"href":"https:\/\/www.visionweb.com.ar\/index.php?rest_route=%2Fwp%2Fv2%2Fcomments&post=20230"}],"version-history":[{"count":1,"href":"https:\/\/www.visionweb.com.ar\/index.php?rest_route=\/wp\/v2\/posts\/20230\/revisions"}],"predecessor-version":[{"id":20231,"href":"https:\/\/www.visionweb.com.ar\/index.php?rest_route=\/wp\/v2\/posts\/20230\/revisions\/20231"}],"wp:featuredmedia":[{"embeddable":true,"href":"https:\/\/www.visionweb.com.ar\/index.php?rest_route=\/wp\/v2\/media\/20197"}],"wp:attachment":[{"href":"https:\/\/www.visionweb.com.ar\/index.php?rest_route=%2Fwp%2Fv2%2Fmedia&parent=20230"}],"wp:term":[{"taxonomy":"category","embeddable":true,"href":"https:\/\/www.visionweb.com.ar\/index.php?rest_route=%2Fwp%2Fv2%2Fcategories&post=20230"},{"taxonomy":"post_tag","embeddable":true,"href":"https:\/\/www.visionweb.com.ar\/index.php?rest_route=%2Fwp%2Fv2%2Ftags&post=20230"}],"curies":[{"name":"wp","href":"https:\/\/api.w.org\/{rel}","templated":true}]}}