{"id":20227,"date":"2026-01-26T09:44:00","date_gmt":"2026-01-26T12:44:00","guid":{"rendered":"https:\/\/www.visionweb.com.ar\/?p=20227"},"modified":"2026-01-26T09:44:00","modified_gmt":"2026-01-26T12:44:00","slug":"hoy-y-manana-habra-corte-de-transito-en-la-av-yrigoyen-de-lanus","status":"publish","type":"post","link":"https:\/\/www.visionweb.com.ar\/?p=20227","title":{"rendered":"Hoy y ma\u00f1ana habr\u00e1 corte de tr\u00e1nsito en la Av. Yrigoyen de Lan\u00fas"},"content":{"rendered":"<p><em><strong>Es por obras en el Puente Arenas de Gerli. Hasta las 20.30 permanecer\u00e1 cerrada la zona de Yrigoyen y Alfons\u00edn, sentido a Avellaneda. El corte se repetir\u00e1 ma\u00f1ana, de 7:30 a 20:30, \u00a0pero en direcci\u00f3n a Lomas de Zamora.<\/strong><\/em><!--more--><\/p>\n<p><img loading=\"lazy\" decoding=\"async\" class=\"size-medium wp-image-20228 alignleft\" src=\"https:\/\/www.visionweb.com.ar\/wp-content\/uploads\/2026\/01\/lanus-corte-en-yrigoyen-264x300.png\" alt=\"\" width=\"264\" height=\"300\" srcset=\"https:\/\/www.visionweb.com.ar\/wp-content\/uploads\/2026\/01\/lanus-corte-en-yrigoyen-264x300.png 264w, https:\/\/www.visionweb.com.ar\/wp-content\/uploads\/2026\/01\/lanus-corte-en-yrigoyen.png 485w\" sizes=\"auto, (max-width: 264px) 100vw, 264px\" \/>\u00a0\u00a0\u00a0 <strong>E<\/strong>l Municipio de Lan\u00fas inform\u00f3 que\u00a0<strong>la zona de las avenidas Hip\u00f3lito Yrigoyen y Ra\u00fal Alfons\u00edn de Lan\u00fas permanecer\u00e1 cerrada al tr\u00e1nsito<\/strong>\u00a0durante este lunes y el martes 27.<\/p>\n<p>Las autoridades precisaron que se trata de un \u201ccorte parcial\u201d por obras que se realizan en la zona.<\/p>\n<p><strong>El corte es \u201cde 7:30 a 20:30 durante el lunes 26 de enero en sentido hacia Avellaneda y el martes 27 de enero en sentido a Lomas de Zamora\u201d. (VW)<\/strong><\/p>\n","protected":false},"excerpt":{"rendered":"<p>Es por obras en el Puente Arenas de Gerli. Hasta las 20.30 permanecer\u00e1 cerrada la zona de Yrigoyen y Alfons\u00edn, sentido a Avellaneda. El corte se repetir\u00e1 ma\u00f1ana, de 7:30 a 20:30, \u00a0pero en&#46;&#46;&#46;<\/p>\n","protected":false},"author":4,"featured_media":20228,"comment_status":"closed","ping_status":"closed","sticky":false,"template":"","format":"standard","meta":{"_monsterinsights_skip_tracking":false,"_monsterinsights_sitenote_active":false,"_monsterinsights_sitenote_note":"","_monsterinsights_sitenote_category":0,"footnotes":""},"categories":[8],"tags":[8700,8702,19,8701],"class_list":["post-20227","post","type-post","status-publish","format-standard","has-post-thumbnail","hentry","category-interes-general","tag-av-yrigoyen","tag-corte-por-obras","tag-lanus","tag-puente-gerli"],"_links":{"self":[{"href":"https:\/\/www.visionweb.com.ar\/index.php?rest_route=\/wp\/v2\/posts\/20227","targetHints":{"allow":["GET"]}}],"collection":[{"href":"https:\/\/www.visionweb.com.ar\/index.php?rest_route=\/wp\/v2\/posts"}],"about":[{"href":"https:\/\/www.visionweb.com.ar\/index.php?rest_route=\/wp\/v2\/types\/post"}],"author":[{"embeddable":true,"href":"https:\/\/www.visionweb.com.ar\/index.php?rest_route=\/wp\/v2\/users\/4"}],"replies":[{"embeddable":true,"href":"https:\/\/www.visionweb.com.ar\/index.php?rest_route=%2Fwp%2Fv2%2Fcomments&post=20227"}],"version-history":[{"count":1,"href":"https:\/\/www.visionweb.com.ar\/index.php?rest_route=\/wp\/v2\/posts\/20227\/revisions"}],"predecessor-version":[{"id":20229,"href":"https:\/\/www.visionweb.com.ar\/index.php?rest_route=\/wp\/v2\/posts\/20227\/revisions\/20229"}],"wp:featuredmedia":[{"embeddable":true,"href":"https:\/\/www.visionweb.com.ar\/index.php?rest_route=\/wp\/v2\/media\/20228"}],"wp:attachment":[{"href":"https:\/\/www.visionweb.com.ar\/index.php?rest_route=%2Fwp%2Fv2%2Fmedia&parent=20227"}],"wp:term":[{"taxonomy":"category","embeddable":true,"href":"https:\/\/www.visionweb.com.ar\/index.php?rest_route=%2Fwp%2Fv2%2Fcategories&post=20227"},{"taxonomy":"post_tag","embeddable":true,"href":"https:\/\/www.visionweb.com.ar\/index.php?rest_route=%2Fwp%2Fv2%2Ftags&post=20227"}],"curies":[{"name":"wp","href":"https:\/\/api.w.org\/{rel}","templated":true}]}}