{"id":20222,"date":"2026-01-26T07:00:05","date_gmt":"2026-01-26T10:00:05","guid":{"rendered":"https:\/\/www.visionweb.com.ar\/?p=20222"},"modified":"2026-01-25T18:59:29","modified_gmt":"2026-01-25T21:59:29","slug":"este-lunes-se-inicia-un-nuevo-operativo-ambiente-si","status":"publish","type":"post","link":"https:\/\/www.visionweb.com.ar\/?p=20222","title":{"rendered":"Este lunes se inicia un nuevo operativo \u00abAmbiente s\u00ed\u00bb"},"content":{"rendered":"<p><strong><em>Se realizar\u00e1 a partir del 26 de enero y se extender\u00e1 hasta el s\u00e1bado 31. Los operativos se llevar\u00e1n a cabo a en varias plazas de Lan\u00fas Este y Oeste. \ufffc<\/em><\/strong><!--more--><\/p>\n<div><img loading=\"lazy\" decoding=\"async\" class=\"size-medium wp-image-20223 alignleft\" src=\"https:\/\/www.visionweb.com.ar\/wp-content\/uploads\/2026\/01\/AMBIENTE-300x200.png\" alt=\"\" width=\"300\" height=\"200\" srcset=\"https:\/\/www.visionweb.com.ar\/wp-content\/uploads\/2026\/01\/AMBIENTE-300x200.png 300w, https:\/\/www.visionweb.com.ar\/wp-content\/uploads\/2026\/01\/AMBIENTE.png 640w\" sizes=\"auto, (max-width: 300px) 100vw, 300px\" \/>Desde este lunes 26 al s\u00e1bado 31 de enero, se realizar\u00e1 una nueva edici\u00f3n del operativo \u00a1Ambiente S\u00ed! en diferentes espacios p\u00fablicos del distrito, para que los vecinos del Distrito puedan acercarse a dejar sus residuos reciclables. Las jornadas se desarrollar\u00e1n de lunes a viernes de 10 a 13, mientras que el s\u00e1bado ser\u00e1 de 10 a 17.<\/div>\n<div><\/div>\n<div>El lunes 26 el operativo iniciar\u00e1 en las plazas Mariano Moreno (avenida Hip\u00f3lito Yrigoyen N\u00b0 6200) y Alajar\u00edn de Remedios de Escalada (Cnel. Rauch N\u00b0 3520). El martes 27, las postas continuar\u00e1n en la plaza Villa Obrera (Eva Per\u00f3n N\u00b0 2400, Lan\u00fas Este) y en el Parque Lineal (avenida General Pinto N\u00b0 4700, Monte Chingolo).<\/div>\n<div><\/div>\n<div>El mi\u00e9rcoles 28 se har\u00e1 en el barrio Obrero (Chaco y Cnel. Murguiondo, Valent\u00edn Alsina) y en las plazas Constituci\u00f3n (avenida Tte. Gral. Juan Domingo Per\u00f3n N\u00b0 3000, Valent\u00edn Alsina) y Arias (Carlos Gardel N\u00b0 1300, Lan\u00fas Oeste). Durante el jueves 29 se llevar\u00e1 a cabo en las plazas Sarmiento (avenida 9 de Julio N\u00b0 1900, Lan\u00fas Este) y Ricardo Rojas (Bustamante N\u00b0 900, Gerli), se\u00f1alarn desde la oficina de prensa del Municipio de Lan\u00fas.<strong> (VW)<\/strong><\/div>\n<p>&nbsp;<\/p>\n","protected":false},"excerpt":{"rendered":"<p>Se realizar\u00e1 a partir del 26 de enero y se extender\u00e1 hasta el s\u00e1bado 31. Los operativos se llevar\u00e1n a cabo a en varias plazas de Lan\u00fas Este y Oeste. \ufffc<\/p>\n","protected":false},"author":3,"featured_media":20223,"comment_status":"closed","ping_status":"closed","sticky":false,"template":"","format":"standard","meta":{"_monsterinsights_skip_tracking":false,"_monsterinsights_sitenote_active":false,"_monsterinsights_sitenote_note":"","_monsterinsights_sitenote_category":0,"footnotes":""},"categories":[1822],"tags":[8696,1646,8697,377],"class_list":["post-20222","post","type-post","status-publish","format-standard","has-post-thumbnail","hentry","category-internacionales","tag-ambieente","tag-plazas","tag-recoleccion","tag-residuos"],"_links":{"self":[{"href":"https:\/\/www.visionweb.com.ar\/index.php?rest_route=\/wp\/v2\/posts\/20222","targetHints":{"allow":["GET"]}}],"collection":[{"href":"https:\/\/www.visionweb.com.ar\/index.php?rest_route=\/wp\/v2\/posts"}],"about":[{"href":"https:\/\/www.visionweb.com.ar\/index.php?rest_route=\/wp\/v2\/types\/post"}],"author":[{"embeddable":true,"href":"https:\/\/www.visionweb.com.ar\/index.php?rest_route=\/wp\/v2\/users\/3"}],"replies":[{"embeddable":true,"href":"https:\/\/www.visionweb.com.ar\/index.php?rest_route=%2Fwp%2Fv2%2Fcomments&post=20222"}],"version-history":[{"count":1,"href":"https:\/\/www.visionweb.com.ar\/index.php?rest_route=\/wp\/v2\/posts\/20222\/revisions"}],"predecessor-version":[{"id":20224,"href":"https:\/\/www.visionweb.com.ar\/index.php?rest_route=\/wp\/v2\/posts\/20222\/revisions\/20224"}],"wp:featuredmedia":[{"embeddable":true,"href":"https:\/\/www.visionweb.com.ar\/index.php?rest_route=\/wp\/v2\/media\/20223"}],"wp:attachment":[{"href":"https:\/\/www.visionweb.com.ar\/index.php?rest_route=%2Fwp%2Fv2%2Fmedia&parent=20222"}],"wp:term":[{"taxonomy":"category","embeddable":true,"href":"https:\/\/www.visionweb.com.ar\/index.php?rest_route=%2Fwp%2Fv2%2Fcategories&post=20222"},{"taxonomy":"post_tag","embeddable":true,"href":"https:\/\/www.visionweb.com.ar\/index.php?rest_route=%2Fwp%2Fv2%2Ftags&post=20222"}],"curies":[{"name":"wp","href":"https:\/\/api.w.org\/{rel}","templated":true}]}}