{"id":20219,"date":"2026-01-23T13:52:31","date_gmt":"2026-01-23T16:52:31","guid":{"rendered":"https:\/\/www.visionweb.com.ar\/?p=20219"},"modified":"2026-01-23T13:53:31","modified_gmt":"2026-01-23T16:53:31","slug":"jubilados-municipales-de-lomas-reclaman-por-la-mejora-de-sus-haberes","status":"publish","type":"post","link":"https:\/\/www.visionweb.com.ar\/?p=20219","title":{"rendered":"Jubilados municipales de Lomas reclaman por la mejora de sus haberes"},"content":{"rendered":"<p><strong><em>El Legado aclara que \u201cesta problem\u00e1tica se extiende a los 135 municipios de la provincia de Buenos Aires y que ninguna cumple con la Ley.<\/em><\/strong><!--more--><\/p>\n<p><strong>Jubilados municipales de Lomas de Zamora, nucleados en la asociaci\u00f3n civil El Legado<\/strong>, denuncian el cobro de haberes \u201cmiserables\u201d, al tiempo que alertan por la espera de hasta cuatro meses para percibir los aumentos que se otorgan a los trabajadores activos. Aseguran que el Municipio no los escucha.<\/p>\n<p>Desde la agrupaci\u00f3n precisaron que los jubilados municipales de Lomas de Zamora\u00a0<strong>presentan, desde hace dos a\u00f1os, notas, expedientes y cartas abiertas al intendente Federico Oterm\u00edn<\/strong>\u00a0para que \u201cse coordine el env\u00edo en tiempo y forma\u201d a la caja jubilatoria (IPS) de los aumentos.<\/p>\n<p>\u201cEl env\u00edo se solicita prontamente\u00a0<strong>para que los jubilados no tengamos que esperar de 3 a 4 meses unos aumentos paup\u00e9rrimos sobre los b\u00e1sicos m\u00ednimos que cobran los activos y que por consecuencia se ven reflejados en nuestras miserables jubilaciones \u201c<\/strong>, precisaron.<\/p>\n<p>El Legado, que preside Alejandra Viso, se\u00f1ala que Lomas de Zamora es uno de los 30 de la Provincia en el que \u201cse cobra bajo la l\u00ednea de pobreza\u201d. Frente a esta dram\u00e1tica situaci\u00f3n,\u00a0<strong>la organizaci\u00f3n solicit\u00f3 audiencias con el Jefe Comunal, pero no hubo respuesta<\/strong>, informaron.<\/p>\n<p>\u201cEl personal activo municipal cobra sobre la base de b\u00e1sicos m\u00ednimos, pero en compensaci\u00f3n se les paga productividad o bonos que nunca llegan al jubilado por ser pagos en negro. Adem\u00e1s, el Municipio nunca pag\u00f3 ni paga los bonos bajo todo concepto como tampoco las bonificaciones no remunerativas, que por Ley deber\u00eda pagar e informar al IPS para que a nosotros se nos liquide y cobrarlo\u201d, explicaron.<\/p>\n<p>El Legado aclara que \u201cesta problem\u00e1tica se extiende a los 135 municipios de la provincia de Buenos Aires y que ninguna cumple con la Ley\u201d, motivo por el cual dio vida a una p\u00e1gina de internet, con la propuesta nuestra, para\u00a0<strong>unificar el reclamo<\/strong>.<\/p>\n<p>\u201cCabe destacar que hay municipios con b\u00e1sicos denigrantes que ni los sindicatos ni las federaciones ponen el ojo, para lograr un di\u00e1logo y solucionar el tema. Por lo tanto,\u00a0<strong>en reuniones con los municipios se logr\u00f3 fijar los d\u00edas 12 de cada mes en una masiva protesta<\/strong>\u00a0que se ven reflejadas en cada plaza central de cada localidad\u201d, anunciaron.<\/p>\n<p>Adem\u00e1s, informaron que\u00a0<strong>se proyecta un encuentro masivo en la ciudad de La Plata<\/strong> para llegar as\u00ed a los representantes del pueblo y al gobernador Axel Kicillof, para que tomen nota de la \u201cproblem\u00e1tica de miseria\u201d que sufren los jubilados municipales <strong>(VW)<\/strong>.<\/p>\n","protected":false},"excerpt":{"rendered":"<p>El Legado aclara que \u201cesta problem\u00e1tica se extiende a los 135 municipios de la provincia de Buenos Aires y que ninguna cumple con la Ley.<\/p>\n","protected":false},"author":3,"featured_media":20220,"comment_status":"closed","ping_status":"closed","sticky":false,"template":"","format":"standard","meta":{"_monsterinsights_skip_tracking":false,"_monsterinsights_sitenote_active":false,"_monsterinsights_sitenote_note":"","_monsterinsights_sitenote_category":0,"footnotes":""},"categories":[5],"tags":[569,1279,6243],"class_list":["post-20219","post","type-post","status-publish","format-standard","has-post-thumbnail","hentry","category-sociedad","tag-jubilados","tag-municipales","tag-sueldos"],"_links":{"self":[{"href":"https:\/\/www.visionweb.com.ar\/index.php?rest_route=\/wp\/v2\/posts\/20219","targetHints":{"allow":["GET"]}}],"collection":[{"href":"https:\/\/www.visionweb.com.ar\/index.php?rest_route=\/wp\/v2\/posts"}],"about":[{"href":"https:\/\/www.visionweb.com.ar\/index.php?rest_route=\/wp\/v2\/types\/post"}],"author":[{"embeddable":true,"href":"https:\/\/www.visionweb.com.ar\/index.php?rest_route=\/wp\/v2\/users\/3"}],"replies":[{"embeddable":true,"href":"https:\/\/www.visionweb.com.ar\/index.php?rest_route=%2Fwp%2Fv2%2Fcomments&post=20219"}],"version-history":[{"count":1,"href":"https:\/\/www.visionweb.com.ar\/index.php?rest_route=\/wp\/v2\/posts\/20219\/revisions"}],"predecessor-version":[{"id":20221,"href":"https:\/\/www.visionweb.com.ar\/index.php?rest_route=\/wp\/v2\/posts\/20219\/revisions\/20221"}],"wp:featuredmedia":[{"embeddable":true,"href":"https:\/\/www.visionweb.com.ar\/index.php?rest_route=\/wp\/v2\/media\/20220"}],"wp:attachment":[{"href":"https:\/\/www.visionweb.com.ar\/index.php?rest_route=%2Fwp%2Fv2%2Fmedia&parent=20219"}],"wp:term":[{"taxonomy":"category","embeddable":true,"href":"https:\/\/www.visionweb.com.ar\/index.php?rest_route=%2Fwp%2Fv2%2Fcategories&post=20219"},{"taxonomy":"post_tag","embeddable":true,"href":"https:\/\/www.visionweb.com.ar\/index.php?rest_route=%2Fwp%2Fv2%2Ftags&post=20219"}],"curies":[{"name":"wp","href":"https:\/\/api.w.org\/{rel}","templated":true}]}}