{"id":20213,"date":"2026-01-23T12:11:10","date_gmt":"2026-01-23T15:11:10","guid":{"rendered":"https:\/\/www.visionweb.com.ar\/?p=20213"},"modified":"2026-01-23T12:11:10","modified_gmt":"2026-01-23T15:11:10","slug":"la-estacion-de-trenes-mas-grande-de-america-latina-es-argentina","status":"publish","type":"post","link":"https:\/\/www.visionweb.com.ar\/?p=20213","title":{"rendered":"La estaci\u00f3n de trenes m\u00e1s grande de Am\u00e9rica Latina es argentina"},"content":{"rendered":"<p><strong><em>El proyecto modific\u00f3 el interior de la estaci\u00f3n, con\u00a0mejoras\u00a0en el hall central, en las boleter\u00edas hist\u00f3ricas, en ba\u00f1os y con una restauraci\u00f3n de los techos que cubren los andenes ferroviarios.<\/em><\/strong><!--more--><\/p>\n<p data-t=\"{&quot;n&quot;:&quot;blueLinks&quot;,&quot;t&quot;:13,&quot;a&quot;:&quot;click&quot;,&quot;b&quot;:76}\"><img loading=\"lazy\" decoding=\"async\" class=\"size-medium wp-image-20217 alignleft\" src=\"https:\/\/www.visionweb.com.ar\/wp-content\/uploads\/2026\/01\/CONSTTUCION-300x188.png\" alt=\"\" width=\"300\" height=\"188\" srcset=\"https:\/\/www.visionweb.com.ar\/wp-content\/uploads\/2026\/01\/CONSTTUCION-300x188.png 300w, https:\/\/www.visionweb.com.ar\/wp-content\/uploads\/2026\/01\/CONSTTUCION.png 640w\" sizes=\"auto, (max-width: 300px) 100vw, 300px\" \/>La estaci\u00f3n de\u00a0<a title=\"https:\/\/www.cronista.com\/informacion-gral\/inauguran-un-nuevo-puente-en-el-cruce-mas-congestionado-de-buenos-aires-pasa-bajo-las-vias-del-tren-y-aliviara-el-trafico-para-siempre\/\" href=\"https:\/\/www.cronista.com\/informacion-gral\/inauguran-un-nuevo-puente-en-el-cruce-mas-congestionado-de-buenos-aires-pasa-bajo-las-vias-del-tren-y-aliviara-el-trafico-para-siempre\/\" target=\"_blank\" rel=\"noopener noreferrer\" data-t=\"{&quot;n&quot;:&quot;destination&quot;,&quot;t&quot;:13,&quot;a&quot;:&quot;click&quot;,&quot;b&quot;:1,&quot;c.t&quot;:7}\">tren<\/a>\u00a0m\u00e1s grande de\u00a0<b>Latinoam\u00e9rica\u00a0<\/b>queda en Argentina, con casi\u00a0<b>450.000 pasajeros diarios<\/b>, es un verdadero emblema del\u00a0<a title=\"https:\/\/www.cronista.com\/informacion-gral\/orgullo-argentino-la-localidad-que-construyo-la-primera-parada-de-colectivos-con-aire-acondicionado\/\" href=\"https:\/\/www.cronista.com\/informacion-gral\/orgullo-argentino-la-localidad-que-construyo-la-primera-parada-de-colectivos-con-aire-acondicionado\/\" target=\"_blank\" rel=\"noopener noreferrer\" data-t=\"{&quot;n&quot;:&quot;destination&quot;,&quot;t&quot;:13,&quot;a&quot;:&quot;click&quot;,&quot;b&quot;:1,&quot;c.t&quot;:7}\">transporte p\u00fablico nacional<\/a>\u00a0y una pieza clave para la movilidad entre la Ciudad de Buenos Aires y la provincia.<\/p>\n<p data-t=\"{&quot;n&quot;:&quot;blueLinks&quot;,&quot;t&quot;:13,&quot;a&quot;:&quot;click&quot;,&quot;b&quot;:76}\">Cada d\u00eda, cientos de miles de personas transitan por este punto central del sistema ferroviario, que adem\u00e1s integra subtes,\u00a0<a title=\"https:\/\/www.cronista.com\/informacion-gral\/abre-un-nuevo-ramal-de-colectivos-que-conectara-el-norte-y-sur-de-la-ciudad-de-buenos-aires\/\" href=\"https:\/\/www.cronista.com\/informacion-gral\/abre-un-nuevo-ramal-de-colectivos-que-conectara-el-norte-y-sur-de-la-ciudad-de-buenos-aires\/\" target=\"_blank\" rel=\"noopener noreferrer\" data-t=\"{&quot;n&quot;:&quot;destination&quot;,&quot;t&quot;:13,&quot;a&quot;:&quot;click&quot;,&quot;b&quot;:1,&quot;c.t&quot;:7}\">colectivos<\/a>\u00a0y bicicletas p\u00fablicas. Con una reciente\u00a0<b>puesta en valor integral<\/b>, la estaci\u00f3n combina patrimonio hist\u00f3rico con infraestructura.<\/p>\n<p class=\"continue-read-break\" data-t=\"{&quot;n&quot;:&quot;blueLinks&quot;,&quot;t&quot;:13,&quot;a&quot;:&quot;click&quot;,&quot;b&quot;:76}\">La\u00a0<b>Estaci\u00f3n Constituci\u00f3n<\/b>, cabecera de la<strong> L\u00ednea Roca,<\/strong> inaugurada el 1 de enero de 1887 y declarada <strong>Monumento Hist\u00f3rico Nacional en 2021<\/strong> es la terminal m\u00e1s grande de la regi\u00f3n.<\/p>\n<p class=\"continue-read-break\" data-t=\"{&quot;n&quot;:&quot;blueLinks&quot;,&quot;t&quot;:13,&quot;a&quot;:&quot;click&quot;,&quot;b&quot;:76}\">Desde este punto, parten ramales que recorren la provincia de Buenos Aires y se extienden hasta La Pampa, Neuqu\u00e9n y R\u00edo Negro.<\/p>\n<p data-t=\"{&quot;n&quot;:&quot;blueLinks&quot;,&quot;t&quot;:13,&quot;a&quot;:&quot;click&quot;,&quot;b&quot;:76}\">Adem\u00e1s de ser una de las terminales ferroviarias m\u00e1s grandes del mundo, Constituci\u00f3n es una de las m\u00e1s transitadas del continente. Solo la\u00a0<b>L\u00ednea Roca<\/b>\u00a0transporta alrededor de 440.000 pasajeros diarios, mientras que unas\u00a0<b>200.000 personas<\/b>\u00a0ingresan y egresan de la estaci\u00f3n cada d\u00eda.<\/p>\n<p data-t=\"{&quot;n&quot;:&quot;blueLinks&quot;,&quot;t&quot;:13,&quot;a&quot;:&quot;click&quot;,&quot;b&quot;:76}\">En 2017 comenz\u00f3 un ambicioso plan de\u00a0<b>remodelaci\u00f3n y restauraci\u00f3n<\/b>, que incluy\u00f3 la recuperaci\u00f3n de la fachada sobre la avenida Brasil, la restauraci\u00f3n de mansardas hist\u00f3ricas y <strong>la reposici\u00f3n de m\u00e1rmol de Carrara en los alf\u00e9izares, respetando el valor patrimonial del edificio.<\/strong><\/p>\n<p data-t=\"{&quot;n&quot;:&quot;blueLinks&quot;,&quot;t&quot;:13,&quot;a&quot;:&quot;click&quot;,&quot;b&quot;:76}\">El proyecto modific\u00f3 el interior de la estaci\u00f3n, con\u00a0<b>mejoras\u00a0<\/b>en el hall central, en las boleter\u00edas hist\u00f3ricas, en ba\u00f1os y con una restauraci\u00f3n de los techos que cubren los andenes ferroviarios.<\/p>\n<p data-t=\"{&quot;n&quot;:&quot;blueLinks&quot;,&quot;t&quot;:13,&quot;a&quot;:&quot;click&quot;,&quot;b&quot;:76}\"><img loading=\"lazy\" decoding=\"async\" class=\"size-medium wp-image-16593 alignright\" src=\"https:\/\/www.visionweb.com.ar\/wp-content\/uploads\/2024\/12\/trenes-caos-300x182.png\" alt=\"\" width=\"300\" height=\"182\" srcset=\"https:\/\/www.visionweb.com.ar\/wp-content\/uploads\/2024\/12\/trenes-caos-300x182.png 300w, https:\/\/www.visionweb.com.ar\/wp-content\/uploads\/2024\/12\/trenes-caos.png 547w\" sizes=\"auto, (max-width: 300px) 100vw, 300px\" \/>Uno de los cambios m\u00e1s importantes se dio en el subsuelo, donde se optimiz\u00f3 la conexi\u00f3n con la\u00a0<b>L\u00ednea C de subte<\/b>, sumando comercios, \u00e1reas de servicio y mayor iluminaci\u00f3n natural.<\/p>\n<p data-t=\"{&quot;n&quot;:&quot;blueLinks&quot;,&quot;t&quot;:13,&quot;a&quot;:&quot;click&quot;,&quot;b&quot;:76}\">A esto se suma el\u00a0<b>Centro de Trasbordo Constituci\u00f3n<\/b>, que une la cabecera del subte con el Metrobus Sur y organiza la circulaci\u00f3n de m\u00e1s de\u00a0<b>un mill\u00f3n de usuarios<\/b>\u00a0por d\u00eda. Este espacio integra trenes, subtes, colectivos y bicicletas.<\/p>\n<h4 class=\"article-sub-heading\">Las diferencias de esta estaci\u00f3n de tren<\/h4>\n<p data-t=\"{&quot;n&quot;:&quot;blueLinks&quot;,&quot;t&quot;:13,&quot;a&quot;:&quot;click&quot;,&quot;b&quot;:76}\">Entre las principales prestaciones se destacan los siguientes espacios:<\/p>\n<div class=\"article-list-slot\">\n<ul>\n<li data-t=\"{&quot;n&quot;:&quot;blueLinks&quot;,&quot;t&quot;:13,&quot;a&quot;:&quot;click&quot;,&quot;b&quot;:76}\">una cubierta vidriada de 2.300 m\u00b2,<\/li>\n<li data-t=\"{&quot;n&quot;:&quot;blueLinks&quot;,&quot;t&quot;:13,&quot;a&quot;:&quot;click&quot;,&quot;b&quot;:76}\">cinco escaleras peatonales,<\/li>\n<li data-t=\"{&quot;n&quot;:&quot;blueLinks&quot;,&quot;t&quot;:13,&quot;a&quot;:&quot;click&quot;,&quot;b&quot;:76}\">escaleras mec\u00e1nicas,<\/li>\n<li data-t=\"{&quot;n&quot;:&quot;blueLinks&quot;,&quot;t&quot;:13,&quot;a&quot;:&quot;click&quot;,&quot;b&quot;:76}\">tres ascensores,<\/li>\n<li data-t=\"{&quot;n&quot;:&quot;blueLinks&quot;,&quot;t&quot;:13,&quot;a&quot;:&quot;click&quot;,&quot;b&quot;:76}\">ocho puertas autom\u00e1ticas tipo\u00a0<i>Gates<\/i>,<\/li>\n<li data-t=\"{&quot;n&quot;:&quot;blueLinks&quot;,&quot;t&quot;:13,&quot;a&quot;:&quot;click&quot;,&quot;b&quot;:76}\">nuevas boleter\u00edas,<\/li>\n<li data-t=\"{&quot;n&quot;:&quot;blueLinks&quot;,&quot;t&quot;:13,&quot;a&quot;:&quot;click&quot;,&quot;b&quot;:76}\">ampliaci\u00f3n de andenes,<\/li>\n<li data-t=\"{&quot;n&quot;:&quot;blueLinks&quot;,&quot;t&quot;:13,&quot;a&quot;:&quot;click&quot;,&quot;b&quot;:76}\">solados gu\u00eda,<\/li>\n<li data-t=\"{&quot;n&quot;:&quot;blueLinks&quot;,&quot;t&quot;:13,&quot;a&quot;:&quot;click&quot;,&quot;b&quot;:76}\">m\u00e1quinas de recarga SUBE,<\/li>\n<li data-t=\"{&quot;n&quot;:&quot;blueLinks&quot;,&quot;t&quot;:13,&quot;a&quot;:&quot;click&quot;,&quot;b&quot;:76}\">iluminaci\u00f3n LED.<\/li>\n<li data-t=\"{&quot;n&quot;:&quot;blueLinks&quot;,&quot;t&quot;:13,&quot;a&quot;:&quot;click&quot;,&quot;b&quot;:76}\">\n<p data-t=\"{&quot;n&quot;:&quot;blueLinks&quot;,&quot;t&quot;:13,&quot;a&quot;:&quot;click&quot;,&quot;b&quot;:76}\"><strong>La conectividad incluye los siguientes transportes:<\/strong><\/p>\n<div class=\"article-list-slot\">\n<ul>\n<li data-t=\"{&quot;n&quot;:&quot;blueLinks&quot;,&quot;t&quot;:13,&quot;a&quot;:&quot;click&quot;,&quot;b&quot;:76}\">1 l\u00ednea de ferrocarril,<\/li>\n<li data-t=\"{&quot;n&quot;:&quot;blueLinks&quot;,&quot;t&quot;:13,&quot;a&quot;:&quot;click&quot;,&quot;b&quot;:76}\">34 l\u00edneas de colectivos,<\/li>\n<li data-t=\"{&quot;n&quot;:&quot;blueLinks&quot;,&quot;t&quot;:13,&quot;a&quot;:&quot;click&quot;,&quot;b&quot;:76}\">la L\u00ednea C de subte,<\/li>\n<li data-t=\"{&quot;n&quot;:&quot;blueLinks&quot;,&quot;t&quot;:13,&quot;a&quot;:&quot;click&quot;,&quot;b&quot;:76}\">dos estaciones de Ecobici.<\/li>\n<\/ul>\n<\/div>\n<p data-t=\"{&quot;n&quot;:&quot;blueLinks&quot;,&quot;t&quot;:13,&quot;a&quot;:&quot;click&quot;,&quot;b&quot;:76}\">La obra incluy\u00f3 una profunda renovaci\u00f3n del entorno urbano, con una plaza modernizada, nuevas veredas, luminarias, una gran c\u00fapula de vidrio y una pantalla LED informativa que muestra en tiempo real el estado del tr\u00e1nsito y del transporte p\u00fablico. <strong>(VW)<\/strong><\/p>\n<p><strong>FUENTE: MSN.COM Y Cronista<\/strong><\/li>\n<\/ul>\n<\/div>\n","protected":false},"excerpt":{"rendered":"<p>El proyecto modific\u00f3 el interior de la estaci\u00f3n, con\u00a0mejoras\u00a0en el hall central, en las boleter\u00edas hist\u00f3ricas, en ba\u00f1os y con una restauraci\u00f3n de los techos que cubren los andenes ferroviarios.<\/p>\n","protected":false},"author":3,"featured_media":20217,"comment_status":"closed","ping_status":"closed","sticky":false,"template":"","format":"standard","meta":{"_monsterinsights_skip_tracking":false,"_monsterinsights_sitenote_active":false,"_monsterinsights_sitenote_note":"","_monsterinsights_sitenote_category":0,"footnotes":""},"categories":[3],"tags":[705,1929,682,2667],"class_list":["post-20213","post","type-post","status-publish","format-standard","has-post-thumbnail","hentry","category-actualidad","tag-colectivos","tag-constitucion","tag-estacion","tag-subtes"],"_links":{"self":[{"href":"https:\/\/www.visionweb.com.ar\/index.php?rest_route=\/wp\/v2\/posts\/20213","targetHints":{"allow":["GET"]}}],"collection":[{"href":"https:\/\/www.visionweb.com.ar\/index.php?rest_route=\/wp\/v2\/posts"}],"about":[{"href":"https:\/\/www.visionweb.com.ar\/index.php?rest_route=\/wp\/v2\/types\/post"}],"author":[{"embeddable":true,"href":"https:\/\/www.visionweb.com.ar\/index.php?rest_route=\/wp\/v2\/users\/3"}],"replies":[{"embeddable":true,"href":"https:\/\/www.visionweb.com.ar\/index.php?rest_route=%2Fwp%2Fv2%2Fcomments&post=20213"}],"version-history":[{"count":1,"href":"https:\/\/www.visionweb.com.ar\/index.php?rest_route=\/wp\/v2\/posts\/20213\/revisions"}],"predecessor-version":[{"id":20218,"href":"https:\/\/www.visionweb.com.ar\/index.php?rest_route=\/wp\/v2\/posts\/20213\/revisions\/20218"}],"wp:featuredmedia":[{"embeddable":true,"href":"https:\/\/www.visionweb.com.ar\/index.php?rest_route=\/wp\/v2\/media\/20217"}],"wp:attachment":[{"href":"https:\/\/www.visionweb.com.ar\/index.php?rest_route=%2Fwp%2Fv2%2Fmedia&parent=20213"}],"wp:term":[{"taxonomy":"category","embeddable":true,"href":"https:\/\/www.visionweb.com.ar\/index.php?rest_route=%2Fwp%2Fv2%2Fcategories&post=20213"},{"taxonomy":"post_tag","embeddable":true,"href":"https:\/\/www.visionweb.com.ar\/index.php?rest_route=%2Fwp%2Fv2%2Ftags&post=20213"}],"curies":[{"name":"wp","href":"https:\/\/api.w.org\/{rel}","templated":true}]}}