{"id":20205,"date":"2026-01-22T18:19:00","date_gmt":"2026-01-22T21:19:00","guid":{"rendered":"https:\/\/www.visionweb.com.ar\/?p=20205"},"modified":"2026-01-22T18:49:31","modified_gmt":"2026-01-22T21:49:31","slug":"se-inauguro-el-paseo-lineal-ferre-en-el-barrio-las-colonias","status":"publish","type":"post","link":"https:\/\/www.visionweb.com.ar\/?p=20205","title":{"rendered":"Se inaugur\u00f3 el paseo lineal Ferr\u00e9 en el barrio Las Colonias"},"content":{"rendered":"<p><strong><em>El centro recreativo posee espacios verdes con vegetaci\u00f3n nativa; cruces peatonales seguros; equipamiento saludable, deportivo y recreativo; mobiliario urbano; un p\u00f3rtico de acceso al Parque.<\/em><\/strong><!--more--><\/p>\n<p><img loading=\"lazy\" decoding=\"async\" class=\"size-medium wp-image-20206 alignleft\" src=\"https:\/\/www.visionweb.com.ar\/wp-content\/uploads\/2026\/01\/PASEO-LINEAL-FERRE-1-1-300x200.jpeg\" alt=\"\" width=\"300\" height=\"200\" srcset=\"https:\/\/www.visionweb.com.ar\/wp-content\/uploads\/2026\/01\/PASEO-LINEAL-FERRE-1-1-300x200.jpeg 300w, https:\/\/www.visionweb.com.ar\/wp-content\/uploads\/2026\/01\/PASEO-LINEAL-FERRE-1-1.jpeg 640w\" sizes=\"auto, (max-width: 300px) 100vw, 300px\" \/>Se inaugur\u00f3 en las \u00faltimas horas el nuevo Paseo Lineal Ferr\u00e9, ubicado en el\u00a0 Parque Central Las Colonias,\u00a0 Remedios de Escalada, que tiene por objetivo habilitar un nuevo espacio al aire libre para los vecinos\u00a0 con equipamiento deportivo, mobiliario urbano e iluminaci\u00f3n LED, entre otros beneficios.<\/p>\n<p>\u201cCon este Paseo logramos incorporar 11 mil metros cuadrados al Parque Central Las Colonias, que estamos embelleciendo y mejorando constantemente para que nuestros vecinos y vecinas puedan disfrutarlo. Esta es la manera en la que tenemos que seguir avanzando, con much\u00edsimo esfuerzo y trabajo, para lograr el Lan\u00fas que las y los lanusenses se merecen\u201d, resalt\u00f3 el intendente Juli\u00e1n \u00c1lvare, en el acto inaugural.<\/p>\n<p>El centro recreativo posee espacios verdes con vegetaci\u00f3n nativa; cruces peatonales seguros; equipamiento saludable, deportivo y recreativo; mobiliario urbano; un p\u00f3rtico de acceso al Parque; nueva iluminaci\u00f3n LED. Adem\u00e1s, se embellecieron los accesos al Parque Central Las Colonias y se colocaron nuevas rejas en el l\u00edmite con el mencionado sitio.<\/p>\n<p>Ese lugar forma parte del proyecto del Parque Central Las Colonias, el gran pulm\u00f3n verde de la ciudad que contempla el pol\u00edgono delimitado por las calles Ram\u00f3n Cabrero &#8211; Fray Mamerto Esqui\u00fa &#8211; 29 de Septiembre, Presb\u00edtero Jos\u00e9 Malabia &#8211; Jos\u00e9 Ingenieros &#8211; avenida Hip\u00f3lito Yrigoyen y Oncativo.<\/p>\n<p>Con esta obra se puso en valor el patrimonio del barrio Las Colonias, adem\u00e1s de mejorar la conectividad entre el Este y el Oeste del distrito, lo que contribuy\u00f3 a mejorar la calidad de vida de miles de lanusenses.<\/p>\n<p>Tambi\u00e9n particip\u00f3 de la actividad: la Jefa de Gabinete, Nadia Burgos; la secretaria de Educaci\u00f3n, Cultura y Deportes, Natalia Gradaschi, entre otros funcionarios municipales; el presidente del Honorable Concejo Deliberante (HCD) de Lan\u00fas, Nicol\u00e1s Russo; concejales, consejeros escolares y el dirigente Edgardo Depetri <strong>(VW)<\/strong>.<\/p>\n","protected":false},"excerpt":{"rendered":"<p>El centro recreativo posee espacios verdes con vegetaci\u00f3n nativa; cruces peatonales seguros; equipamiento saludable, deportivo y recreativo; mobiliario urbano; un p\u00f3rtico de acceso al Parque.<\/p>\n","protected":false},"author":3,"featured_media":20206,"comment_status":"closed","ping_status":"closed","sticky":false,"template":"","format":"standard","meta":{"_monsterinsights_skip_tracking":false,"_monsterinsights_sitenote_active":false,"_monsterinsights_sitenote_note":"","_monsterinsights_sitenote_category":0,"footnotes":""},"categories":[1],"tags":[8690,8217,1131],"class_list":["post-20205","post","type-post","status-publish","format-standard","has-post-thumbnail","hentry","category-uncategorized","tag-ferre","tag-las-colonias","tag-paseo"],"_links":{"self":[{"href":"https:\/\/www.visionweb.com.ar\/index.php?rest_route=\/wp\/v2\/posts\/20205","targetHints":{"allow":["GET"]}}],"collection":[{"href":"https:\/\/www.visionweb.com.ar\/index.php?rest_route=\/wp\/v2\/posts"}],"about":[{"href":"https:\/\/www.visionweb.com.ar\/index.php?rest_route=\/wp\/v2\/types\/post"}],"author":[{"embeddable":true,"href":"https:\/\/www.visionweb.com.ar\/index.php?rest_route=\/wp\/v2\/users\/3"}],"replies":[{"embeddable":true,"href":"https:\/\/www.visionweb.com.ar\/index.php?rest_route=%2Fwp%2Fv2%2Fcomments&post=20205"}],"version-history":[{"count":1,"href":"https:\/\/www.visionweb.com.ar\/index.php?rest_route=\/wp\/v2\/posts\/20205\/revisions"}],"predecessor-version":[{"id":20207,"href":"https:\/\/www.visionweb.com.ar\/index.php?rest_route=\/wp\/v2\/posts\/20205\/revisions\/20207"}],"wp:featuredmedia":[{"embeddable":true,"href":"https:\/\/www.visionweb.com.ar\/index.php?rest_route=\/wp\/v2\/media\/20206"}],"wp:attachment":[{"href":"https:\/\/www.visionweb.com.ar\/index.php?rest_route=%2Fwp%2Fv2%2Fmedia&parent=20205"}],"wp:term":[{"taxonomy":"category","embeddable":true,"href":"https:\/\/www.visionweb.com.ar\/index.php?rest_route=%2Fwp%2Fv2%2Fcategories&post=20205"},{"taxonomy":"post_tag","embeddable":true,"href":"https:\/\/www.visionweb.com.ar\/index.php?rest_route=%2Fwp%2Fv2%2Ftags&post=20205"}],"curies":[{"name":"wp","href":"https:\/\/api.w.org\/{rel}","templated":true}]}}