{"id":20202,"date":"2026-01-22T12:49:39","date_gmt":"2026-01-22T15:49:39","guid":{"rendered":"https:\/\/www.visionweb.com.ar\/?p=20202"},"modified":"2026-01-22T12:49:39","modified_gmt":"2026-01-22T15:49:39","slug":"shows-gratuitos-y-al-aire-libre-buenos-aires-celebra-a-spinetta","status":"publish","type":"post","link":"https:\/\/www.visionweb.com.ar\/?p=20202","title":{"rendered":"Shows gratuitos y al aire libre: Buenos Aires celebra a Spinetta"},"content":{"rendered":"<p><em><strong>Homenaje a Luis Alberto Spinetta con una importante programaci\u00f3n tributo para uno de los artistas m\u00e1s influyentes de los \u00faltimos tiempos. Ma\u00f1ana viernes 23 de enero en su cumplea\u00f1os. Para el poeta, el genio.<\/strong><\/em><!--more--><\/p>\n<p><img loading=\"lazy\" decoding=\"async\" class=\"size-medium wp-image-20203 alignright\" src=\"https:\/\/www.visionweb.com.ar\/wp-content\/uploads\/2026\/01\/Spinetta-luis-alberto-300x165.png\" alt=\"\" width=\"300\" height=\"165\" srcset=\"https:\/\/www.visionweb.com.ar\/wp-content\/uploads\/2026\/01\/Spinetta-luis-alberto-300x165.png 300w, https:\/\/www.visionweb.com.ar\/wp-content\/uploads\/2026\/01\/Spinetta-luis-alberto.png 714w\" sizes=\"auto, (max-width: 300px) 100vw, 300px\" \/>\u00a0\u00a0\u00a0\u00a0\u00a0 <strong>L<\/strong>a <strong>Ciudad de Buenos Aires<\/strong> tiene preparada una hermosa agenda para homenajear al artista <strong>Luis Alberto Spinetta<\/strong>, uno de los cantantes m\u00e1s influyentes de los \u00faltimos tiempos, con<strong>\u00a0conciertos y shows gratuitos\u00a0<\/strong>en puntos estrat\u00e9gicos de la capital.\u00a0Se trata del viernes 23 de enero, que ser\u00eda el d\u00eda de <strong>cumplea\u00f1os del Flaco,<\/strong> <strong>fecha que a la vez coincide con el D\u00eda Nacional del M\u00fasico.<\/strong><\/p>\n<p>Cabe destacar, que todos los 23 de enero se llevan a cabo\u00a0<strong>conciertos tributo, espacios culturales activos y escenarios\u00a0<\/strong>que homenajean al artista, inform\u00f3 Agencia NA.<\/p>\n<p><strong>Spinetta Infinito (Centro Cultural Recoleta)<\/strong><\/p>\n<p>A las 19:30 de este viernes, se realizar\u00e1 un concierto tributo con un grupo estable y cantantes invitados que reinterpretan <strong>la obra del \u201cFlaco\u201d<\/strong> en la Terraza del <strong>CC Recoleta<\/strong>. El line up est\u00e1 conformado por\u00a0<strong>Marina Wil, Juli\u00e1n Baglietto, MOAH, Juan Mehler, Le\u00f3n Peirone, Lautaro Bancalari y Lautaro Moreno.<\/strong><\/p>\n<p><strong>La\u00a0entrada es sin cargo para argentinos y residentes, con ingreso por orden de llegada hasta agotar la capacidad. No se suspende por lluvia.\u00a0<\/strong><\/p>\n<p><strong>Spinetta: El Marcapiel (Ciudad Cultural Konex)<\/strong><\/p>\n<p>Este viernes se celebra la quinta edici\u00f3n de \u201cEl Marcapiel\u201d, un emblem\u00e1tico homenaje que re\u00fane a artistas que tocaron con Spinetta, adem\u00e1s de la participaci\u00f3n de otros invitados especiales.<\/p>\n<p>La nueva edici\u00f3n est\u00e1 a cargo de\u00a0<strong>Javier Malosetti\u00a0<\/strong>y se realizar\u00e1 en el <strong>Patio del Konex<\/strong>.<\/p>\n<p><strong>Anfiteatro de Parque Centenario<\/strong><\/p>\n<p>A la vez, en el marco del D\u00eda del M\u00fasico, el anfiteatro del Parque Centenario reabre sus puertas para dar inicio a un <strong>ciclo de conciertos gratuitos<\/strong> en el escenario. A\u00fan no se anunci\u00f3 la programaci\u00f3n oficial, pero se espera que <strong>el primer show sea un homenaje a El Flaco<\/strong>. <strong>(VW)<\/strong><\/p>\n<p>&nbsp;<\/p>\n","protected":false},"excerpt":{"rendered":"<p>Homenaje a Luis Alberto Spinetta con una importante programaci\u00f3n tributo para uno de los artistas m\u00e1s influyentes de los \u00faltimos tiempos. Ma\u00f1ana viernes 23 de enero en su cumplea\u00f1os. Para el poeta, el genio.<\/p>\n","protected":false},"author":4,"featured_media":20203,"comment_status":"closed","ping_status":"closed","sticky":false,"template":"","format":"standard","meta":{"_monsterinsights_skip_tracking":false,"_monsterinsights_sitenote_active":false,"_monsterinsights_sitenote_note":"","_monsterinsights_sitenote_category":0,"footnotes":""},"categories":[8],"tags":[8689,8688,8687],"class_list":["post-20202","post","type-post","status-publish","format-standard","has-post-thumbnail","hentry","category-interes-general","tag-23-de-enero","tag-ciudad-ba","tag-homenaje-a-luis-alberto-spinetta"],"_links":{"self":[{"href":"https:\/\/www.visionweb.com.ar\/index.php?rest_route=\/wp\/v2\/posts\/20202","targetHints":{"allow":["GET"]}}],"collection":[{"href":"https:\/\/www.visionweb.com.ar\/index.php?rest_route=\/wp\/v2\/posts"}],"about":[{"href":"https:\/\/www.visionweb.com.ar\/index.php?rest_route=\/wp\/v2\/types\/post"}],"author":[{"embeddable":true,"href":"https:\/\/www.visionweb.com.ar\/index.php?rest_route=\/wp\/v2\/users\/4"}],"replies":[{"embeddable":true,"href":"https:\/\/www.visionweb.com.ar\/index.php?rest_route=%2Fwp%2Fv2%2Fcomments&post=20202"}],"version-history":[{"count":1,"href":"https:\/\/www.visionweb.com.ar\/index.php?rest_route=\/wp\/v2\/posts\/20202\/revisions"}],"predecessor-version":[{"id":20204,"href":"https:\/\/www.visionweb.com.ar\/index.php?rest_route=\/wp\/v2\/posts\/20202\/revisions\/20204"}],"wp:featuredmedia":[{"embeddable":true,"href":"https:\/\/www.visionweb.com.ar\/index.php?rest_route=\/wp\/v2\/media\/20203"}],"wp:attachment":[{"href":"https:\/\/www.visionweb.com.ar\/index.php?rest_route=%2Fwp%2Fv2%2Fmedia&parent=20202"}],"wp:term":[{"taxonomy":"category","embeddable":true,"href":"https:\/\/www.visionweb.com.ar\/index.php?rest_route=%2Fwp%2Fv2%2Fcategories&post=20202"},{"taxonomy":"post_tag","embeddable":true,"href":"https:\/\/www.visionweb.com.ar\/index.php?rest_route=%2Fwp%2Fv2%2Ftags&post=20202"}],"curies":[{"name":"wp","href":"https:\/\/api.w.org\/{rel}","templated":true}]}}