{"id":20199,"date":"2026-01-22T12:26:06","date_gmt":"2026-01-22T15:26:06","guid":{"rendered":"https:\/\/www.visionweb.com.ar\/?p=20199"},"modified":"2026-01-22T18:54:56","modified_gmt":"2026-01-22T21:54:56","slug":"este-vienes-se-pondra-en-marcha-el-programa-tardes-de-vacunacion-en-lanus","status":"publish","type":"post","link":"https:\/\/www.visionweb.com.ar\/?p=20199","title":{"rendered":"Este viernes se pondr\u00e1 en marcha el programa \u201cTardes de Vacunaci\u00f3n\u201d en Lan\u00fas"},"content":{"rendered":"<p><em><strong>La iniciativa del Municipio propone el acceso a las vacunas del calendario anual completo, como tambi\u00e9n vacuna antirr\u00e1bica para mascotas. Ser\u00e1 en la plaza Ricardo Rojas, Gerli.<\/strong><\/em><!--more--><\/p>\n<p><strong><img loading=\"lazy\" decoding=\"async\" class=\"size-medium wp-image-20200 alignleft\" src=\"https:\/\/www.visionweb.com.ar\/wp-content\/uploads\/2026\/01\/Tardes-de-Vacunacion-lanus-239x300.jpg\" alt=\"\" width=\"239\" height=\"300\" srcset=\"https:\/\/www.visionweb.com.ar\/wp-content\/uploads\/2026\/01\/Tardes-de-Vacunacion-lanus-239x300.jpg 239w, https:\/\/www.visionweb.com.ar\/wp-content\/uploads\/2026\/01\/Tardes-de-Vacunacion-lanus.jpg 360w\" sizes=\"auto, (max-width: 239px) 100vw, 239px\" \/>\u00a0\u00a0 Lan\u00fas Gobierno<\/strong> llevar\u00e1 adelante este viernes 23 de enero, el <strong>programa \u201cTardes de Vacunaci\u00f3n\u201d<\/strong>, en la plaza Ricardo Rojas, ubicada en Bustamante N\u00b0 900 en Gerli, en el horario de 17 a 20 y de forma totalmente gratuita para loa comunidad.<\/p>\n<p>La iniciativa propone el acceso a las <strong>vacunas del calendario anual completo<\/strong>; contra el dengue; contra el COVID-19; antigripal; antineumoc\u00f3cica (Prevenar 20); contra el Virus Sincicial Respiratorio (VSR); y antirr\u00e1bica para perros y gatos.<\/p>\n<p>Esta actividad busca que la ciudadan\u00eda en general tome conciencia sobre lo vital que es este procedimiento, ya que la vacunaci\u00f3n es una de las herramientas m\u00e1s importantes para prevenir enfermedades, inform\u00f3 Prensa de la Comuna. <strong>(VW)<\/strong><\/p>\n<p>&nbsp;<\/p>\n","protected":false},"excerpt":{"rendered":"<p>La iniciativa del Municipio propone el acceso a las vacunas del calendario anual completo, como tambi\u00e9n vacuna antirr\u00e1bica para mascotas. Ser\u00e1 en la plaza Ricardo Rojas, Gerli.<\/p>\n","protected":false},"author":4,"featured_media":20200,"comment_status":"closed","ping_status":"closed","sticky":false,"template":"","format":"standard","meta":{"_monsterinsights_skip_tracking":false,"_monsterinsights_sitenote_active":false,"_monsterinsights_sitenote_note":"","_monsterinsights_sitenote_category":0,"footnotes":""},"categories":[8,5],"tags":[8685,8686,19],"class_list":["post-20199","post","type-post","status-publish","format-standard","has-post-thumbnail","hentry","category-interes-general","category-sociedad","tag-tardes-de-vacunacion","tag-calendario-de-vacunas","tag-lanus"],"_links":{"self":[{"href":"https:\/\/www.visionweb.com.ar\/index.php?rest_route=\/wp\/v2\/posts\/20199","targetHints":{"allow":["GET"]}}],"collection":[{"href":"https:\/\/www.visionweb.com.ar\/index.php?rest_route=\/wp\/v2\/posts"}],"about":[{"href":"https:\/\/www.visionweb.com.ar\/index.php?rest_route=\/wp\/v2\/types\/post"}],"author":[{"embeddable":true,"href":"https:\/\/www.visionweb.com.ar\/index.php?rest_route=\/wp\/v2\/users\/4"}],"replies":[{"embeddable":true,"href":"https:\/\/www.visionweb.com.ar\/index.php?rest_route=%2Fwp%2Fv2%2Fcomments&post=20199"}],"version-history":[{"count":2,"href":"https:\/\/www.visionweb.com.ar\/index.php?rest_route=\/wp\/v2\/posts\/20199\/revisions"}],"predecessor-version":[{"id":20208,"href":"https:\/\/www.visionweb.com.ar\/index.php?rest_route=\/wp\/v2\/posts\/20199\/revisions\/20208"}],"wp:featuredmedia":[{"embeddable":true,"href":"https:\/\/www.visionweb.com.ar\/index.php?rest_route=\/wp\/v2\/media\/20200"}],"wp:attachment":[{"href":"https:\/\/www.visionweb.com.ar\/index.php?rest_route=%2Fwp%2Fv2%2Fmedia&parent=20199"}],"wp:term":[{"taxonomy":"category","embeddable":true,"href":"https:\/\/www.visionweb.com.ar\/index.php?rest_route=%2Fwp%2Fv2%2Fcategories&post=20199"},{"taxonomy":"post_tag","embeddable":true,"href":"https:\/\/www.visionweb.com.ar\/index.php?rest_route=%2Fwp%2Fv2%2Ftags&post=20199"}],"curies":[{"name":"wp","href":"https:\/\/api.w.org\/{rel}","templated":true}]}}