{"id":20196,"date":"2026-01-22T11:54:12","date_gmt":"2026-01-22T14:54:12","guid":{"rendered":"https:\/\/www.visionweb.com.ar\/?p=20196"},"modified":"2026-01-22T11:54:12","modified_gmt":"2026-01-22T14:54:12","slug":"incendios-en-la-patagonia-incesantes-tareas-de-brigadistas","status":"publish","type":"post","link":"https:\/\/www.visionweb.com.ar\/?p=20196","title":{"rendered":"Incendios en la Patagonia: Incesantes tareas de brigadistas"},"content":{"rendered":"<p><em><strong>Se aguardan a las lluvias para sofocar las llamas. Se estima que ya se quemaron m\u00e1s de 30 mil hect\u00e1reas en toda la provincia. El fuego permanece dentro de los \u00e1rboles y se reactiva con viento y altas temperaturas. Las autoridades insistieron en que el turismo no corre riesgo y pidieron no cancelar viajes a la regi\u00f3n.<\/strong><\/em><!--more--><\/p>\n<div id=\"attachment_20197\" style=\"width: 310px\" class=\"wp-caption alignright\"><img loading=\"lazy\" decoding=\"async\" aria-describedby=\"caption-attachment-20197\" class=\"wp-image-20197 size-medium\" src=\"https:\/\/www.visionweb.com.ar\/wp-content\/uploads\/2026\/01\/incendios-chubut-300x170.png\" alt=\"\" width=\"300\" height=\"170\" srcset=\"https:\/\/www.visionweb.com.ar\/wp-content\/uploads\/2026\/01\/incendios-chubut-300x170.png 300w, https:\/\/www.visionweb.com.ar\/wp-content\/uploads\/2026\/01\/incendios-chubut.png 580w\" sizes=\"auto, (max-width: 300px) 100vw, 300px\" \/><p id=\"caption-attachment-20197\" class=\"wp-caption-text\">Ruta 40 Foto Diario RN<\/p><\/div>\n<p><strong> \u00a0\u00a0\u00a0 L<\/strong>os\u00a0<strong>incendios en Chubut no dan tregua<\/strong>\u00a0y para este jueves se esperan<strong>\u00a0lluvias <\/strong>que podr\u00edan contrubuir a sofocar las llamas y los nuevos focos que comenzaron en las \u00faltimas horas, mientras que se estima que ya se quemaron\u00a0<strong>m\u00e1s de 30 mil hect\u00e1reas en toda la provincia.<\/strong><\/p>\n<p>El <strong>Servicio Meteorol\u00f3gico Nacional (SMN)<\/strong> prev\u00e9 para hoy <strong>fuertes lluvias<\/strong> <strong>y hasta\u00a0alerta amarilla en Parque Nacional Los Alerces y zonas aleda\u00f1as<\/strong>, las cuales se mantendr\u00e1n toda la jornada.<\/p>\n<p>A su vez, luego de varios d\u00edas de temperaturas elevadas, se espera que durante una semana\u00a0<strong>las m\u00e1ximas no superen los 23\u00b0<\/strong>, otro factor que permitir\u00e1 mitigar los incendios forestales, conforme indic\u00f3 Agencia NA.<\/p>\n<p>Durante el mi\u00e9rcoles las <strong>autoridades del Parque Nacional<\/strong> comunicaron que se trat\u00f3 de un d\u00eda con condiciones extremas debido a los fuertes vientos y las altas temperaturas:\u00a0<strong>\u201cLos factores combinados de meteorolog\u00eda adversa y topograf\u00eda compleja generan condiciones cr\u00edticas\u201d.<\/strong><\/p>\n<p><strong>En ese contexto, Bariloche envi\u00f3<\/strong> un equipo de brigadistas del\u00a0<strong>Servicio de Prevenci\u00f3n y Lucha contra Incendios Forestales<\/strong>\u00a0(<strong>Splif<\/strong>) <strong>para combatir el fuego en Puerto Patriada y Epuy\u00e9n, <\/strong>indic\u00f3 Diario de R\u00edo Negro.<\/p>\n<p>Focos activos:<\/p>\n<p>En las \u00faltimas horas se registr\u00f3 una\u00a0<strong>fuerte reactivaci\u00f3n de los incendios forestales<\/strong>\u00a0en la zona de\u00a0<strong>Epuy\u00e9n<\/strong>\u00a0y en el \u00e1rea del\u00a0<strong>Parque nacional Los Alerces<\/strong>, y contin\u00faan las altas temperaturas.<\/p>\n<p>Los\u00a0<strong>bomberos deben ingresar a pie<\/strong>\u00a0en sectores de dif\u00edcil acceso, para <strong>recorridas permanentes y tareas de enfriamiento<\/strong>\u00a0para evitar nuevos focos.<\/p>\n<p>Seg\u00fan confirmaron fuentes locales,\u00a0<strong>las llamas ya arrasaron bosques nativos<\/strong>\u00a0en el\u00a0<strong>valle del arroyo Planicie<\/strong>, en los\u00a0<strong>ca\u00f1adones de El Trueno<\/strong>\u00a0y en el sector de\u00a0<strong>Bah\u00eda Las Percas<\/strong>, \u00e1reas de alto valor ambiental que quedaron seriamente afectadas.<\/p>\n<p>Desde el operativo en terreno, el <strong>presidente de Bomberos de El Bols\u00f3n<\/strong>,\u00a0<strong>Juan Carlos Mart\u00ednez<\/strong>, advirti\u00f3 que el escenario contin\u00faa siendo inestable. Explic\u00f3 que\u00a0<strong>el fuego permanece dentro de los \u00e1rboles y se reactiva con viento y altas temperaturas<\/strong>.<\/p>\n<p><strong>\u201cLo peor que nos puede pasar es bajar la guardia\u201d<\/strong>, en di\u00e1logo con\u00a0LN+, y describi\u00f3 el combate como \u201cun trabajo arduo\u201d que exige guardias permanentes y recorridas constantes. Para sostener el operativo,\u00a0<strong>se implementaron rotaciones cada ocho horas y se reforzaron los equipos con bomberos de distintos cuarteles del pa\u00eds<\/strong>, adem\u00e1s del apoyo a\u00e9reo enviado desde otras provincias.<\/p>\n<p>A la vez,\u00a0<strong>las autoridades insistieron en que el turismo no corre riesgo y pidieron no cancelar viajes a la regi\u00f3n<\/strong>.<\/p>\n<p>C<strong>hile<\/strong>\u00a0por su parte, vive por estas horas una similar\u00a0<strong>situaci\u00f3n de desesperaci\u00f3n por los incendios forestales<\/strong>\u00a0que atraviesan el sur de su territorio.<\/p>\n<p>L<strong>os focos \u00edgneos dejaron a su paso al menos 19 v\u00edctimas fatales\u00a0<\/strong>hasta el momento\u00a0<strong>y unas 50.000 personas evacuadas<\/strong>, seg\u00fan confirm\u00f3 el presidente\u00a0<strong>Gabriel Boric<\/strong>.\u00a0<strong>\u201cTenemos la certeza de que ese n\u00famero va a aumentar\u201d<\/strong>, afirm\u00f3 el mandatario chileno, que viaj\u00f3 a la ciudad de Concepci\u00f3n para liderar las labores de control de las llamas. <strong>(VW)<\/strong><\/p>\n","protected":false},"excerpt":{"rendered":"<p>Se aguardan a las lluvias para sofocar las llamas. Se estima que ya se quemaron m\u00e1s de 30 mil hect\u00e1reas en toda la provincia. El fuego permanece dentro de los \u00e1rboles y se reactiva&#46;&#46;&#46;<\/p>\n","protected":false},"author":4,"featured_media":20197,"comment_status":"closed","ping_status":"closed","sticky":false,"template":"","format":"standard","meta":{"_monsterinsights_skip_tracking":false,"_monsterinsights_sitenote_active":false,"_monsterinsights_sitenote_note":"","_monsterinsights_sitenote_category":0,"footnotes":""},"categories":[8],"tags":[857,712,8684],"class_list":["post-20196","post","type-post","status-publish","format-standard","has-post-thumbnail","hentry","category-interes-general","tag-bomberos","tag-chubut","tag-incendios-en-la-patagonia"],"_links":{"self":[{"href":"https:\/\/www.visionweb.com.ar\/index.php?rest_route=\/wp\/v2\/posts\/20196","targetHints":{"allow":["GET"]}}],"collection":[{"href":"https:\/\/www.visionweb.com.ar\/index.php?rest_route=\/wp\/v2\/posts"}],"about":[{"href":"https:\/\/www.visionweb.com.ar\/index.php?rest_route=\/wp\/v2\/types\/post"}],"author":[{"embeddable":true,"href":"https:\/\/www.visionweb.com.ar\/index.php?rest_route=\/wp\/v2\/users\/4"}],"replies":[{"embeddable":true,"href":"https:\/\/www.visionweb.com.ar\/index.php?rest_route=%2Fwp%2Fv2%2Fcomments&post=20196"}],"version-history":[{"count":1,"href":"https:\/\/www.visionweb.com.ar\/index.php?rest_route=\/wp\/v2\/posts\/20196\/revisions"}],"predecessor-version":[{"id":20198,"href":"https:\/\/www.visionweb.com.ar\/index.php?rest_route=\/wp\/v2\/posts\/20196\/revisions\/20198"}],"wp:featuredmedia":[{"embeddable":true,"href":"https:\/\/www.visionweb.com.ar\/index.php?rest_route=\/wp\/v2\/media\/20197"}],"wp:attachment":[{"href":"https:\/\/www.visionweb.com.ar\/index.php?rest_route=%2Fwp%2Fv2%2Fmedia&parent=20196"}],"wp:term":[{"taxonomy":"category","embeddable":true,"href":"https:\/\/www.visionweb.com.ar\/index.php?rest_route=%2Fwp%2Fv2%2Fcategories&post=20196"},{"taxonomy":"post_tag","embeddable":true,"href":"https:\/\/www.visionweb.com.ar\/index.php?rest_route=%2Fwp%2Fv2%2Ftags&post=20196"}],"curies":[{"name":"wp","href":"https:\/\/api.w.org\/{rel}","templated":true}]}}