{"id":20187,"date":"2026-01-21T17:32:35","date_gmt":"2026-01-21T20:32:35","guid":{"rendered":"https:\/\/www.visionweb.com.ar\/?p=20187"},"modified":"2026-01-21T17:48:01","modified_gmt":"2026-01-21T20:48:01","slug":"20187","status":"publish","type":"post","link":"https:\/\/www.visionweb.com.ar\/?p=20187","title":{"rendered":"La producci\u00f3n industrial bonaerense muestra una recuperaci\u00f3n del 2,5%"},"content":{"rendered":"<p><em><strong>Los datos adelantados de noviembre mostraron un crecimiento en el patentamiento de autos (+1,3% i.a) que sigui\u00f3 por senderos positivos aunque desaceler\u00e1ndose fuertemente. Pero los salarios siguen a la baja.<\/strong><\/em><!--more--><\/p>\n<p><img loading=\"lazy\" decoding=\"async\" class=\"size-medium wp-image-13382 alignright\" src=\"https:\/\/www.visionweb.com.ar\/wp-content\/uploads\/2024\/01\/industrias-300x263.png\" alt=\"\" width=\"300\" height=\"263\" srcset=\"https:\/\/www.visionweb.com.ar\/wp-content\/uploads\/2024\/01\/industrias-300x263.png 300w, https:\/\/www.visionweb.com.ar\/wp-content\/uploads\/2024\/01\/industrias.png 458w\" sizes=\"auto, (max-width: 300px) 100vw, 300px\" \/>En septiembre, la actividad industrial de la PBA aument\u00f3 +2,5% i.a, por d\u00e9cimo mes consecutivo, suba interanual que se debe, en gran parte, a la baja base de comparaci\u00f3n.<\/p>\n<p>Sin embargo, en la medici\u00f3n mensual\u00a0 s<strong>e produjo una retracci\u00f3n del orden del 3,2%, <\/strong>de acuerdo al \u00faltimo informe publicado por la Uni\u00f3n Industrial de la Provincia de Buenos Aires (UIPBA).<\/p>\n<p>Pero hubo cuatro sectores que cayeron en la comparaci\u00f3n interanual.<\/p>\n<p>La baja m\u00e1s pronunciada se dio<strong> en Caucho y pl\u00e1sticos,<\/strong> que registr\u00f3 el septiembre m\u00e1s bajo de la serie, consign\u00f3 el trabajo al que accedi\u00f3 www.visionweb.com.<\/p>\n<p>En los primeros ocho meses del a\u00f1o, la industria acumul\u00f3 un crecimiento del +4,4% en comparaci\u00f3n al mismo periodo del a\u00f1o pasado, as\u00ed se asegur\u00f3 en el informe industrial Enero 2026.<\/p>\n<p>En agosto, los salarios privados de la PBA cayeron en t\u00e9rminos mensuales e implic\u00f3 <strong>una p\u00e9rdida de 5.290 puestos laborales.<\/strong><\/p>\n<p>Los datos adelantados de noviembre mostraron un crecimiento en el patentamiento de autos (+1,3% i.a) que sigui\u00f3 por senderos positivos, aunque se desaceler\u00f3 fuertemente respecto a meses previos. Los de motos y maquinaria agr\u00edcola cayeron -1,3% i.a y -15,1% i.a respectivamente.<\/p>\n<p>De todos modos, los patentamientos aumentaron en noviembre un 1,13% y en el acumulado interanual el crecimiento fue del orden del 50,1%.<\/p>\n<p>En octubre, las exportaciones totales de la PBA crecieron un 2,0% i.a. consolidando una tendencia positiva en los \u00faltimos cinco meses. Todos los rubros presentaron incrementos. Por su parte, las exportaciones industriales tambi\u00e9n mostraron un aumento del 1,3% interanual.<\/p>\n<p>Seg\u00fan la \u00faltima encuesta, la PBA registr\u00f3 un aumento de empresas con ca\u00eddas en producci\u00f3n y ventas, mientras que las exportaciones mostraron una leve mejora. El empleo se mantuvo estable en las empresas que redujeron personal, pero cay\u00f3 la proporci\u00f3n de las que lo incrementaron. En la comparaci\u00f3n interanual mostr\u00f3 apenas una leve suba del 0,1%, de <strong>acurdo con los datos publicados por la UIPBA.<\/strong><\/p>\n<p>En tanto que en el rubro empleo industrial, l<strong>a ca\u00edda fue del 1,3%, mientras que en el acumulado anual ese n\u00famero trep\u00f3 a poco m\u00e1s de 7,06%.\u00a0 \u00a0\u00a0<\/strong><\/p>\n<p>Adem\u00e1s, el 50% de las empresas tuvo dificultades para afrontar al menos un pago y el 10,6% present\u00f3 problemas para cumplir con todos, el m\u00e1ximo de la serie.<strong>(vw)<\/strong><\/p>\n","protected":false},"excerpt":{"rendered":"<p>Los datos adelantados de noviembre mostraron un crecimiento en el patentamiento de autos (+1,3% i.a) que sigui\u00f3 por senderos positivos aunque desaceler\u00e1ndose fuertemente. Pero los salarios siguen a la baja.<\/p>\n","protected":false},"author":3,"featured_media":13382,"comment_status":"closed","ping_status":"closed","sticky":false,"template":"","format":"standard","meta":{"_monsterinsights_skip_tracking":false,"_monsterinsights_sitenote_active":false,"_monsterinsights_sitenote_note":"","_monsterinsights_sitenote_category":0,"footnotes":""},"categories":[1],"tags":[3775,299,3806,6058],"class_list":["post-20187","post","type-post","status-publish","format-standard","has-post-thumbnail","hentry","category-uncategorized","tag-coyuntura","tag-industrias","tag-retraccion","tag-uipba"],"_links":{"self":[{"href":"https:\/\/www.visionweb.com.ar\/index.php?rest_route=\/wp\/v2\/posts\/20187","targetHints":{"allow":["GET"]}}],"collection":[{"href":"https:\/\/www.visionweb.com.ar\/index.php?rest_route=\/wp\/v2\/posts"}],"about":[{"href":"https:\/\/www.visionweb.com.ar\/index.php?rest_route=\/wp\/v2\/types\/post"}],"author":[{"embeddable":true,"href":"https:\/\/www.visionweb.com.ar\/index.php?rest_route=\/wp\/v2\/users\/3"}],"replies":[{"embeddable":true,"href":"https:\/\/www.visionweb.com.ar\/index.php?rest_route=%2Fwp%2Fv2%2Fcomments&post=20187"}],"version-history":[{"count":4,"href":"https:\/\/www.visionweb.com.ar\/index.php?rest_route=\/wp\/v2\/posts\/20187\/revisions"}],"predecessor-version":[{"id":20191,"href":"https:\/\/www.visionweb.com.ar\/index.php?rest_route=\/wp\/v2\/posts\/20187\/revisions\/20191"}],"wp:featuredmedia":[{"embeddable":true,"href":"https:\/\/www.visionweb.com.ar\/index.php?rest_route=\/wp\/v2\/media\/13382"}],"wp:attachment":[{"href":"https:\/\/www.visionweb.com.ar\/index.php?rest_route=%2Fwp%2Fv2%2Fmedia&parent=20187"}],"wp:term":[{"taxonomy":"category","embeddable":true,"href":"https:\/\/www.visionweb.com.ar\/index.php?rest_route=%2Fwp%2Fv2%2Fcategories&post=20187"},{"taxonomy":"post_tag","embeddable":true,"href":"https:\/\/www.visionweb.com.ar\/index.php?rest_route=%2Fwp%2Fv2%2Ftags&post=20187"}],"curies":[{"name":"wp","href":"https:\/\/api.w.org\/{rel}","templated":true}]}}