{"id":20183,"date":"2026-01-21T16:48:35","date_gmt":"2026-01-21T19:48:35","guid":{"rendered":"https:\/\/www.visionweb.com.ar\/?p=20183"},"modified":"2026-01-21T16:49:10","modified_gmt":"2026-01-21T19:49:10","slug":"kicillof-se-reunio-con-empresarios-y-representantes-de-distintos-sectores-productivos","status":"publish","type":"post","link":"https:\/\/www.visionweb.com.ar\/?p=20183","title":{"rendered":"Kicillof se reuni\u00f3 con empresarios y representantes de distintos sectores productivos"},"content":{"rendered":"<p><strong><em>Adem\u00e1s, el Gobernador recorri\u00f3 el parque acu\u00e1tico Puerto Aventura, donde se realizan actividades recreativas del programa Escuelas Abiertas en Verano.<\/em><\/strong><!--more--><\/p>\n<p><img loading=\"lazy\" decoding=\"async\" class=\"size-medium wp-image-20184 alignright\" src=\"https:\/\/www.visionweb.com.ar\/wp-content\/uploads\/2026\/01\/CHASCOMUS-EMPRESARIOS-300x135.png\" alt=\"\" width=\"300\" height=\"135\" srcset=\"https:\/\/www.visionweb.com.ar\/wp-content\/uploads\/2026\/01\/CHASCOMUS-EMPRESARIOS-300x135.png 300w, https:\/\/www.visionweb.com.ar\/wp-content\/uploads\/2026\/01\/CHASCOMUS-EMPRESARIOS.png 640w\" sizes=\"auto, (max-width: 300px) 100vw, 300px\" \/>Se concret\u00f3 este martes en Chascom\u00fas una reuni\u00f3n productiva con representantes de la industria, el turismo, el comercio, la cultura y el sector agrario, presidida por el gobernador bonaerense Axel Kicillof .<\/p>\n<p>Del encuentro particip\u00f3 tambi\u00e9n la vicegobernadora Ver\u00f3nica Magario; junto a los ministros de Producci\u00f3n, Ciencia e Innovaci\u00f3n Tecnol\u00f3gica, Augusto Costa; de Desarrollo Agrario, Javier Rodr\u00edguez; y el intendente local, Javier Gast\u00f3n.<\/p>\n<p>En ese marco, Kicillof afirm\u00f3: <em>\u201cEstamos viviendo una crisis de tal magnitud que en esta reuni\u00f3n hemos escuchado a peque\u00f1os, medianos y grandes productores de distintos puntos geogr\u00e1ficos de la Provincia y todos coinciden con que les est\u00e1 yendo mal\u201d.<\/em><\/p>\n<p>Con relaci\u00f3n a esas afirmaciones, el mandatario bonaerense a\u00f1adi\u00f3 que\u00a0 <em>\u201cNo es casualidad, es culpa de un modelo impuesto por el Gobierno nacional hace m\u00e1s de dos a\u00f1os para atacar a los trabajadores, los comerciantes y los empresarios pymes\u201d<\/em><\/p>\n<p>\u00ab<em>La Argentina est\u00e1 viviendo una fuerte crisis econ\u00f3mica e industrial producto de una pol\u00edtica econ\u00f3mica destinada a destruir el mercado interno. Al bajar los salarios y las jubilaciones, cae el consumo, la producci\u00f3n y el turismo\u201d<\/em>, sostuvo el Gobernador<\/p>\n<p>En esa misma direcci\u00f3n, Kicillof a\u00f1adi\u00f3 que:<em> \u201cEsa situaci\u00f3n se est\u00e1 viendo reflejada en una temporada de verano que no solo es descanso y disfrute, sino tambi\u00e9n la principal fuente de ingresos de millones de familias bonaerenses\u201d<\/em>.<\/p>\n<p><strong>Mas cr\u00edticas al oficialismo<\/strong><\/p>\n<p>Por su parte, Magario remarc\u00f3: <em>\u201cDesde que asumi\u00f3 Javier Milei, todas las actividades econ\u00f3micas est\u00e1n deprimidas y se acab\u00f3 el ciclo virtuoso de la producci\u00f3n, el trabajo, los salarios dignos y el consumo\u201d. \u201cDebemos recuperar las pol\u00edticas que permiten que nuestro pa\u00eds crezca y que haya m\u00e1s derechos<\/em>\u201d, indic\u00f3.<\/p>\n<p>Del encuentro participaron m\u00e1s de 250 representantes industriales, tur\u00edsticos, gastron\u00f3micos, comerciales y metal\u00fargicos, entre otros, con el fin de analizar el desarrollo de la temporada de verano y el impacto de las medidas econ\u00f3micas del Gobierno nacional en cada una de las ramas productivas.<\/p>\n<p>Al respecto, Costa sostuvo:<em> \u201cLo que genera el turismo en materia de ingreso y de trabajo lamentablemente se ve muy restringido por responsabilidad de un Gobierno nacional que, con su pol\u00edtica econ\u00f3mica, les quita poder adquisitivo a los potenciales veraneantes y no tiene l\u00edneas de apoyo para el sector<\/em>\u201d.<\/p>\n<p>En tanto, Rodr\u00edguez subray\u00f3: <em>\u201cProducto de la crisis econ\u00f3mica que viven muchas familias, estamos viendo una ca\u00edda generalizada de la demanda en todos los sectores, que llega incluso a alimentos como la carne vacuna, la leche o las frutas\u201d<\/em>.<\/p>\n<p><em>\u201cEn este contexto, acompa\u00f1amos a los distintos actores productivos y continuamos con estos encuentros que permiten mejorar las pol\u00edticas p\u00fablicas destinadas a cada sector\u201d,<\/em> agreg\u00f3.<\/p>\n<h4><strong>El impacto en el turismo<\/strong><\/h4>\n<p><em>\u201cEsta temporada estamos teniendo una ocupaci\u00f3n del 62%, lo que representa una ca\u00edda respecto de lo que est\u00e1bamos acostumbrados. Adem\u00e1s, disminuy\u00f3 un 40% el gasto que las y los turistas hacen en los comercios de Chascom\u00fas, afectando fuertemente los ingresos de las familias locales<\/em>\u201d, remarc\u00f3 el intendente Gast\u00f3n.<\/p>\n<p>Durante la jornada, Kicillof y la directora general de Cultura y Educaci\u00f3n, Flavia Terigi, recorrieron <strong>el parque acu\u00e1tico Puerto Aventura,<\/strong> donde ni\u00f1as y ni\u00f1os de diferentes escuelas locales participan de actividades recreativas <strong>en el marco del programa Escuelas Abiertas en Verano.<\/strong><\/p>\n<p>Por \u00faltimo, Kicillof subray\u00f3: \u201c<em>Vamos a seguir escuchando, acompa\u00f1ando y brindando respuestas a todos los sectores de la econom\u00eda: no podemos sustituir ni reemplazar al Gobierno nacional, pero continuaremos acercando todas las herramientas que est\u00e9n a nuestro alcance para minimizar el impacto de las pol\u00edticas antiindustriales y para proteger el trabajo\u201d.<\/em><\/p>\n<p>Participaron de las actividades la jefa de Asesores del Gobernador, Cristina \u00c1lvarez Rodr\u00edguez; los ministros de Gobierno, Carlos Bianco; de Desarrollo de la Comunidad, Andr\u00e9s Larroque; y la ministra de Mujeres y Diversidad, Estela D\u00edaz; la presidenta del Instituto Cultural, Florencia Saintout; el presidente de Banco Provincia, Juan Cuattromo; funcionarios y funcionarias provinciales.<\/p>\n<p>Adem\u00e1s, la diputada nacional Fernanda Mi\u00f1o; el senador provincial Jorge Paredi; y los intendentes de Ca\u00f1uelas, Marisa Fassi; de General Alvarado, Sebasti\u00e1n Ianantuony; de General Paz, Juan Manuel \u00c1lvarez; de General Madariaga, Esteban Santoro; de Villa Gesell, Gustavo Barrera; de Monte, Jos\u00e9 Castro; de Las Flores, Alberto Gelene (en uso de licencia); y los jefes comunales interinos de Castelli, Sebasti\u00e1n Echarren; y de Saladillo, Alejandro Armend\u00e1riz.<strong>(VW)<\/strong><\/p>\n","protected":false},"excerpt":{"rendered":"<p>Adem\u00e1s, el Gobernador recorri\u00f3 el parque acu\u00e1tico Puerto Aventura, donde se realizan actividades recreativas del programa Escuelas Abiertas en Verano.<\/p>\n","protected":false},"author":3,"featured_media":20184,"comment_status":"closed","ping_status":"closed","sticky":false,"template":"","format":"standard","meta":{"_monsterinsights_skip_tracking":false,"_monsterinsights_sitenote_active":false,"_monsterinsights_sitenote_note":"","_monsterinsights_sitenote_category":0,"footnotes":""},"categories":[4],"tags":[376,4539,264,49],"class_list":["post-20183","post","type-post","status-publish","format-standard","has-post-thumbnail","hentry","category-politica","tag-chascomus","tag-empresarios","tag-intendentes","tag-turismo"],"_links":{"self":[{"href":"https:\/\/www.visionweb.com.ar\/index.php?rest_route=\/wp\/v2\/posts\/20183","targetHints":{"allow":["GET"]}}],"collection":[{"href":"https:\/\/www.visionweb.com.ar\/index.php?rest_route=\/wp\/v2\/posts"}],"about":[{"href":"https:\/\/www.visionweb.com.ar\/index.php?rest_route=\/wp\/v2\/types\/post"}],"author":[{"embeddable":true,"href":"https:\/\/www.visionweb.com.ar\/index.php?rest_route=\/wp\/v2\/users\/3"}],"replies":[{"embeddable":true,"href":"https:\/\/www.visionweb.com.ar\/index.php?rest_route=%2Fwp%2Fv2%2Fcomments&post=20183"}],"version-history":[{"count":1,"href":"https:\/\/www.visionweb.com.ar\/index.php?rest_route=\/wp\/v2\/posts\/20183\/revisions"}],"predecessor-version":[{"id":20185,"href":"https:\/\/www.visionweb.com.ar\/index.php?rest_route=\/wp\/v2\/posts\/20183\/revisions\/20185"}],"wp:featuredmedia":[{"embeddable":true,"href":"https:\/\/www.visionweb.com.ar\/index.php?rest_route=\/wp\/v2\/media\/20184"}],"wp:attachment":[{"href":"https:\/\/www.visionweb.com.ar\/index.php?rest_route=%2Fwp%2Fv2%2Fmedia&parent=20183"}],"wp:term":[{"taxonomy":"category","embeddable":true,"href":"https:\/\/www.visionweb.com.ar\/index.php?rest_route=%2Fwp%2Fv2%2Fcategories&post=20183"},{"taxonomy":"post_tag","embeddable":true,"href":"https:\/\/www.visionweb.com.ar\/index.php?rest_route=%2Fwp%2Fv2%2Ftags&post=20183"}],"curies":[{"name":"wp","href":"https:\/\/api.w.org\/{rel}","templated":true}]}}