{"id":20181,"date":"2026-01-21T15:49:40","date_gmt":"2026-01-21T18:49:40","guid":{"rendered":"https:\/\/www.visionweb.com.ar\/?p=20181"},"modified":"2026-01-21T17:07:35","modified_gmt":"2026-01-21T20:07:35","slug":"tras-la-firma-del-acuerdo-ue-mercosur-el-parlamento-europeo-dio-intervencion-a-la-justicia","status":"publish","type":"post","link":"https:\/\/www.visionweb.com.ar\/?p=20181","title":{"rendered":"Tras la firma del acuerdo UE-Mercosur, el Parlamento Europeo dio intervenci\u00f3n a la justicia"},"content":{"rendered":"<p><em><strong>El Parlamento del bloque dio intervenci\u00f3n al tribunal de la Uni\u00f3n Europea. La aplicaci\u00f3n del tratado podr\u00eda demorarse varios meses.<\/strong><\/em><!--more--><\/p>\n<p><img loading=\"lazy\" decoding=\"async\" class=\"size-medium wp-image-20067 alignright\" src=\"https:\/\/www.visionweb.com.ar\/wp-content\/uploads\/2026\/01\/ACUERDO-UE-MERCOSUR-300x169.png\" alt=\"\" width=\"300\" height=\"169\" srcset=\"https:\/\/www.visionweb.com.ar\/wp-content\/uploads\/2026\/01\/ACUERDO-UE-MERCOSUR-300x169.png 300w, https:\/\/www.visionweb.com.ar\/wp-content\/uploads\/2026\/01\/ACUERDO-UE-MERCOSUR.png 640w\" sizes=\"auto, (max-width: 300px) 100vw, 300px\" \/>Mientras las c\u00e1maras empresarias y organizaciones agroindustriales celebraban en las \u00faltimas horas la firma del acuerdo de \u00abLibre comercio\u00bb entre Mecosur y la Uni\u00f3n Europea, a los pocos d\u00edas de ese hecho hist\u00f3rico, el Parlamento Europeo dio luz verde a la justicia para que analice punto por punto las caracter\u00edsticas del convenio. Medida a partir de la cual se extender\u00e1 por varios meses y hasta caso un a\u00f1o la entrada en vigor del convenio.<\/p>\n<p>La suspensi\u00f3n fue votada por<strong> el Parlamento Europeo -334 legisladores a favor contra 324 en contra- con amplio<\/strong> respaldo de la extrema derecha, de los ecologistas y de los eurodiputados franceses, polacos, austr\u00edacos e irlandese, representantes de pa\u00edses d\u00f3nde hay un fuerte lobby contra el acuerdo.<\/p>\n<p>La maniobra abre la posibilidad de un freno a la aplicaci\u00f3n del acuerdo, que estaba prevista para septiembre y hora podr\u00eda demorarse durante meses o incluso a\u00f1os. Algunos observadores consideraron que m\u00e1s que las dudas por su legalidad, lo que prim\u00f3 fue la intenci\u00f3n de demorar la activaci\u00f3n del acuerdo, que ahora podr\u00eda pasar a 2027.<\/p>\n<p>Pero el sector pro entendimiento en la UE podr\u00eda saltear la interdicci\u00f3n del Parlamento, si apela al mecanismo que le permite al brazo ejecutivo -la Comisi\u00f3n Europea- del bloque lanzar su aplicaci\u00f3n provisional. Al final, en ese contexto, la aplicaci\u00f3n o no del tratado ser\u00e1 una decisi\u00f3n pol\u00edtica, al menos en lo inmediato.<\/p>\n<h4>Postergaciones y p\u00e9rdidas<\/h4>\n<p>El Tribunal de Justicia de la UE tampoco puede suspender la aplicaci\u00f3n del acuerdo de forma provisional ni bloquear su ratificaci\u00f3n. Como mucho podr\u00eda alegar errores parciales, que habr\u00eda que cambiar o corregir.<\/p>\n<p>Un informe de ECIPE, un centro de estudios econ\u00f3micos de Bruselas, calcula que el retraso en ratificar el acuerdo entre 2021 y 2025 cost\u00f3 a los gobiernos europeos 183.000 millones de euros en exportaciones. Y que si no se ratifica tampoco este 2026 ese costo superar\u00eda los 215.000 millones de euros.<\/p>\n<p>La ceremonia de firma del acuerdo se realiz\u00f3 el mi\u00e9rcoles pasado en Asunci\u00f3n, Paraguay, con la asistencia del presidente Javier Milei y la ausencia de su par del Brasil, Luis Inacio \u00abLula\u00bb Da Silva.<strong>(VW)<\/strong><\/p>\n<p>&nbsp;<\/p>\n<p>&nbsp;<\/p>\n","protected":false},"excerpt":{"rendered":"<p>El Parlamento del bloque dio intervenci\u00f3n al tribunal de la Uni\u00f3n Europea. La aplicaci\u00f3n del tratado podr\u00eda demorarse varios meses.<\/p>\n","protected":false},"author":3,"featured_media":20067,"comment_status":"closed","ping_status":"closed","sticky":false,"template":"","format":"standard","meta":{"_monsterinsights_skip_tracking":false,"_monsterinsights_sitenote_active":false,"_monsterinsights_sitenote_note":"","_monsterinsights_sitenote_category":0,"footnotes":""},"categories":[1822],"tags":[380,16,8631,8682,2137],"class_list":["post-20181","post","type-post","status-publish","format-standard","has-post-thumbnail","hentry","category-internacionales","tag-acuerdo","tag-justicia","tag-mercosur","tag-parlamento","tag-ue"],"_links":{"self":[{"href":"https:\/\/www.visionweb.com.ar\/index.php?rest_route=\/wp\/v2\/posts\/20181","targetHints":{"allow":["GET"]}}],"collection":[{"href":"https:\/\/www.visionweb.com.ar\/index.php?rest_route=\/wp\/v2\/posts"}],"about":[{"href":"https:\/\/www.visionweb.com.ar\/index.php?rest_route=\/wp\/v2\/types\/post"}],"author":[{"embeddable":true,"href":"https:\/\/www.visionweb.com.ar\/index.php?rest_route=\/wp\/v2\/users\/3"}],"replies":[{"embeddable":true,"href":"https:\/\/www.visionweb.com.ar\/index.php?rest_route=%2Fwp%2Fv2%2Fcomments&post=20181"}],"version-history":[{"count":1,"href":"https:\/\/www.visionweb.com.ar\/index.php?rest_route=\/wp\/v2\/posts\/20181\/revisions"}],"predecessor-version":[{"id":20182,"href":"https:\/\/www.visionweb.com.ar\/index.php?rest_route=\/wp\/v2\/posts\/20181\/revisions\/20182"}],"wp:featuredmedia":[{"embeddable":true,"href":"https:\/\/www.visionweb.com.ar\/index.php?rest_route=\/wp\/v2\/media\/20067"}],"wp:attachment":[{"href":"https:\/\/www.visionweb.com.ar\/index.php?rest_route=%2Fwp%2Fv2%2Fmedia&parent=20181"}],"wp:term":[{"taxonomy":"category","embeddable":true,"href":"https:\/\/www.visionweb.com.ar\/index.php?rest_route=%2Fwp%2Fv2%2Fcategories&post=20181"},{"taxonomy":"post_tag","embeddable":true,"href":"https:\/\/www.visionweb.com.ar\/index.php?rest_route=%2Fwp%2Fv2%2Ftags&post=20181"}],"curies":[{"name":"wp","href":"https:\/\/api.w.org\/{rel}","templated":true}]}}