{"id":20175,"date":"2026-01-20T14:27:35","date_gmt":"2026-01-20T17:27:35","guid":{"rendered":"https:\/\/www.visionweb.com.ar\/?p=20175"},"modified":"2026-01-20T14:27:35","modified_gmt":"2026-01-20T17:27:35","slug":"fernando-gray-denuncia-aumento-desmedido-del-transporte","status":"publish","type":"post","link":"https:\/\/www.visionweb.com.ar\/?p=20175","title":{"rendered":"Fernando Gray denuncia aumento desmedido del transporte"},"content":{"rendered":"<p><strong>E<\/strong>l <strong>Jefe Comunal de Esteban Echeverr\u00eda<\/strong><strong> solicit\u00f3 en la audiencia p\u00fablica que \u201cdejen de asfixiar a nuestras vecinas y vecinos, a nuestros productores y nuestras industrias, que ya tan golpeadas est\u00e1n por una administraci\u00f3n nacional que solo gobierna para unos pocos. Estamos para acompa\u00f1ar y visibilizar a las v\u00edctimas de estas pol\u00edticas de exclusi\u00f3n\u201d. \u201c\u00bfQu\u00e9 canasta familiar puede sobrevivir a este embate si adem\u00e1s sumamos los otros medios de transporte? Dijo.<br \/>\n<\/strong><!--more--><\/p>\n<div id=\"attachment_20176\" style=\"width: 310px\" class=\"wp-caption alignright\"><img loading=\"lazy\" decoding=\"async\" aria-describedby=\"caption-attachment-20176\" class=\"wp-image-20176 size-medium\" src=\"https:\/\/www.visionweb.com.ar\/wp-content\/uploads\/2026\/01\/fernando-gray-est-echev-300x243.png\" alt=\"\" width=\"300\" height=\"243\" srcset=\"https:\/\/www.visionweb.com.ar\/wp-content\/uploads\/2026\/01\/fernando-gray-est-echev-300x243.png 300w, https:\/\/www.visionweb.com.ar\/wp-content\/uploads\/2026\/01\/fernando-gray-est-echev.png 576w\" sizes=\"auto, (max-width: 300px) 100vw, 300px\" \/><p id=\"caption-attachment-20176\" class=\"wp-caption-text\">Foto Prensa de Esteban Echeverr\u00eda<\/p><\/div>\n<p><strong>\u00a0\u00a0\u00a0\u00a0\u00a0 E<\/strong>l <strong>intendente de Esteban Echeverr\u00eda, Fernando Gray<\/strong>, <strong>particip\u00f3 este martes<\/strong> 20 de enero de la <strong>audiencia p\u00fablica<\/strong> para el tratamiento al aumento de la <strong>tarifa del servicio p\u00fablico de pasajeros<\/strong> por automotor, cuyos recorridos discurren exclusivamente dentro de los l\u00edmites territoriales de la Ciudad Aut\u00f3noma de Buenos Aires. \u201c<strong>Estamos frente a una nueva decisi\u00f3n que impacta directamente en el bolsillo de las trabajadoras y los trabajadores del AMBA, en el marco de un modelo de ajuste que vuelve a recaer sobre quienes todos los d\u00edas se esfuerzan<\/strong> para llegar a fin de mes\u201d, se\u00f1al\u00f3 el jefe comunal.<\/p>\n<p>Con esta nueva suba, alguien que vive en Esteban Echeverr\u00eda o en otro municipio del conurbano bonaerense y que necesite <strong>trasladarse a CABA diariamente<\/strong>, deber\u00e1 abonar solo por el colectivo local de la ciudad (contando un pasaje de ida y otro de vuelta) un valor de $1.651 por d\u00eda, es decir, $33.019 por mes, siempre y cuando se considere \u00fanicamente los 20 d\u00edas h\u00e1biles. En este marco, <strong>con un Salario M\u00ednimo, Vital y M\u00f3vil fijado hoy en $341.000, el gasto en transporte se elevar\u00eda a un 9,6%, sin contar el resto de los transportes<\/strong> que esa trabajadora o ese trabajador debe tomar para llegar a su trabajo o regresar a su hogar, inform\u00f3 Prensa de Esteban Echeverr\u00eda.<\/p>\n<p>En ese sentido, Gray pregunt\u00f3: <strong>\u201c\u00bfqu\u00e9 canasta familiar puede sobrevivir a este embate si adem\u00e1s sumamos los otros medios de transporte? <\/strong>La ciudad se ha vuelto directamente prohibitiva\u201d. Y agreg\u00f3 el intendente: \u201cEstamos siendo v\u00edctimas de una m\u00e1quina productora de mentiras. Mientras <strong>nos enga\u00f1an con estad\u00edsticas fraudulentas, las usuarias y los usuarios sufren las consecuencias ocultas de una inflaci\u00f3n &#8216;por goteo&#8217;<\/strong>, que termina siendo tan o a\u00fan m\u00e1s da\u00f1ina que a\u00f1os atr\u00e1s, ya que se ve acompa\u00f1ada del ajuste m\u00e1s inhumano jam\u00e1s visto en nuestra historia\u201d.<\/p>\n<p><strong>Fernando Gray fue el \u00fanico funcionario p\u00fablico presente en la audiencia<\/strong>. \u201cQuiero defender a las familias y contribuyentes de los municipios del conurbano cuyos aportes econ\u00f3micos, productivos y laborales, son esenciales para el desarrollo de la Ciudad de Buenos Aires, que les da la espalda siempre que puede\u201d, expres\u00f3 el jefe comunal.<\/p>\n<p>\u201cEstamos viviendo una nueva arremetida contra el bolsillo de las vecinas y vecinos, pero esta vez las autoridades de CABA han profundizado el ajuste. Tras la reciente actualizaci\u00f3n del 4,5% desde el primer minuto de 2026, los colectivos de CABA aumentar\u00e1n mensualmente y con un ajuste de doble anclaje: un porcentaje fijo de al menos 2% y el incremento por inflaci\u00f3n seg\u00fan el IPC. Esto significa una <strong>suba del 8,4% al 11,1%<\/strong> con respecto a los valores actuales, que acaban de aumentar. Es una espiral interminable de incrementos que no dejan de diezmar el bolsillo de las familias\u201d, agreg\u00f3 Gray.<\/p>\n<p>El intendente de Esteban Echeverr\u00eda, por \u00faltimo, <strong>solicit\u00f3 en la audiencia p\u00fablica que \u201cdejen de asfixiar a nuestras vecinas y vecinos, a nuestros productores y nuestras industrias, que ya tan golpeadas est\u00e1n por una administraci\u00f3n nacional que solo gobierna para unos pocos. Estamos para acompa\u00f1ar y visibilizar a las v\u00edctimas de estas pol\u00edticas de exclusi\u00f3n\u201d. (VW)<\/strong><\/p>\n","protected":false},"excerpt":{"rendered":"<p>El Jefe Comunal de Esteban Echeverr\u00eda solicit\u00f3 en la audiencia p\u00fablica que \u201cdejen de asfixiar a nuestras vecinas y vecinos, a nuestros productores y nuestras industrias, que ya tan golpeadas est\u00e1n por una administraci\u00f3n&#46;&#46;&#46;<\/p>\n","protected":false},"author":4,"featured_media":20176,"comment_status":"closed","ping_status":"closed","sticky":false,"template":"","format":"standard","meta":{"_monsterinsights_skip_tracking":false,"_monsterinsights_sitenote_active":false,"_monsterinsights_sitenote_note":"","_monsterinsights_sitenote_category":0,"footnotes":""},"categories":[6,4],"tags":[834,3216,8680,8681],"class_list":["post-20175","post","type-post","status-publish","format-standard","has-post-thumbnail","hentry","category-economia","category-politica","tag-esteban-echeverria","tag-fernando-gray","tag-participo-audicencia","tag-transportes-aumentos"],"_links":{"self":[{"href":"https:\/\/www.visionweb.com.ar\/index.php?rest_route=\/wp\/v2\/posts\/20175","targetHints":{"allow":["GET"]}}],"collection":[{"href":"https:\/\/www.visionweb.com.ar\/index.php?rest_route=\/wp\/v2\/posts"}],"about":[{"href":"https:\/\/www.visionweb.com.ar\/index.php?rest_route=\/wp\/v2\/types\/post"}],"author":[{"embeddable":true,"href":"https:\/\/www.visionweb.com.ar\/index.php?rest_route=\/wp\/v2\/users\/4"}],"replies":[{"embeddable":true,"href":"https:\/\/www.visionweb.com.ar\/index.php?rest_route=%2Fwp%2Fv2%2Fcomments&post=20175"}],"version-history":[{"count":1,"href":"https:\/\/www.visionweb.com.ar\/index.php?rest_route=\/wp\/v2\/posts\/20175\/revisions"}],"predecessor-version":[{"id":20177,"href":"https:\/\/www.visionweb.com.ar\/index.php?rest_route=\/wp\/v2\/posts\/20175\/revisions\/20177"}],"wp:featuredmedia":[{"embeddable":true,"href":"https:\/\/www.visionweb.com.ar\/index.php?rest_route=\/wp\/v2\/media\/20176"}],"wp:attachment":[{"href":"https:\/\/www.visionweb.com.ar\/index.php?rest_route=%2Fwp%2Fv2%2Fmedia&parent=20175"}],"wp:term":[{"taxonomy":"category","embeddable":true,"href":"https:\/\/www.visionweb.com.ar\/index.php?rest_route=%2Fwp%2Fv2%2Fcategories&post=20175"},{"taxonomy":"post_tag","embeddable":true,"href":"https:\/\/www.visionweb.com.ar\/index.php?rest_route=%2Fwp%2Fv2%2Ftags&post=20175"}],"curies":[{"name":"wp","href":"https:\/\/api.w.org\/{rel}","templated":true}]}}