{"id":20173,"date":"2026-01-20T14:06:59","date_gmt":"2026-01-20T17:06:59","guid":{"rendered":"https:\/\/www.visionweb.com.ar\/?p=20173"},"modified":"2026-01-20T14:06:59","modified_gmt":"2026-01-20T17:06:59","slug":"aubasa-alerto-por-la-caida-del-transito-y-el-impacto-en-el-turismo-de-la-costa","status":"publish","type":"post","link":"https:\/\/www.visionweb.com.ar\/?p=20173","title":{"rendered":"AUBASA alert\u00f3 por la ca\u00edda del tr\u00e1nsito y el impacto en el turismo de la Costa"},"content":{"rendered":"<p><em><strong>Un informe de AUBASA revel\u00f3 que durante enero circularon m\u00e1s de 100 mil veh\u00edculos menos rumbo a los principales destinos tur\u00edsticos. \u201cMenos autos en la ruta significa menos turismo, menos consumo y menos trabajo\u201d, dijo Pablo Ceriani, gerente General de la compa\u00f1\u00eda.<\/strong><\/em><!--more--><\/p>\n<p><strong>\u00a0\u00a0 <img loading=\"lazy\" decoding=\"async\" class=\"size-medium wp-image-19033 alignright\" src=\"https:\/\/www.visionweb.com.ar\/wp-content\/uploads\/2025\/09\/autopista-bs-as-la-lata-aubasa-300x230.png\" alt=\"\" width=\"300\" height=\"230\" srcset=\"https:\/\/www.visionweb.com.ar\/wp-content\/uploads\/2025\/09\/autopista-bs-as-la-lata-aubasa-300x230.png 300w, https:\/\/www.visionweb.com.ar\/wp-content\/uploads\/2025\/09\/autopista-bs-as-la-lata-aubasa.png 569w\" sizes=\"auto, (max-width: 300px) 100vw, 300px\" \/>\u00a0\u00a0 U<\/strong>n informe de\u00a0<strong>Autopista de Buenos Aires<\/strong>\u00a0(<strong><a href=\"https:\/\/aubasa.com.ar\/\">AUBASA<\/a><\/strong>) revel\u00f3 que durante enero circularon m\u00e1s de\u00a0<strong>100 mil veh\u00edculos\u00a0<\/strong><strong>menos<\/strong> rumbo a los principales destinos tur\u00edsticos, una ca\u00edda que expone el impacto del <strong>ajuste econ\u00f3mico, la p\u00e9rdida de poder adquisitivo y el retroceso del consumo<\/strong> en plena temporada alta.<\/p>\n<p>El descenso del tr\u00e1nsito no fue un dato aislado, sino un indicador directo del <strong>menor flujo de visitantes hacia la regi\u00f3n<\/strong>, lo que implican menos visitantes, estad\u00edas m\u00e1s cortas y una reducci\u00f3n en la actividad econ\u00f3mica de los\u00a0<strong>municipios costeros<\/strong>, que dependen en gran medida del\u00a0<strong>movimiento tur\u00edstico\u00a0<\/strong>durante los meses de verano, conforme indic\u00f3 Diputados Bonaerenses.<\/p>\n<p>Al analizar los n\u00fameros, el gerente General de\u00a0<strong>AUBASA<\/strong>,\u00a0<strong>Pablo Ceriani<\/strong>, vincul\u00f3 la baja con el contexto econ\u00f3mico nacional.\u00a0<strong>\u201cMenos autos en la ruta significa menos turismo, menos consumo y menos trabajo<\/strong>\u201d, afirm\u00f3 el dirigente, y sostuvo que el ajuste impulsado por el\u00a0<strong>Gobierno nacional\u00a0<\/strong>deterior\u00f3 los ingresos de las familias, limitando la posibilidad de sostener vacaciones m\u00e1s largas o con mayor nivel de gasto.<\/p>\n<p>La contracci\u00f3n del\u00a0<strong>turismo interno\u00a0<\/strong>tambi\u00e9n se explica por un escenario de costos elevados en los destinos locales y un tipo de cambio que, para muchos viajeros, volvi\u00f3 m\u00e1s atractivo vacacionar en el exterior. Esa combinaci\u00f3n redujo la competitividad de la\u00a0<strong>Costa Atl\u00e1ntica<\/strong>\u00a0frente a otros destinos y profundiz\u00f3 la p\u00e9rdida de visitantes.<\/p>\n<p>M\u00e1s all\u00e1 de las lecturas pol\u00edticas, el impacto econ\u00f3mico resulta dif\u00edcil de relativizar. La regi\u00f3n concentra una porci\u00f3n central de la\u00a0<strong>actividad tur\u00edstica del pa\u00eds<\/strong>\u00a0y depende del flujo sostenido de visitantes durante enero y febrero para sostener miles de puestos de trabajo estacionales y la actividad comercial.<\/p>\n<p>La merma en la\u00a0<strong>circulaci\u00f3n vehicular<\/strong>\u00a0que report\u00f3\u00a0<strong>AUBASA\u00a0<\/strong>no solo afecta a hoteles y alquileres temporarios, sino tambi\u00e9n a estaciones de servicio, restaurantes, comercios barriales y prestadores de servicios tur\u00edsticos, que ven resentidos sus ingresos en un per\u00edodo clave para el a\u00f1o econ\u00f3mico.<\/p>\n<p>En este contexto, la\u00a0<strong>temporada 2026\u00a0<\/strong>muestra un comportamiento distinto al de a\u00f1os anteriores, con\u00a0<strong>turistas\u00a0<\/strong>que optan por estad\u00edas m\u00e1s breves, consumos m\u00e1s medidos y un uso m\u00e1s restringido de servicios recreativos, lo que impacta directamente en la facturaci\u00f3n del sector.<\/p>\n<p>El informe vial de\u00a0<strong>AUBASA\u00a0<\/strong>se suma as\u00ed a otros indicadores que reflejan un escenario de retroceso en la<strong>\u00a0actividad tur\u00edstica bonaerense<\/strong>, en medio de un contexto econ\u00f3mico adverso y sin pol\u00edticas de protecci\u00f3n espec\u00edficas para el sector.<\/p>\n<p><strong>El Ministerio de Producci\u00f3n present\u00f3 datos parecidos a los de AUBASA<\/strong><\/p>\n<p>Los primeros datos oficiales de la<strong>\u00a0temporada de verano 2026<\/strong>\u00a0confirmaron un <strong>retroceso<\/strong> en los principales destinos\u00a0<strong>bonaerenses<\/strong>.<\/p>\n<p>En esa l\u00ednea, el\u00a0<strong>ministro de Producci\u00f3n<\/strong>,\u00a0<strong>Augusto Costa<\/strong>, inform\u00f3 que entre el <strong>1 de diciembre y el 12 de enero pasaron por la Provincia unos 3,6 millones de turistas<\/strong>, y a pesar que este dato mantiene a\u00a0<strong>Buenos Aires<\/strong>\u00a0como el principal destino del pa\u00eds, <strong>mostr\u00f3 una ca\u00edda interanual del 2,4% respecto de 2025<\/strong> y del 9% en comparaci\u00f3n con 2024.<\/p>\n<p>Adem\u00e1s del menor volumen de visitantes, otro factor cr\u00edtico fue la <strong>reducci\u00f3n en la duraci\u00f3n de las estad\u00edas<\/strong>. Las <strong>vacaciones se acortaron un 3,7% en la primera quincena de diciembre y un 7% en la segunda<\/strong>, lo que limit\u00f3 el impacto econ\u00f3mico del\u00a0<strong>turismo\u00a0<\/strong>en los\u00a0<strong>distritos costeros<\/strong>.<\/p>\n<p>El indicador m\u00e1s preocupante fue <strong>el consumo<\/strong>, que <strong>registr\u00f3 una baja del 21% en lo que va de la temporada<\/strong>. En la\u00a0<strong>Costa Atl\u00e1ntica<\/strong>, el retroceso alcanz\u00f3 el 26%, mientras que los gastos realizados a trav\u00e9s de\u00a0<strong>Cuenta DNI<\/strong>\u00a0<strong>cayeron cerca del 40%<\/strong>, reflejando un cambio marcado en los h\u00e1bitos de los turistas.<\/p>\n<p>En\u00a0<strong>Mar del Plata<\/strong>, si bien la ocupaci\u00f3n hotelera mejor\u00f3 durante el segundo fin de semana de enero y alcanz\u00f3 alrededor del 65%, el vicepresidente de la\u00a0<strong>Asociaci\u00f3n Empresaria Hotelera y Gastron\u00f3mica<\/strong>,\u00a0<strong>Hern\u00e1n Szkrohal<\/strong>, advirti\u00f3 que el mayor movimiento no se traduce de manera uniforme en el consumo. \u201c<strong>Los consumos est\u00e1n cuidados<\/strong>\u201d, afirm\u00f3, al se\u00f1alar que <strong>los sectores de ingresos medios priorizan gastos esenciales y limitan salidas<\/strong> y compras no indispensables. <strong>(VW)<\/strong><\/p>\n","protected":false},"excerpt":{"rendered":"<p>Un informe de AUBASA revel\u00f3 que durante enero circularon m\u00e1s de 100 mil veh\u00edculos menos rumbo a los principales destinos tur\u00edsticos. \u201cMenos autos en la ruta significa menos turismo, menos consumo y menos trabajo\u201d,&#46;&#46;&#46;<\/p>\n","protected":false},"author":4,"featured_media":19033,"comment_status":"closed","ping_status":"closed","sticky":false,"template":"","format":"standard","meta":{"_monsterinsights_skip_tracking":false,"_monsterinsights_sitenote_active":false,"_monsterinsights_sitenote_note":"","_monsterinsights_sitenote_category":0,"footnotes":""},"categories":[1],"tags":[8679,8677,8678],"class_list":["post-20173","post","type-post","status-publish","format-standard","has-post-thumbnail","hentry","category-uncategorized","tag-100-mil-vehiculos-menos-a-los-destinos-turisticos","tag-informe-aubasa","tag-menos-transito-a-la-costa"],"_links":{"self":[{"href":"https:\/\/www.visionweb.com.ar\/index.php?rest_route=\/wp\/v2\/posts\/20173","targetHints":{"allow":["GET"]}}],"collection":[{"href":"https:\/\/www.visionweb.com.ar\/index.php?rest_route=\/wp\/v2\/posts"}],"about":[{"href":"https:\/\/www.visionweb.com.ar\/index.php?rest_route=\/wp\/v2\/types\/post"}],"author":[{"embeddable":true,"href":"https:\/\/www.visionweb.com.ar\/index.php?rest_route=\/wp\/v2\/users\/4"}],"replies":[{"embeddable":true,"href":"https:\/\/www.visionweb.com.ar\/index.php?rest_route=%2Fwp%2Fv2%2Fcomments&post=20173"}],"version-history":[{"count":1,"href":"https:\/\/www.visionweb.com.ar\/index.php?rest_route=\/wp\/v2\/posts\/20173\/revisions"}],"predecessor-version":[{"id":20174,"href":"https:\/\/www.visionweb.com.ar\/index.php?rest_route=\/wp\/v2\/posts\/20173\/revisions\/20174"}],"wp:featuredmedia":[{"embeddable":true,"href":"https:\/\/www.visionweb.com.ar\/index.php?rest_route=\/wp\/v2\/media\/19033"}],"wp:attachment":[{"href":"https:\/\/www.visionweb.com.ar\/index.php?rest_route=%2Fwp%2Fv2%2Fmedia&parent=20173"}],"wp:term":[{"taxonomy":"category","embeddable":true,"href":"https:\/\/www.visionweb.com.ar\/index.php?rest_route=%2Fwp%2Fv2%2Fcategories&post=20173"},{"taxonomy":"post_tag","embeddable":true,"href":"https:\/\/www.visionweb.com.ar\/index.php?rest_route=%2Fwp%2Fv2%2Ftags&post=20173"}],"curies":[{"name":"wp","href":"https:\/\/api.w.org\/{rel}","templated":true}]}}