{"id":20162,"date":"2026-01-20T07:27:44","date_gmt":"2026-01-20T10:27:44","guid":{"rendered":"https:\/\/www.visionweb.com.ar\/?p=20162"},"modified":"2026-01-20T07:27:44","modified_gmt":"2026-01-20T10:27:44","slug":"indec-los-precios-mayoristas-subieron-24-en-diciembre-262-en-todo-2025","status":"publish","type":"post","link":"https:\/\/www.visionweb.com.ar\/?p=20162","title":{"rendered":"Indec: los precios mayoristas subieron 2,4% en diciembre, 26,2% en todo 2025"},"content":{"rendered":"<header class=\"news-headline\">\n<p class=\"ignore-parser\"><em><strong>El sector de productos primarios fue uno de los motores de la suba mensual, destac\u00e1ndose el incremento del 2,8% en el IPP, siempre seg\u00fan el Indec.<\/strong><\/em><\/p>\n<\/header>\n<p><!--more--><\/p>\n<div class=\"news-author-and-share\">\n<div class=\"news-headline__author-wrapper \">\n<div class=\"news-headline__author-wrapper-names news-headline__author-pictures-and-names-wrapper names\">\n<div class=\"news-headline__author-pictures-wrapper vacio\"><img loading=\"lazy\" decoding=\"async\" class=\"size-medium wp-image-15748 alignleft\" src=\"https:\/\/www.visionweb.com.ar\/wp-content\/uploads\/2024\/09\/precios-300x138.png\" alt=\"\" width=\"300\" height=\"138\" srcset=\"https:\/\/www.visionweb.com.ar\/wp-content\/uploads\/2024\/09\/precios-300x138.png 300w, https:\/\/www.visionweb.com.ar\/wp-content\/uploads\/2024\/09\/precios.png 573w\" sizes=\"auto, (max-width: 300px) 100vw, 300px\" \/>Los precios mayoristas subieron 2,4% en diciembre, incremento que estuvo traccionado principalmente por el avance de los productos de origen nacional, que subieron un 2,4%, mientras que los art\u00edculos importados mostraron un comportamiento m\u00e1s moderado, con un alza del 1,7%, seg\u00fan inform\u00f3 esta tarde el Instituto Nacional de Estad\u00edstica y Censos (Indec).<\/div>\n<div>\n<article class=\"article-body article-body--second-paragraph\">Al analizar el desempe\u00f1o interanual,\u00a0el IPIM acumul\u00f3 un incremento del 26,2% en todo 2025. Por su parte, el \u00cdndice de precios b\u00e1sicos del productor (IPP), que mide exclusivamente la producci\u00f3n local sin incluir impuestos ni bienes importados, alcanz\u00f3 la variaci\u00f3n m\u00e1s alta del sistema con un 28% acumulado.<\/p>\n<\/article>\n<article class=\"article-body article-body--second-paragraph\">Dentro del mercado local, el sector de productos primarios fue uno de los motores de la suba mensual, destac\u00e1ndose el incremento del 2,8% en el IPP. En particular, los productos pesqueros mostraron un salto significativo del 10,7% en solo un mes, seguidos por el petr\u00f3leo crudo y el gas, que registraron un alza del 3,4%.<\/p>\n<article class=\"article-body article-body--third-paragraph content-protected-false\">Asimismo, los\u00a0<strong>productos manufacturados nacionales\u00a0<\/strong>presentaron un alza de<strong>\u00a02,6%<\/strong>, 0,3 p.p por encima de la de noviembre. Aqu\u00ed, la variaci\u00f3n m\u00e1s relevante fue la de<strong>\u00a0productos refinados de petr\u00f3leo (+6,3%)<\/strong>, aunque tambi\u00e9n fue considerable la suba en alimentos y bebidas (+3,2%).<\/p>\n<\/article>\n<article class=\"article-body article-body--fourth-paragraph content-protected-false\">Los ajustes en los bienes asociados al petr\u00f3leo llaman la atenci\u00f3n, teniendo en cuenta que\u00a0<strong>el precio internacional del crudo se contrajo\u00a0<\/strong>durante el per\u00edodo en cuesti\u00f3n.<\/p>\n<article class=\"article-body article-body--fifth-paragraph content-protected-false\">Mientras tanto, los\u00a0<strong>art\u00edculos importados<\/strong>\u00a0aumentaron\u00a0<strong>1,7%<\/strong>, cuando el mes anterior hab\u00edan exhibido una variaci\u00f3n negativa de -0,6%. Cabe remarcar que, a diferencia del \u00cdndice de Precios al Consumidor (IPC), el IPIM tiene un peso mayor de productos comercializables con el exterior, por lo cual es m\u00e1s sensible a los movimientos del d\u00f3lar oficial.<\/p>\n<\/article>\n<article class=\"article-body article-body--remaining-paragraph content-protected-false\">Entre mediados de noviembre y mediados de diciembre (el IPIM mide en este per\u00edodo, no la variaci\u00f3n de todo el mes calendario como lo hace el IPC)\u00a0<strong>el tipo de cambio mayorista registr\u00f3 un alza de 3,4%, punta a punta<\/strong>. Por el contrario, si se toma la cotizaci\u00f3n promedio del per\u00edodo, se observa una\u00a0<strong>baja del 0,8%<\/strong> versus los 30 d\u00edas previos. <strong>(VW)<\/strong><\/p>\n<\/article>\n<\/article>\n<\/article>\n<\/div>\n<div class=\"news-headline__author-names-wrapper\">\n<div class=\"news-author-and-share__author-names\">\n<div class=\"news-author-and-share__author\"><\/div>\n<\/div>\n<\/div>\n<\/div>\n<\/div>\n<div class=\"news-author-and-share__share-wrapper \"><\/div>\n<\/div>\n","protected":false},"excerpt":{"rendered":"<p>El sector de productos primarios fue uno de los motores de la suba mensual, destac\u00e1ndose el incremento del 2,8% en el IPP, siempre seg\u00fan el Indec.<\/p>\n","protected":false},"author":3,"featured_media":15748,"comment_status":"closed","ping_status":"closed","sticky":false,"template":"","format":"standard","meta":{"_monsterinsights_skip_tracking":false,"_monsterinsights_sitenote_active":false,"_monsterinsights_sitenote_note":"","_monsterinsights_sitenote_category":0,"footnotes":""},"categories":[8],"tags":[],"class_list":["post-20162","post","type-post","status-publish","format-standard","has-post-thumbnail","hentry","category-interes-general"],"_links":{"self":[{"href":"https:\/\/www.visionweb.com.ar\/index.php?rest_route=\/wp\/v2\/posts\/20162","targetHints":{"allow":["GET"]}}],"collection":[{"href":"https:\/\/www.visionweb.com.ar\/index.php?rest_route=\/wp\/v2\/posts"}],"about":[{"href":"https:\/\/www.visionweb.com.ar\/index.php?rest_route=\/wp\/v2\/types\/post"}],"author":[{"embeddable":true,"href":"https:\/\/www.visionweb.com.ar\/index.php?rest_route=\/wp\/v2\/users\/3"}],"replies":[{"embeddable":true,"href":"https:\/\/www.visionweb.com.ar\/index.php?rest_route=%2Fwp%2Fv2%2Fcomments&post=20162"}],"version-history":[{"count":1,"href":"https:\/\/www.visionweb.com.ar\/index.php?rest_route=\/wp\/v2\/posts\/20162\/revisions"}],"predecessor-version":[{"id":20163,"href":"https:\/\/www.visionweb.com.ar\/index.php?rest_route=\/wp\/v2\/posts\/20162\/revisions\/20163"}],"wp:featuredmedia":[{"embeddable":true,"href":"https:\/\/www.visionweb.com.ar\/index.php?rest_route=\/wp\/v2\/media\/15748"}],"wp:attachment":[{"href":"https:\/\/www.visionweb.com.ar\/index.php?rest_route=%2Fwp%2Fv2%2Fmedia&parent=20162"}],"wp:term":[{"taxonomy":"category","embeddable":true,"href":"https:\/\/www.visionweb.com.ar\/index.php?rest_route=%2Fwp%2Fv2%2Fcategories&post=20162"},{"taxonomy":"post_tag","embeddable":true,"href":"https:\/\/www.visionweb.com.ar\/index.php?rest_route=%2Fwp%2Fv2%2Ftags&post=20162"}],"curies":[{"name":"wp","href":"https:\/\/api.w.org\/{rel}","templated":true}]}}