{"id":20159,"date":"2026-01-19T14:00:31","date_gmt":"2026-01-19T17:00:31","guid":{"rendered":"https:\/\/www.visionweb.com.ar\/?p=20159"},"modified":"2026-01-19T14:00:31","modified_gmt":"2026-01-19T17:00:31","slug":"tragedia-ferroviaria-en-espana-tras-el-choque-de-dos-trenes","status":"publish","type":"post","link":"https:\/\/www.visionweb.com.ar\/?p=20159","title":{"rendered":"Tragedia ferroviaria en Espa\u00f1a tras el choque de dos trenes"},"content":{"rendered":"<p><em><strong>El siniestro dej\u00f3 al menos 39 muertes y m\u00e1s de 152 heridos. Las autoridades espa\u00f1olas a\u00fan no confirmaron las causas del accidente, ocurrido con trenes de reciente revisi\u00f3n t\u00e9cnica. El primer tren que cubr\u00eda el trayecto\u00a0M\u00e1laga-Madrid, descarril\u00f3 e invadi\u00f3 la v\u00eda contigua, lo cual hizo impactar de lleno contra otro que se dirig\u00eda desde\u00a0Puerta de Atocha hacia Huelva.<\/strong><\/em><!--more--><\/p>\n<div id=\"attachment_20160\" style=\"width: 310px\" class=\"wp-caption alignright\"><img loading=\"lazy\" decoding=\"async\" aria-describedby=\"caption-attachment-20160\" class=\"wp-image-20160 size-medium\" src=\"https:\/\/www.visionweb.com.ar\/wp-content\/uploads\/2026\/01\/accidente-trenes-espana-foto-reuters-300x152.png\" alt=\"\" width=\"300\" height=\"152\" srcset=\"https:\/\/www.visionweb.com.ar\/wp-content\/uploads\/2026\/01\/accidente-trenes-espana-foto-reuters-300x152.png 300w, https:\/\/www.visionweb.com.ar\/wp-content\/uploads\/2026\/01\/accidente-trenes-espana-foto-reuters.png 637w\" sizes=\"auto, (max-width: 300px) 100vw, 300px\" \/><p id=\"caption-attachment-20160\" class=\"wp-caption-text\">Imagen: Reuters<\/p><\/div>\n<p><strong> \u00a0 U<\/strong>n tr\u00e1gico accidente ferroviario conmocion\u00f3 a\u00a0<strong>Espa\u00f1a\u00a0<\/strong>en la tarde del domingo en la localidad cordobesa de Adamuz, donde un descarrilamiento y el choque y de dos trenes dej\u00f3 un saldo que ya asciende a\u00a0<strong>39 personas fallecidas<\/strong>\u00a0y\u00a0<strong>152 heridas<\/strong>, seg\u00fan el \u00faltimo parte oficial difundido por las autoridades.<\/p>\n<p>Entre las v\u00edctimas fatales se encuentra el maquinista de uno de los convoyes, mientras que\u00a0<strong>73 heridos contin\u00faan internados<\/strong>,\u00a0<strong>24 de ellos en estado grave<\/strong>.<\/p>\n<p>El siniestro ocurri\u00f3 alrededor de las\u00a0<strong>19.45<\/strong>, cuando un tren de alta velocidad\u00a0<strong>LD AV Iryo 6189<\/strong>, que cubr\u00eda el trayecto\u00a0<strong>M\u00e1laga\u2013Madrid<\/strong>, descarril\u00f3 al ingresar a los desv\u00edos de la v\u00eda 1 de Adamuz. El convoy <strong>invadi\u00f3 la v\u00eda contigua e impact\u00f3 de lleno contra otro tren<\/strong>, un\u00a0<strong>Alvia LD AV 2384<\/strong>\u00a0que se dirig\u00eda desde\u00a0<strong>Puerta de Atocha hacia Huelva<\/strong>, provocando el descarrilamiento de ambas formaciones.<\/p>\n<p>Como consecuencia del violento choque, varios vagones se salieron de las v\u00edas y algunos coches de la parte trasera del tren proveniente de M\u00e1laga\u00a0<strong>volcaron y cayeron por un talud<\/strong>, generando escenas de extrema desesperaci\u00f3n entre los pasajeros. Equipos de emergencia y testigos confirmaron que <strong>el impacto fue seguido por un caos generalizado dentro de los trenes<\/strong>.<\/p>\n<p>Uno de los pasajeros, periodista de la <strong>radiotelevisi\u00f3n p\u00fablica<\/strong>\u00a0<strong>RTVE<\/strong>, relat\u00f3 en primera persona el momento del accidente. \u201cSe sinti\u00f3 como un terremoto, de repente todo empez\u00f3 a temblar y nos dimos cuenta de que hab\u00edamos descarrilado\u201d, cont\u00f3. Seg\u00fan su testimonio, los vagones traseros fueron los m\u00e1s afectados y sufrieron da\u00f1os severos.<\/p>\n<p>Las tareas de <strong>rescate y asistencia<\/strong> se extendieron <strong>durante toda la noche y continuaron este lunes, con un amplio despliegue de ambulancias, bomberos, fuerzas de seguridad y personal sanitario<\/strong>. El lugar permaneci\u00f3 acordonado mientras se asist\u00eda a las v\u00edctimas y se iniciaban las primeras pericias.<\/p>\n<p>Desde el \u00e1mbito pol\u00edtico, el presidente de la\u00a0<strong>Junta de Andaluc\u00eda<\/strong>, Juanma Moreno, se hizo presente en la zona y expres\u00f3 su conmoci\u00f3n por la tragedia. \u201cEs una situaci\u00f3n muy triste. En estos trenes viajan familias, personas mayores, ni\u00f1os; gente de todas las edades. El impacto humano es enorme\u201d, se\u00f1al\u00f3 ante la prensa.<\/p>\n<p>En tanto, el ministro de\u00a0<strong>Transportes y Movilidad Sostenible<\/strong>, Oscar Puente, calific\u00f3 el episodio como \u201ctremendamente extra\u00f1o\u201d, al remarcar que el accidente ocurri\u00f3 en un\u00a0<strong>tramo recto<\/strong>, con un tren\u00a0<strong>fabricado en 2022<\/strong>, que hab\u00eda superado recientemente su revisi\u00f3n t\u00e9cnica, y en una infraestructura ferroviaria que hab\u00eda sido renovada.<\/p>\n<p>Por el momento,\u00a0<strong>no existe una causa oficial confirmada<\/strong>. Las autoridades pidieron cautela y advirtieron que la investigaci\u00f3n ser\u00e1 compleja y demandar\u00e1 tiempo antes de establecer qu\u00e9 fall\u00f3 y si hubo responsabilidades en uno de los peores accidentes ferroviarios registrados en Espa\u00f1a en los \u00faltimos a\u00f1os. <strong>(VW)<\/strong><\/p>\n","protected":false},"excerpt":{"rendered":"<p>El siniestro dej\u00f3 al menos 39 muertes y m\u00e1s de 152 heridos. Las autoridades espa\u00f1olas a\u00fan no confirmaron las causas del accidente, ocurrido con trenes de reciente revisi\u00f3n t\u00e9cnica. El primer tren que cubr\u00eda&#46;&#46;&#46;<\/p>\n","protected":false},"author":4,"featured_media":20160,"comment_status":"closed","ping_status":"closed","sticky":false,"template":"","format":"standard","meta":{"_monsterinsights_skip_tracking":false,"_monsterinsights_sitenote_active":false,"_monsterinsights_sitenote_note":"","_monsterinsights_sitenote_category":0,"footnotes":""},"categories":[1822],"tags":[6063,181,892],"class_list":["post-20159","post","type-post","status-publish","format-standard","has-post-thumbnail","hentry","category-internacionales","tag-choque-de-trenes","tag-cordoba","tag-espana"],"_links":{"self":[{"href":"https:\/\/www.visionweb.com.ar\/index.php?rest_route=\/wp\/v2\/posts\/20159","targetHints":{"allow":["GET"]}}],"collection":[{"href":"https:\/\/www.visionweb.com.ar\/index.php?rest_route=\/wp\/v2\/posts"}],"about":[{"href":"https:\/\/www.visionweb.com.ar\/index.php?rest_route=\/wp\/v2\/types\/post"}],"author":[{"embeddable":true,"href":"https:\/\/www.visionweb.com.ar\/index.php?rest_route=\/wp\/v2\/users\/4"}],"replies":[{"embeddable":true,"href":"https:\/\/www.visionweb.com.ar\/index.php?rest_route=%2Fwp%2Fv2%2Fcomments&post=20159"}],"version-history":[{"count":1,"href":"https:\/\/www.visionweb.com.ar\/index.php?rest_route=\/wp\/v2\/posts\/20159\/revisions"}],"predecessor-version":[{"id":20161,"href":"https:\/\/www.visionweb.com.ar\/index.php?rest_route=\/wp\/v2\/posts\/20159\/revisions\/20161"}],"wp:featuredmedia":[{"embeddable":true,"href":"https:\/\/www.visionweb.com.ar\/index.php?rest_route=\/wp\/v2\/media\/20160"}],"wp:attachment":[{"href":"https:\/\/www.visionweb.com.ar\/index.php?rest_route=%2Fwp%2Fv2%2Fmedia&parent=20159"}],"wp:term":[{"taxonomy":"category","embeddable":true,"href":"https:\/\/www.visionweb.com.ar\/index.php?rest_route=%2Fwp%2Fv2%2Fcategories&post=20159"},{"taxonomy":"post_tag","embeddable":true,"href":"https:\/\/www.visionweb.com.ar\/index.php?rest_route=%2Fwp%2Fv2%2Ftags&post=20159"}],"curies":[{"name":"wp","href":"https:\/\/api.w.org\/{rel}","templated":true}]}}