{"id":20156,"date":"2026-01-19T12:47:06","date_gmt":"2026-01-19T15:47:06","guid":{"rendered":"https:\/\/www.visionweb.com.ar\/?p=20156"},"modified":"2026-01-19T12:47:06","modified_gmt":"2026-01-19T15:47:06","slug":"buscan-frenar-el-desguace-del-inti-ate-denuncio-un-intento-de-privatizacion","status":"publish","type":"post","link":"https:\/\/www.visionweb.com.ar\/?p=20156","title":{"rendered":"Buscan frenar el desguace del INTI: ATE denunci\u00f3 un \u201cintento de\u00a0privatizaci\u00f3n\u201d"},"content":{"rendered":"<p><em><strong>ATE intim\u00f3 al Gobierno Nacional para que reestablezca el programa de metrolog\u00eda legal del INTI que fue eliminado. Se trata de 12 certificaciones que el INTI ya no va a otorgar. \u201cEsta medida no solo pone en riesgo cientos de puestos de trabajo, sino que atenta contra la seguridad de toda la poblaci\u00f3n\u201d, dijo Aguiar.<\/strong><\/em><!--more--><\/p>\n<p><strong>\u00a0 <img loading=\"lazy\" decoding=\"async\" class=\"size-medium wp-image-20157 alignleft\" src=\"https:\/\/www.visionweb.com.ar\/wp-content\/uploads\/2026\/01\/inti-2-300x183.png\" alt=\"\" width=\"300\" height=\"183\" srcset=\"https:\/\/www.visionweb.com.ar\/wp-content\/uploads\/2026\/01\/inti-2-300x183.png 300w, https:\/\/www.visionweb.com.ar\/wp-content\/uploads\/2026\/01\/inti-2.png 539w\" sizes=\"auto, (max-width: 300px) 100vw, 300px\" \/>\u00a0\u00a0\u00a0\u00a0 L<\/strong>a Asociaci\u00f3n de Trabajadores del Estado (<strong>ATE<\/strong>) busca frenar el\u00a0<strong>ajuste<\/strong>\u00a0que el Gobierno Nacional est\u00e1 implementando en el <strong>Instituto Nacional de Tecnolog\u00eda Industrial<\/strong> (<strong>INTI). <\/strong>El gremio que nuclea a empleados p\u00fablicos envi\u00f3 una\u00a0<strong>intimaci\u00f3n<\/strong>\u00a0en la que advierte que podr\u00eda presentar una\u00a0<strong>denuncia<\/strong>\u00a0en la\u00a0<strong>Justicia<\/strong>.<\/p>\n<p>El <strong>conflicto en el INTI viene de larga data<\/strong> y empez\u00f3 con despidos masivos como tambi\u00e9n recortes presupuestarios.<\/p>\n<p>Luego, se agudiz\u00f3 en diciembre cuando la administraci\u00f3n libertaria <strong>elimin\u00f3 programas<\/strong> del organismo y habilit\u00f3 la <strong>entrada de nuevos actores a lo que antes eran servicios exclusivos<\/strong>.<\/p>\n<p>En este escenario,\u00a0ATE le pidi\u00f3 al Gobierno Nacional que <strong>deje sin efecto esas medidas<\/strong> (formalizadas en la\u00a0<strong>Resoluci\u00f3n 213\/25<\/strong>) \u201cen forma perentoria y urgente\u201d. Desde el sindicato\u00a0consideran que la iniciativa \u201ccarece de razonabilidad y oportunidad\u201d por lo que est\u00e1n <strong>analizando realizar acciones judiciales y gremiales<\/strong> si la intimaci\u00f3n no da resultados.<\/p>\n<p>En la ma\u00f1ana de este lunes, el secretario general de ATE,\u00a0<strong>Rodolfo Aguiar<\/strong>, denunci\u00f3 que hay un \u201c<strong>intento de<\/strong>\u00a0<strong>privatizaci\u00f3n<\/strong>\u201d detr\u00e1s de la <strong>eliminaci\u00f3n del programa de metrolog\u00eda legal del INTI<\/strong>. \u201cEsta medida no solo pone en riesgo cientos de puestos de trabajo, sino que atenta contra la seguridad de toda la poblaci\u00f3n\u201d, expres\u00f3.<\/p>\n<p>El programa en cuesti\u00f3n era el que se encargaba de controlar\u00a0<strong>surtidores<\/strong>\u00a0de combustible,\u00a0<strong>balanzas comerciales<\/strong>,\u00a0<strong>alcohol\u00edmetros<\/strong>\u00a0e\u00a0<strong>instrumentos m\u00e9dicos<\/strong>, entre otros aparatos medidores. Seg\u00fan Aguiar \u201cesto va a tener consecuencias graves y concretas en el funcionamiento cotidiano de numerosas empresas\u201d.<\/p>\n<p>De acuerdo con la Resoluci\u00f3n 213\/25, son <strong>12 las certificaciones que el INTI ya no va a otorgar<\/strong>. En el \u00c1rea Metropolitana de Buenos Aires (AMBA) estos servicios se <strong>van a dejar de prestar el 31 de enero<\/strong> de este a\u00f1o. <strong>(VW)<\/strong><\/p>\n<p>&nbsp;<\/p>\n","protected":false},"excerpt":{"rendered":"<p>ATE intim\u00f3 al Gobierno Nacional para que reestablezca el programa de metrolog\u00eda legal del INTI que fue eliminado. Se trata de 12 certificaciones que el INTI ya no va a otorgar. \u201cEsta medida no&#46;&#46;&#46;<\/p>\n","protected":false},"author":4,"featured_media":20157,"comment_status":"closed","ping_status":"closed","sticky":false,"template":"","format":"standard","meta":{"_monsterinsights_skip_tracking":false,"_monsterinsights_sitenote_active":false,"_monsterinsights_sitenote_note":"","_monsterinsights_sitenote_category":0,"footnotes":""},"categories":[4],"tags":[8671,8670,8672,8020],"class_list":["post-20156","post","type-post","status-publish","format-standard","has-post-thumbnail","hentry","category-politica","tag-ate-busca-frenar-ajuste","tag-certificaciones-eliminadas","tag-denuncia-judicial","tag-inti"],"_links":{"self":[{"href":"https:\/\/www.visionweb.com.ar\/index.php?rest_route=\/wp\/v2\/posts\/20156","targetHints":{"allow":["GET"]}}],"collection":[{"href":"https:\/\/www.visionweb.com.ar\/index.php?rest_route=\/wp\/v2\/posts"}],"about":[{"href":"https:\/\/www.visionweb.com.ar\/index.php?rest_route=\/wp\/v2\/types\/post"}],"author":[{"embeddable":true,"href":"https:\/\/www.visionweb.com.ar\/index.php?rest_route=\/wp\/v2\/users\/4"}],"replies":[{"embeddable":true,"href":"https:\/\/www.visionweb.com.ar\/index.php?rest_route=%2Fwp%2Fv2%2Fcomments&post=20156"}],"version-history":[{"count":1,"href":"https:\/\/www.visionweb.com.ar\/index.php?rest_route=\/wp\/v2\/posts\/20156\/revisions"}],"predecessor-version":[{"id":20158,"href":"https:\/\/www.visionweb.com.ar\/index.php?rest_route=\/wp\/v2\/posts\/20156\/revisions\/20158"}],"wp:featuredmedia":[{"embeddable":true,"href":"https:\/\/www.visionweb.com.ar\/index.php?rest_route=\/wp\/v2\/media\/20157"}],"wp:attachment":[{"href":"https:\/\/www.visionweb.com.ar\/index.php?rest_route=%2Fwp%2Fv2%2Fmedia&parent=20156"}],"wp:term":[{"taxonomy":"category","embeddable":true,"href":"https:\/\/www.visionweb.com.ar\/index.php?rest_route=%2Fwp%2Fv2%2Fcategories&post=20156"},{"taxonomy":"post_tag","embeddable":true,"href":"https:\/\/www.visionweb.com.ar\/index.php?rest_route=%2Fwp%2Fv2%2Ftags&post=20156"}],"curies":[{"name":"wp","href":"https:\/\/api.w.org\/{rel}","templated":true}]}}