{"id":20153,"date":"2026-01-19T12:25:50","date_gmt":"2026-01-19T15:25:50","guid":{"rendered":"https:\/\/www.visionweb.com.ar\/?p=20153"},"modified":"2026-01-19T12:25:50","modified_gmt":"2026-01-19T15:25:50","slug":"la-tv-publica-y-radio-nacional-transmitiran-todos-los-partidos-de-la-seleccion-argentina-en-el-mundial-2026-sin-usar-fondos-publico","status":"publish","type":"post","link":"https:\/\/www.visionweb.com.ar\/?p=20153","title":{"rendered":"La TV P\u00fablica y Radio Nacional transmitir\u00e1n todos los partidos de la Selecci\u00f3n Argentina en el Mundial 2026 sin usar fondos p\u00fablico"},"content":{"rendered":"<p><em><strong>Los derechos de transmisi\u00f3n no implicar\u00e1n gasto de fondos p\u00fablicos, confirmaron. \u00abPara todos, sin usar la plata de todos\u00bb, dijo Adorni.<\/strong><\/em><!--more--><\/p>\n<div id=\"attachment_20154\" style=\"width: 310px\" class=\"wp-caption alignright\"><img loading=\"lazy\" decoding=\"async\" aria-describedby=\"caption-attachment-20154\" class=\"wp-image-20154 size-medium\" src=\"https:\/\/www.visionweb.com.ar\/wp-content\/uploads\/2026\/01\/camiseta-mundial-2026-nov-25-300x169.png\" alt=\"\" width=\"300\" height=\"169\" srcset=\"https:\/\/www.visionweb.com.ar\/wp-content\/uploads\/2026\/01\/camiseta-mundial-2026-nov-25-300x169.png 300w, https:\/\/www.visionweb.com.ar\/wp-content\/uploads\/2026\/01\/camiseta-mundial-2026-nov-25.png 560w\" sizes=\"auto, (max-width: 300px) 100vw, 300px\" \/><p id=\"caption-attachment-20154\" class=\"wp-caption-text\">La \u00abnueva piel\u00bb de la Selecci\u00f3n fue presentada en noviembre pasado. Foto redes<\/p><\/div>\n<p><strong>E<\/strong>l Gobierno nacional confirm\u00f3 este lunes que la <strong>Televisi\u00f3n P\u00fablica y Radio Nacional <\/strong>transmitir\u00e1n todos los partidos de la<strong> Selecci\u00f3n Argentina<\/strong> en la <strong>Copa del Mundo 2026<\/strong>, que se juega en Estados Unidos, M\u00e9xico y Canad\u00e1. Desde el\u00a0<strong>Ejecutivo\u00a0<\/strong>subrayaron que los derechos de transmisi\u00f3n no implicar\u00e1n gasto de fondos p\u00fablicos.<\/p>\n<p>\u00abLa Televisi\u00f3n P\u00fablica y Radio Nacional transmitir\u00e1n todos los partidos de la Selecci\u00f3n Argentina durante la Copa del Mundo 2026. Gracias a un acuerdo comercial, el costo de los derechos de transmisi\u00f3n no ser\u00e1 afrontado con el dinero de los impuestos\u00bb, confirm\u00f3 en X el jefe de Gabinete, Manuel Adorni. \u00abPara todos, sin usar la plata de todos\u00bb, dijo.<\/p>\n<p>Seg\u00fan ampli\u00f3 el jefe de Gabinete, la cobertura ser\u00e1 posible gracias a un acuerdo comercial que evita el uso de recursos provenientes de los impuestos. La medida busca diferenciarse de experiencias anteriores en las que las transmisiones deportivas eran financiadas por el Estado nacional.<\/p>\n<p>El <strong>Mundial 2026<\/strong> reunir\u00e1 a 48 selecciones, en un torneo que se disputar\u00e1 en 16 ciudades, con un formato renovado que introduce una fase adicional de eliminaci\u00f3n directa y una distribuci\u00f3n in\u00e9dita de grupos.<\/p>\n<p>Parece que fue ayer, pero pasaron ya casi 4 a\u00f1os y el inicio est\u00e1 la vuelta de la esquina, ya que el certamen <strong>comenzar\u00e1 el jueves 11<\/strong> <strong>de junio<\/strong> en el Estadio Azteca de la Ciudad de M\u00e9xico, que se convertir\u00e1 en el primer recinto en albergar tres inauguraciones mundialistas, y concluir\u00e1 en el MetLife Stadium de Nueva York, donde se celebrar\u00e1 la final el domingo 19 de julio.<\/p>\n<p><strong>Argentina ya tiene a sus rivales en el Grupo J<\/strong><\/p>\n<p>El primer partido ser\u00e1 el martes 16 de junio contra Argelia en el Kansas City Stadium, desde las 22 (hora Argentina). La segunda fecha se dar\u00e1 el lunes 22 de ese mes ante Austria en el Dallas Stadium, a partir de las 14 (hora Argentina). Y, finalmente, cerrar\u00e1 su actividad en la fase inicial de la cita mundialista contra Jordania, el s\u00e1bado 27 en el Dallas Stadium, a las 23 (hora Argentina). <strong>(VW)<\/strong><\/p>\n","protected":false},"excerpt":{"rendered":"<p>Los derechos de transmisi\u00f3n no implicar\u00e1n gasto de fondos p\u00fablicos, confirmaron. \u00abPara todos, sin usar la plata de todos\u00bb, dijo Adorni.<\/p>\n","protected":false},"author":4,"featured_media":20154,"comment_status":"closed","ping_status":"closed","sticky":false,"template":"","format":"standard","meta":{"_monsterinsights_skip_tracking":false,"_monsterinsights_sitenote_active":false,"_monsterinsights_sitenote_note":"","_monsterinsights_sitenote_category":0,"footnotes":""},"categories":[8],"tags":[5239,3465,8668,8669],"class_list":["post-20153","post","type-post","status-publish","format-standard","has-post-thumbnail","hentry","category-interes-general","tag-mundial-2026","tag-seleccion-argentina","tag-transmisiones-de-partidos","tag-tv-publica"],"_links":{"self":[{"href":"https:\/\/www.visionweb.com.ar\/index.php?rest_route=\/wp\/v2\/posts\/20153","targetHints":{"allow":["GET"]}}],"collection":[{"href":"https:\/\/www.visionweb.com.ar\/index.php?rest_route=\/wp\/v2\/posts"}],"about":[{"href":"https:\/\/www.visionweb.com.ar\/index.php?rest_route=\/wp\/v2\/types\/post"}],"author":[{"embeddable":true,"href":"https:\/\/www.visionweb.com.ar\/index.php?rest_route=\/wp\/v2\/users\/4"}],"replies":[{"embeddable":true,"href":"https:\/\/www.visionweb.com.ar\/index.php?rest_route=%2Fwp%2Fv2%2Fcomments&post=20153"}],"version-history":[{"count":1,"href":"https:\/\/www.visionweb.com.ar\/index.php?rest_route=\/wp\/v2\/posts\/20153\/revisions"}],"predecessor-version":[{"id":20155,"href":"https:\/\/www.visionweb.com.ar\/index.php?rest_route=\/wp\/v2\/posts\/20153\/revisions\/20155"}],"wp:featuredmedia":[{"embeddable":true,"href":"https:\/\/www.visionweb.com.ar\/index.php?rest_route=\/wp\/v2\/media\/20154"}],"wp:attachment":[{"href":"https:\/\/www.visionweb.com.ar\/index.php?rest_route=%2Fwp%2Fv2%2Fmedia&parent=20153"}],"wp:term":[{"taxonomy":"category","embeddable":true,"href":"https:\/\/www.visionweb.com.ar\/index.php?rest_route=%2Fwp%2Fv2%2Fcategories&post=20153"},{"taxonomy":"post_tag","embeddable":true,"href":"https:\/\/www.visionweb.com.ar\/index.php?rest_route=%2Fwp%2Fv2%2Ftags&post=20153"}],"curies":[{"name":"wp","href":"https:\/\/api.w.org\/{rel}","templated":true}]}}