{"id":20146,"date":"2026-01-19T11:46:11","date_gmt":"2026-01-19T14:46:11","guid":{"rendered":"https:\/\/www.visionweb.com.ar\/?p=20146"},"modified":"2026-01-19T11:55:26","modified_gmt":"2026-01-19T14:55:26","slug":"la-provincia-prorrogo-la-emergencia-agropecuaria-en-dos-distritos-del-sudoeste","status":"publish","type":"post","link":"https:\/\/www.visionweb.com.ar\/?p=20146","title":{"rendered":"La Provincia prorrog\u00f3 la emergencia agropecuaria en dos distritos del sudoeste"},"content":{"rendered":"<p><em><strong>El Gobierno bonaerense extendi\u00f3 la declaraci\u00f3n de la emergencia agropecuaria por inundaciones en Guamin\u00ed y Coronel Su\u00e1rez.<\/strong><\/em><!--more--><\/p>\n<p><img loading=\"lazy\" decoding=\"async\" class=\"size-medium wp-image-18848 alignleft\" src=\"https:\/\/www.visionweb.com.ar\/wp-content\/uploads\/2025\/08\/inundaciones-campos-bonaer-Carbap-300x169.png\" alt=\"\" width=\"300\" height=\"169\" srcset=\"https:\/\/www.visionweb.com.ar\/wp-content\/uploads\/2025\/08\/inundaciones-campos-bonaer-Carbap-300x169.png 300w, https:\/\/www.visionweb.com.ar\/wp-content\/uploads\/2025\/08\/inundaciones-campos-bonaer-Carbap.png 599w\" sizes=\"auto, (max-width: 300px) 100vw, 300px\" \/>Tras un 2025 muy complicado por las inundaciones en gran parte de la provincia de Buenos Aires, el Gobierno bonaerense prorrog\u00f3 este lunes el estado de emergencia y\/o desastre agropecuario en distintas circunscripciones de los partidos de Coronel Su\u00e1rez y Guamin\u00ed. La medida qued\u00f3 formalizada a trav\u00e9s del Decreto N\u00b0 1\/2026, firmado por el gobernador Axel Kicillof y publicado en el Bolet\u00edn Oficial.<\/p>\n<article class=\"article-body article-body--second-paragraph\">La pr\u00f3rroga rige para el per\u00edodo comprendido entre el 1\u00b0 de septiembre de 2025 y el 28 de febrero de 2026, y alcanza a las mismas zonas que ya hab\u00edan sido declaradas en emergencia por el Decreto N\u00b0 1180\/25.<\/article>\n<article><\/article>\n<article class=\"article-body article-body--second-paragraph\">En el caso de Coronel Su\u00e1rez, incluye las circunscripciones III, IV, V, X, XI, XII y XIV, mientras que en Guamin\u00ed abarca las circunscripciones II, III, IV, V, VI, VII, VIII y IX.<\/article>\n<article><\/article>\n<article><\/article>\n<article><\/article>\n<article class=\"article-body article-body--second-paragraph\">Seg\u00fan los considerandos del decreto, la decisi\u00f3n se fundamenta en la continuidad de una situaci\u00f3n cr\u00edtica provocada por un fen\u00f3meno natural adverso de car\u00e1cter extraordinario, que sigue afectando de manera directa la producci\u00f3n y la capacidad productiva de las explotaciones rurales.<\/article>\n<article><\/article>\n<article class=\"article-body article-body--second-paragraph\">Informes t\u00e9cnicos, relevamientos en campo e im\u00e1genes satelitales confirmaron que los perjuicios persisten y justifican la extensi\u00f3n de la emergencia.<\/article>\n<article><\/article>\n<article class=\"article-body article-body--second-paragraph\">Entre los beneficios previstos se destaca la exenci\u00f3n total o parcial del impuesto Inmobiliario Rural, seg\u00fan se trate de situaciones de desastre o emergencia agropecuaria, en proporci\u00f3n al nivel de afectaci\u00f3n de cada explotaci\u00f3n.<\/article>\n<article><\/article>\n<article><\/article>\n<article class=\"article-body article-body--second-paragraph\">Adem\u00e1s, se habilitan beneficios crediticios contemplados en la Ley N\u00b0 10.390, con intervenci\u00f3n del Banco de la Provincia de Buenos Aires<strong>(VW)<\/strong><\/article>\n","protected":false},"excerpt":{"rendered":"<p>El Gobierno bonaerense extendi\u00f3 la declaraci\u00f3n de la emergencia agropecuaria por inundaciones en Guamin\u00ed y Coronel Su\u00e1rez.<\/p>\n","protected":false},"author":3,"featured_media":18848,"comment_status":"closed","ping_status":"closed","sticky":false,"template":"","format":"standard","meta":{"_monsterinsights_skip_tracking":false,"_monsterinsights_sitenote_active":false,"_monsterinsights_sitenote_note":"","_monsterinsights_sitenote_category":0,"footnotes":""},"categories":[1],"tags":[5418,2655,3381,203],"class_list":["post-20146","post","type-post","status-publish","format-standard","has-post-thumbnail","hentry","category-uncategorized","tag-ib","tag-inundaciones","tag-perdidas","tag-prorroga"],"_links":{"self":[{"href":"https:\/\/www.visionweb.com.ar\/index.php?rest_route=\/wp\/v2\/posts\/20146","targetHints":{"allow":["GET"]}}],"collection":[{"href":"https:\/\/www.visionweb.com.ar\/index.php?rest_route=\/wp\/v2\/posts"}],"about":[{"href":"https:\/\/www.visionweb.com.ar\/index.php?rest_route=\/wp\/v2\/types\/post"}],"author":[{"embeddable":true,"href":"https:\/\/www.visionweb.com.ar\/index.php?rest_route=\/wp\/v2\/users\/3"}],"replies":[{"embeddable":true,"href":"https:\/\/www.visionweb.com.ar\/index.php?rest_route=%2Fwp%2Fv2%2Fcomments&post=20146"}],"version-history":[{"count":2,"href":"https:\/\/www.visionweb.com.ar\/index.php?rest_route=\/wp\/v2\/posts\/20146\/revisions"}],"predecessor-version":[{"id":20148,"href":"https:\/\/www.visionweb.com.ar\/index.php?rest_route=\/wp\/v2\/posts\/20146\/revisions\/20148"}],"wp:featuredmedia":[{"embeddable":true,"href":"https:\/\/www.visionweb.com.ar\/index.php?rest_route=\/wp\/v2\/media\/18848"}],"wp:attachment":[{"href":"https:\/\/www.visionweb.com.ar\/index.php?rest_route=%2Fwp%2Fv2%2Fmedia&parent=20146"}],"wp:term":[{"taxonomy":"category","embeddable":true,"href":"https:\/\/www.visionweb.com.ar\/index.php?rest_route=%2Fwp%2Fv2%2Fcategories&post=20146"},{"taxonomy":"post_tag","embeddable":true,"href":"https:\/\/www.visionweb.com.ar\/index.php?rest_route=%2Fwp%2Fv2%2Ftags&post=20146"}],"curies":[{"name":"wp","href":"https:\/\/api.w.org\/{rel}","templated":true}]}}