{"id":20095,"date":"2026-01-13T15:50:26","date_gmt":"2026-01-13T18:50:26","guid":{"rendered":"https:\/\/www.visionweb.com.ar\/?p=20095"},"modified":"2026-01-13T17:30:24","modified_gmt":"2026-01-13T20:30:24","slug":"los-docentes-rechazaron-el-aumwnro-de15-que-ofrecio-la-provincia","status":"publish","type":"post","link":"https:\/\/www.visionweb.com.ar\/?p=20095","title":{"rendered":"Los docentes rechazaron el aumento de1,5% que ofreci\u00f3 la Provincia"},"content":{"rendered":"<p><em><strong>El Frente de Unidad Docente Bonaerense rechaz\u00f3 ese ajuste para el inicio de 2026 y pide discutir una recomposici\u00f3n para noviembre y diciembre.<\/strong><\/em><!--more--><\/p>\n<p><img loading=\"lazy\" decoding=\"async\" class=\"size-medium wp-image-20096 alignleft\" src=\"https:\/\/www.visionweb.com.ar\/wp-content\/uploads\/2026\/01\/DOCENTES-300x225.png\" alt=\"\" width=\"300\" height=\"225\" srcset=\"https:\/\/www.visionweb.com.ar\/wp-content\/uploads\/2026\/01\/DOCENTES-300x225.png 300w, https:\/\/www.visionweb.com.ar\/wp-content\/uploads\/2026\/01\/DOCENTES.png 640w\" sizes=\"auto, (max-width: 300px) 100vw, 300px\" \/>En medio del reiterado pedido de los trabajadores de la administraci\u00f3n p\u00fablica bonaerense, el Gobierno de Axel Kicillof recibi\u00f3 este martes a los docentes en el primero de los encuentros que buscar\u00e1 dar inicio a la negociaci\u00f3n salarial. Con una oferta de 1,5% para enero, la paritaria fue rechazada por los gremios y se pas\u00f3 a un cuarto intermedio.<\/p>\n<article class=\"article-body article-body--second-paragraph\">Los referentes del\u00a0<strong>Frente de Unidad Docente Bonaerense (FUDB)<\/strong>\u00a0se reunieron con autoridades del Gobierno de Axel Kicillof pero la oferta recibida estuvo muy por debajo de lo esperado. Es que el 1,5% a cobrar en febrero no fue acompa\u00f1ado por una recomposici\u00f3n para los dos \u00faltimos meses del a\u00f1o pasado.<\/article>\n<article class=\"article-body article-body--second-paragraph\">De esta manera, los gremios rechazaron el ofrecimiento y reclamaron negociar una nueva suba que contemple primero un retroactivo para el \u00faltimo bimestre. Es que el \u00faltimo ajuste fue del 5% en dos veces: en agosto (percibido en septiembre) y octubre (que se cobr\u00f3 en noviembre). Es decir, en esos 10 meses, los trabajadores\u00a0<strong>recibieron una suba del 25,9 % contra una inflaci\u00f3n del 24,8% para el mismo per\u00edodo<\/strong>.<\/article>\n<article class=\"article-body article-body--second-paragraph\">Sin embargo, luego<strong>\u00a0de que la Legislatura aprobar\u00e1 la ley para que Kicillof pueda emitir deuda por 3.680 millones de d\u00f3lares, los gremios salieron a pedir que haya una reapertura<\/strong>\u00a0inmediata de las negociaciones\u00a0<a class=\"agrupador\" href=\"https:\/\/dib.com.ar\/tag\/paritarias\" rel=\"696\">paritarias<\/a>\u00a0para un nuevo aumento de\u00a0<strong><a href=\"https:\/\/dib.com.ar\/tag\/salarios\">salarios<\/a><\/strong>. Principalmente, apostaban a recibir una cifra que compense la inflaci\u00f3n de noviembre y diciembre, algo que no pas\u00f3 hoy en La Plata.<\/article>\n<article class=\"article-body article-body--third-paragraph\">Tras la reuni\u00f3n con docentes, la mesa de negociaci\u00f3n\u00a0<strong>seguir\u00e1 con los trabajadores bajo la ley 10.430, y judiciales<\/strong>. Los tres sectores, con distinta presi\u00f3n, vienen reclamando la reapertura de la mesa paritaria ya que en noviembre fue el \u00faltimo incremento recibido.A pesar de la\u00a0<strong>buena sinton\u00eda pol\u00edtica entre la gesti\u00f3n Kicillof y los gremios<\/strong>, que se tradujo en negociaciones por los lugares en las listas de candidatos de las elecciones, los representantes de los trabajadores llegaban a la reuni\u00f3n con expectativas, y muchas necesidades. <strong>(VW)<\/strong><\/p>\n<p><strong>Fuente: Agencia DIB<\/strong><\/p>\n<\/article>\n","protected":false},"excerpt":{"rendered":"<p>El Frente de Unidad Docente Bonaerense rechaz\u00f3 ese ajuste para el inicio de 2026 y pide discutir una recomposici\u00f3n para noviembre y diciembre.<\/p>\n","protected":false},"author":3,"featured_media":20096,"comment_status":"closed","ping_status":"closed","sticky":false,"template":"","format":"standard","meta":{"_monsterinsights_skip_tracking":false,"_monsterinsights_sitenote_active":false,"_monsterinsights_sitenote_note":"","_monsterinsights_sitenote_category":0,"footnotes":""},"categories":[7,4],"tags":[],"class_list":["post-20095","post","type-post","status-publish","format-standard","has-post-thumbnail","hentry","category-educacion-y-cultura","category-politica"],"_links":{"self":[{"href":"https:\/\/www.visionweb.com.ar\/index.php?rest_route=\/wp\/v2\/posts\/20095","targetHints":{"allow":["GET"]}}],"collection":[{"href":"https:\/\/www.visionweb.com.ar\/index.php?rest_route=\/wp\/v2\/posts"}],"about":[{"href":"https:\/\/www.visionweb.com.ar\/index.php?rest_route=\/wp\/v2\/types\/post"}],"author":[{"embeddable":true,"href":"https:\/\/www.visionweb.com.ar\/index.php?rest_route=\/wp\/v2\/users\/3"}],"replies":[{"embeddable":true,"href":"https:\/\/www.visionweb.com.ar\/index.php?rest_route=%2Fwp%2Fv2%2Fcomments&post=20095"}],"version-history":[{"count":2,"href":"https:\/\/www.visionweb.com.ar\/index.php?rest_route=\/wp\/v2\/posts\/20095\/revisions"}],"predecessor-version":[{"id":20101,"href":"https:\/\/www.visionweb.com.ar\/index.php?rest_route=\/wp\/v2\/posts\/20095\/revisions\/20101"}],"wp:featuredmedia":[{"embeddable":true,"href":"https:\/\/www.visionweb.com.ar\/index.php?rest_route=\/wp\/v2\/media\/20096"}],"wp:attachment":[{"href":"https:\/\/www.visionweb.com.ar\/index.php?rest_route=%2Fwp%2Fv2%2Fmedia&parent=20095"}],"wp:term":[{"taxonomy":"category","embeddable":true,"href":"https:\/\/www.visionweb.com.ar\/index.php?rest_route=%2Fwp%2Fv2%2Fcategories&post=20095"},{"taxonomy":"post_tag","embeddable":true,"href":"https:\/\/www.visionweb.com.ar\/index.php?rest_route=%2Fwp%2Fv2%2Ftags&post=20095"}],"curies":[{"name":"wp","href":"https:\/\/api.w.org\/{rel}","templated":true}]}}