{"id":19832,"date":"2025-12-15T13:27:29","date_gmt":"2025-12-15T16:27:29","guid":{"rendered":"https:\/\/www.visionweb.com.ar\/?p=19832"},"modified":"2025-12-15T13:27:29","modified_gmt":"2025-12-15T16:27:29","slug":"preocupacion-del-colegio-de-medicos-ante-la-posibilidad-de-que-la-reforma-laboral-incorpore-la-llamada-libertad-de-matricula","status":"publish","type":"post","link":"https:\/\/www.visionweb.com.ar\/?p=19832","title":{"rendered":"Preocupaci\u00f3n del Colegio de M\u00e9dicos ante la posibilidad de que la Reforma Laboral\u00a0incorpore la llamada \u201clibertad de matr\u00edcula\u201d"},"content":{"rendered":"<p><em><strong>La entidad bonaerense se pronunci\u00f3 \u201cen defensa de la regulaci\u00f3n, la \u00e9tica y la calidad en la atenci\u00f3n sanitaria\u201d. \u201cLa desregulaci\u00f3n absoluta del ejercicio m\u00e9dico generar\u00eda un caos institucional, un vac\u00edo \u00e9tico y una p\u00e9rdida irreversible de confianza en el sistema de salud, quedando la poblaci\u00f3n desprotegida frente al intrusismo y la mala praxis\u201d.<\/strong><\/em><!--more--><\/p>\n<p><strong>\u00a0 <img loading=\"lazy\" decoding=\"async\" class=\"size-medium wp-image-19833 alignright\" src=\"https:\/\/www.visionweb.com.ar\/wp-content\/uploads\/2025\/12\/colegio-medicos-pba-300x188.jpg\" alt=\"\" width=\"300\" height=\"188\" srcset=\"https:\/\/www.visionweb.com.ar\/wp-content\/uploads\/2025\/12\/colegio-medicos-pba-300x188.jpg 300w, https:\/\/www.visionweb.com.ar\/wp-content\/uploads\/2025\/12\/colegio-medicos-pba.jpg 630w\" sizes=\"auto, (max-width: 300px) 100vw, 300px\" \/>\u00a0 \u00a0 E<\/strong>l <strong>Colegio de M\u00e9dicos de la Provincia de Buenos Aires<\/strong> expres\u00f3 su <strong>profunda preocupaci\u00f3n<\/strong> ante la posibilidad de que la <strong>Reforma Laboral<\/strong>\u00a0 impulsada por el Poder Ejecutivo Nacional <strong>incorpore la llamada \u201clibertad de matr\u00edcula\u201d<\/strong> o empadronamiento profesional voluntario.<\/p>\n<p>Seg\u00fan se\u00f1al\u00f3 la instituci\u00f3n en un comunicado, <strong>esta medida<\/strong> no aportar\u00eda mejoras al sistema sanitario, sino que \u201c<strong>generar\u00eda un impacto negativo tanto en la calidad de la atenci\u00f3n como en las condiciones laborales de los profesionales<\/strong>\u201d, conforme indic\u00f3 Prensa del CMPBA.<\/p>\n<p>La entidad subray\u00f3 que <strong>la eliminaci\u00f3n o debilitamiento de los Colegios Profesionales<\/strong> implicar\u00eda \u201cla p\u00e9rdida de organismos autogestivos esenciales para <strong>garantizar el control de la matr\u00edcula<\/strong>, la promoci\u00f3n de la \u00e9tica, la vigilancia del ejercicio adecuado de la profesi\u00f3n y la defensa de est\u00e1ndares de calidad indispensables para la seguridad de la poblaci\u00f3n\u201d.<\/p>\n<p>Es que sin estos mecanismos, \u201cse abrir\u00eda un escenario cr\u00edtico caracterizado por un deterioro del control legal y disciplinario, que expondr\u00eda a la ciudadan\u00eda a mayores riesgos frente al intrusismo y la mala praxis\u201d, enfatizaron desde la Mesa Directiva.<\/p>\n<p>En este sentido, el Colegio de M\u00e9dicos remarc\u00f3 que, \u201csin un registro centralizado y confiable ni un <strong>cuerpo colegiado que act\u00fae como tribunal de \u00e9tica<\/strong>, los procesos de verificaci\u00f3n, evaluaci\u00f3n y sanci\u00f3n quedar\u00edan fragmentados o incluso inmersos en un vac\u00edo regulatorio\u201d. Esta situaci\u00f3n afectar\u00eda tambi\u00e9n \u00e1mbitos emergentes como la telemedicina, donde la ausencia de regulaci\u00f3n facilitar\u00eda pr\u00e1cticas irregulares y fraudes que pondr\u00edan en riesgo a la poblaci\u00f3n.<\/p>\n<p>Asimismo, la instituci\u00f3n advirti\u00f3 que la desregulaci\u00f3n tendr\u00eda consecuencias graves para la calidad asistencial. La desaparici\u00f3n de la formaci\u00f3n continua y la recertificaci\u00f3n profesional \u2014pilares que los Colegios impulsan para asegurar la actualizaci\u00f3n permanente y la adhesi\u00f3n a est\u00e1ndares de pr\u00e1ctica basados en evidencia\u2014 incrementar\u00eda la probabilidad de errores diagn\u00f3sticos y terap\u00e9uticos, afectando directamente la Salud P\u00fablica. A su vez, seg\u00fan informaron, \u201cdificultar\u00eda el rol de la profesi\u00f3n como interlocutora t\u00e9cnica del Estado en la elaboraci\u00f3n de normativas, protocolos y pol\u00edticas sanitarias\u201d.<\/p>\n<p>En paralelo, la medida impactar\u00eda negativamente en las condiciones laborales de los m\u00e9dicos: \u201cSin entidades colegiadas que representen, regulen y tutelen a los profesionales, \u201c<strong>los honorarios y condiciones de trabajo quedar\u00edan sometidos exclusivamente a criterios de mercado y decisiones patronales<\/strong>, dejando a los m\u00e9dicos sin resguardo institucional ni referencia sobre valores m\u00ednimos de consultas o pr\u00e1cticas, o condiciones dignas de ejercicio\u201d, destaca el comunicado emitido.<\/p>\n<p>Frente a este panorama, el Consejo Superior del Colegio de M\u00e9dicos sostuvo que \u201c<strong>la desregulaci\u00f3n absoluta del ejercicio m\u00e9dico generar\u00eda un caos institucional<\/strong>, un vac\u00edo \u00e9tico y una p\u00e9rdida irreversible de confianza en el sistema de salud, quedando la poblaci\u00f3n desprotegida frente al intrusismo y la mala praxis\u201d. En tanto, sostuvieron que\u00a0 \u201clos profesionales comprometidos con la \u00e9tica y la excelencia se ver\u00edan en un profundo estado de indefensi\u00f3n\u201d.<\/p>\n<p>Por estas razones, al tiempo <strong>que reafirm\u00f3 su compromiso \u201ccon una salud p\u00fablica segura, \u00e9tica y de calidad\u201d<\/strong>, el Colegio de M\u00e9dicos de la Provincia de Buenos Aires rechaz\u00f3 \u201ctoda medida que ponga en riesgo la protecci\u00f3n de la comunidad y la integridad de la profesi\u00f3n m\u00e9dica\u201d. <strong>(VW)<\/strong><\/p>\n","protected":false},"excerpt":{"rendered":"<p>La entidad bonaerense se pronunci\u00f3 \u201cen defensa de la regulaci\u00f3n, la \u00e9tica y la calidad en la atenci\u00f3n sanitaria\u201d. \u201cLa desregulaci\u00f3n absoluta del ejercicio m\u00e9dico generar\u00eda un caos institucional, un vac\u00edo \u00e9tico y una&#46;&#46;&#46;<\/p>\n","protected":false},"author":4,"featured_media":19833,"comment_status":"closed","ping_status":"closed","sticky":false,"template":"","format":"standard","meta":{"_monsterinsights_skip_tracking":false,"_monsterinsights_sitenote_active":false,"_monsterinsights_sitenote_note":"","_monsterinsights_sitenote_category":0,"footnotes":""},"categories":[4,5],"tags":[8027,8525,6236,8524],"class_list":["post-19832","post","type-post","status-publish","format-standard","has-post-thumbnail","hentry","category-politica","category-sociedad","tag-colegio-de-medicos-pba","tag-libertad-de-matricula","tag-preocupacion","tag-reforma-laboral"],"_links":{"self":[{"href":"https:\/\/www.visionweb.com.ar\/index.php?rest_route=\/wp\/v2\/posts\/19832","targetHints":{"allow":["GET"]}}],"collection":[{"href":"https:\/\/www.visionweb.com.ar\/index.php?rest_route=\/wp\/v2\/posts"}],"about":[{"href":"https:\/\/www.visionweb.com.ar\/index.php?rest_route=\/wp\/v2\/types\/post"}],"author":[{"embeddable":true,"href":"https:\/\/www.visionweb.com.ar\/index.php?rest_route=\/wp\/v2\/users\/4"}],"replies":[{"embeddable":true,"href":"https:\/\/www.visionweb.com.ar\/index.php?rest_route=%2Fwp%2Fv2%2Fcomments&post=19832"}],"version-history":[{"count":1,"href":"https:\/\/www.visionweb.com.ar\/index.php?rest_route=\/wp\/v2\/posts\/19832\/revisions"}],"predecessor-version":[{"id":19834,"href":"https:\/\/www.visionweb.com.ar\/index.php?rest_route=\/wp\/v2\/posts\/19832\/revisions\/19834"}],"wp:featuredmedia":[{"embeddable":true,"href":"https:\/\/www.visionweb.com.ar\/index.php?rest_route=\/wp\/v2\/media\/19833"}],"wp:attachment":[{"href":"https:\/\/www.visionweb.com.ar\/index.php?rest_route=%2Fwp%2Fv2%2Fmedia&parent=19832"}],"wp:term":[{"taxonomy":"category","embeddable":true,"href":"https:\/\/www.visionweb.com.ar\/index.php?rest_route=%2Fwp%2Fv2%2Fcategories&post=19832"},{"taxonomy":"post_tag","embeddable":true,"href":"https:\/\/www.visionweb.com.ar\/index.php?rest_route=%2Fwp%2Fv2%2Ftags&post=19832"}],"curies":[{"name":"wp","href":"https:\/\/api.w.org\/{rel}","templated":true}]}}