{"id":19820,"date":"2025-12-12T13:26:23","date_gmt":"2025-12-12T16:26:23","guid":{"rendered":"https:\/\/www.visionweb.com.ar\/?p=19820"},"modified":"2025-12-12T13:26:23","modified_gmt":"2025-12-12T16:26:23","slug":"el-gobierno-habilito-la-creacion-de-estaciones-de-servicio-moviles","status":"publish","type":"post","link":"https:\/\/www.visionweb.com.ar\/?p=19820","title":{"rendered":"El Gobierno habilit\u00f3 la creaci\u00f3n de estaciones de servicio m\u00f3viles"},"content":{"rendered":"<p><em><strong>La medida, dispuesta por la Secretar\u00eda de Energ\u00eda mediante la Resoluci\u00f3n 504\/2025 establece nuevas unidades para garantizar la venta de combustibles en zonas del interior donde la infraestructura convencional presenta limitaciones.<\/strong><\/em><!--more--><\/p>\n<p><strong>\u00a0 <img loading=\"lazy\" decoding=\"async\" class=\"size-medium wp-image-19821 alignright\" src=\"https:\/\/www.visionweb.com.ar\/wp-content\/uploads\/2025\/12\/estaciones-de-servicio-moviles-300x197.png\" alt=\"\" width=\"300\" height=\"197\" srcset=\"https:\/\/www.visionweb.com.ar\/wp-content\/uploads\/2025\/12\/estaciones-de-servicio-moviles-300x197.png 300w, https:\/\/www.visionweb.com.ar\/wp-content\/uploads\/2025\/12\/estaciones-de-servicio-moviles.png 566w\" sizes=\"auto, (max-width: 300px) 100vw, 300px\" \/>\u00a0 E<\/strong>l<strong> Gobierno habilit\u00f3 la figura de las Estaciones de Servicio M\u00f3viles <\/strong>al marco regulatorio de expendio de combustibles l\u00edquidos. La norma <strong>surge ante la necesidad de garantizar el acceso a combustibles en localidades donde las estaciones fijas quedaron obsoletas o dejaron de operar.<\/strong><\/p>\n<p>La medida, que fue dispuesta por la Secretar\u00eda de Energ\u00eda mediante la <strong>Resoluci\u00f3n 504\/2025<\/strong> publicada este viernes en el Bolet\u00edn Oficial, <strong>establece el procedimiento y las condiciones t\u00e9cnicas y registrales para la operaci\u00f3n de dep\u00f3sitos port\u00e1tiles destinados al abastecimiento minorista<\/strong>.<\/p>\n<p>Previo a la habilitaci\u00f3n, muchas <strong>localidades del interior<\/strong> del pa\u00eds debieron enfrentar situaciones de <strong>desabastecimiento o traslado costoso<\/strong> hacia otras zonas para acceder a combustibles. En respuesta a este escenario,\u00a0<strong>la administraci\u00f3n de Milei<\/strong>\u00a0ya hab\u00eda firmado el Decreto 46\/2025, que autoriza el autodespacho de combustible y habilita formalmente las estaciones m\u00f3viles a partir del 29 de enero de 2025.<\/p>\n<p>La resoluci\u00f3n considera que las estaciones de servicio m\u00f3viles constituyen una\u00a0\u201cherramienta fundamental a los efectos de garantizar el abastecimiento de combustibles en aquellas localidades que carecen de estaciones fijas en un radio considerable\u201d, inform\u00f3 Agencia NA.<\/p>\n<p>Seg\u00fan los considerandos, <strong>el prop\u00f3sito es reducir las distancias y costos de traslado de los consumidores<\/strong>, adem\u00e1s de contribuir al desarrollo productivo de las econom\u00edas regionales. La modalidad m\u00f3vil <strong>se presenta como una \u201calternativa novedosa que resuelve el abastecimiento local en condiciones seguras<\/strong>\u201d debido a los menores costos implicados en el mantenimiento adecuado de las instalaciones.<\/p>\n<p>La Secretar\u00eda de Energ\u00eda ya hab\u00eda autorizado el uso de tanques sobre el terreno y la implementaci\u00f3n de estaciones de servicio m\u00f3viles como \u201cdep\u00f3sitos port\u00e1tiles aut\u00f3nomos que est\u00e1n totalmente equipados para el transporte y abastecimiento de hidrocarburos\u201d.<\/p>\n<p>Las autoridades justificaron la implementaci\u00f3n al se\u00f1alar que las estaciones m\u00f3viles permiten una \u201cr\u00e1pida instalaci\u00f3n y reubicaci\u00f3n\u201d, ofreciendo soluciones flexibles en comparaci\u00f3n con la construcci\u00f3n de instalaciones que requieren tanques soterrados.<\/p>\n<p>En t\u00e9rminos regulatorios, la resoluci\u00f3n incorpora a los operadores habilitados para el expendio bajo esta modalidad en el Registro de Bocas de Expendio de Combustibles L\u00edquidos. Se aprobaron procedimientos separados para la <strong>\u201cEstaci\u00f3n modular port\u00e1til\u201d y la \u201cestaci\u00f3n de servicio m\u00f3vil cisterna\u201d<\/strong>.<\/p>\n<p>En el proceso de formalizaci\u00f3n,\u00a0<strong>la Secretar\u00eda de Energ\u00eda<\/strong>\u00a0dispuso que las nuevas bocas m\u00f3viles y modulares deber\u00e1n cumplir rigurosos est\u00e1ndares t\u00e9cnicos y de seguridad, ajustados a normas internacionales como la\u00a0<strong>NFPA385<\/strong>\u00a0y la\u00a0<strong>UL-2085<\/strong>. Los requisitos incluyen tanques de doble pared, sistemas autom\u00e1ticos de corte y detecci\u00f3n de p\u00e9rdidas, equipos especiales de control de derrames, y la presencia de extintores certificados en cada unidad.<\/p>\n<p>Adem\u00e1s, el funcionamiento de las estaciones m\u00f3viles estar\u00e1 <strong>sujeto a auditor\u00edas peri\u00f3dicas realizadas por empresas externas habilitadas<\/strong>, con la obligaci\u00f3n de mantener seguros y planes de contingencia vigentes. <strong>(VW)<\/strong><\/p>\n","protected":false},"excerpt":{"rendered":"<p>La medida, dispuesta por la Secretar\u00eda de Energ\u00eda mediante la Resoluci\u00f3n 504\/2025 establece nuevas unidades para garantizar la venta de combustibles en zonas del interior donde la infraestructura convencional presenta limitaciones.<\/p>\n","protected":false},"author":4,"featured_media":19821,"comment_status":"closed","ping_status":"closed","sticky":false,"template":"","format":"standard","meta":{"_monsterinsights_skip_tracking":false,"_monsterinsights_sitenote_active":false,"_monsterinsights_sitenote_note":"","_monsterinsights_sitenote_category":0,"footnotes":""},"categories":[8,4],"tags":[8523,8521,5625,8522,5740],"class_list":["post-19820","post","type-post","status-publish","format-standard","has-post-thumbnail","hentry","category-interes-general","category-politica","tag-abastecimiento-minorista","tag-estaciones-de-servicio-moviles","tag-interior-del-pais","tag-resolucion-504-2025","tag-secretaria-de-energia"],"_links":{"self":[{"href":"https:\/\/www.visionweb.com.ar\/index.php?rest_route=\/wp\/v2\/posts\/19820","targetHints":{"allow":["GET"]}}],"collection":[{"href":"https:\/\/www.visionweb.com.ar\/index.php?rest_route=\/wp\/v2\/posts"}],"about":[{"href":"https:\/\/www.visionweb.com.ar\/index.php?rest_route=\/wp\/v2\/types\/post"}],"author":[{"embeddable":true,"href":"https:\/\/www.visionweb.com.ar\/index.php?rest_route=\/wp\/v2\/users\/4"}],"replies":[{"embeddable":true,"href":"https:\/\/www.visionweb.com.ar\/index.php?rest_route=%2Fwp%2Fv2%2Fcomments&post=19820"}],"version-history":[{"count":1,"href":"https:\/\/www.visionweb.com.ar\/index.php?rest_route=\/wp\/v2\/posts\/19820\/revisions"}],"predecessor-version":[{"id":19822,"href":"https:\/\/www.visionweb.com.ar\/index.php?rest_route=\/wp\/v2\/posts\/19820\/revisions\/19822"}],"wp:featuredmedia":[{"embeddable":true,"href":"https:\/\/www.visionweb.com.ar\/index.php?rest_route=\/wp\/v2\/media\/19821"}],"wp:attachment":[{"href":"https:\/\/www.visionweb.com.ar\/index.php?rest_route=%2Fwp%2Fv2%2Fmedia&parent=19820"}],"wp:term":[{"taxonomy":"category","embeddable":true,"href":"https:\/\/www.visionweb.com.ar\/index.php?rest_route=%2Fwp%2Fv2%2Fcategories&post=19820"},{"taxonomy":"post_tag","embeddable":true,"href":"https:\/\/www.visionweb.com.ar\/index.php?rest_route=%2Fwp%2Fv2%2Ftags&post=19820"}],"curies":[{"name":"wp","href":"https:\/\/api.w.org\/{rel}","templated":true}]}}