{"id":19818,"date":"2025-12-12T12:52:38","date_gmt":"2025-12-12T15:52:38","guid":{"rendered":"https:\/\/www.visionweb.com.ar\/?p=19818"},"modified":"2025-12-12T12:52:38","modified_gmt":"2025-12-12T15:52:38","slug":"las-dos-cta-en-estado-de-alerta-y-movilizacion-por-la-reforma-laboral","status":"publish","type":"post","link":"https:\/\/www.visionweb.com.ar\/?p=19818","title":{"rendered":"Las dos CTA en estado de alerta y movilizaci\u00f3n por la reforma laboral"},"content":{"rendered":"<p><em><strong>Las dos CTA se declararon en \u00abestado de movilizaci\u00f3n permanente\u00bb por la reforma laboral y convocan una mega movilizaci\u00f3n para el jueves 18 de diciembre en Plaza de Mayo. Mientras, el oficialismo presiona para iniciar el mi\u00e9rcoles 17 el debate en el Senado, con el objetivo de\u00a0sancionar el proyecto\u00a0antes de que culmine el periodo de\u00a0sesiones extraordinarias, que finalizar\u00e1 el\u00a031 de diciembre.<\/strong><\/em><!--more--><\/p>\n<p><strong><img loading=\"lazy\" decoding=\"async\" class=\"size-medium wp-image-13075 alignright\" src=\"https:\/\/www.visionweb.com.ar\/wp-content\/uploads\/2023\/12\/CTA-Autonoma-300x168.png\" alt=\"\" width=\"300\" height=\"168\" srcset=\"https:\/\/www.visionweb.com.ar\/wp-content\/uploads\/2023\/12\/CTA-Autonoma-300x168.png 300w, https:\/\/www.visionweb.com.ar\/wp-content\/uploads\/2023\/12\/CTA-Autonoma.png 494w\" sizes=\"auto, (max-width: 300px) 100vw, 300px\" \/>\u00a0\u00a0\u00a0 L<\/strong>a\u00a0<strong>CTA de los Trabajadores\u00a0<\/strong>y la<a href=\"https:\/\/ctaa.org.ar\/\"><strong>\u00a0Aut\u00f3noma<\/strong>\u00a0<\/a>se declararon este viernes en\u00a0<strong>estado de movilizaci\u00f3n permanente\u00a0<\/strong>ante el env\u00edo al\u00a0<strong>Senado\u00a0<\/strong>del proyecto de\u00a0<strong>Reforma Laboral<\/strong> impulsado por el gobierno de\u00a0<strong>Javier Milei<\/strong>, y denunciaron que la iniciativa \u201cno moderniza el mercado de trabajo, sino que busca precarizar el empleo\u201d.<\/p>\n<p>El comunicado conjunto, que lleva la firma de los secretarios generales\u00a0<strong>Hugo Yasky\u00a0<\/strong>(<strong>CTA de los Trabajadores<\/strong>) y\u00a0<strong>Hugo Godoy<\/strong>\u00a0(<strong>CTA Aut\u00f3noma<\/strong>), advierte que la iniciativa oficial del Gobierno nacional fue elaborada \u201cen los estudios jur\u00eddicos de los grandes grupos empresarios\u201d. Las Centrales justificaron que utiliza a las\u00a0<strong>PyMEs\u00a0<\/strong>como argumento para avanzar en un reordenamiento laboral que facilitar\u00eda el fraude, debilitar\u00eda la presunci\u00f3n de relaci\u00f3n de dependencia y promover\u00eda nuevas formas de tercerizaci\u00f3n consideradas riesgosas para la estabilidad ocupacional.<\/p>\n<p>En ese sentido, las <strong>dos\u00a0CTA\u00a0<\/strong>remarcaron que <strong>el proyecto no constituye una modernizaci\u00f3n laboral que beneficie a los trabajadores<\/strong>, sino una flexibilizaci\u00f3n extrema que introduce mecanismos salariales din\u00e1micos que, a su entender, van a <strong>destruir la estabilidad y abaratar los despidos para los empleadores <\/strong>al trasladar sus costos al\u00a0<strong>Estado<\/strong>.<\/p>\n<p>De acuerdo con lo expuesto por las centrales sindicales, la\u00a0<strong>reforma laboral\u00a0<\/strong><strong>vulnera garant\u00edas constitucionales b\u00e1sicas<\/strong>, entre ellas las vacaciones y la jornada laboral, al tiempo que busca desarticular la acci\u00f3n sindical colectiva. Para ambas organizaciones, el paquete legislativo no solo agrava la informalidad, sino que adem\u00e1s reduce el poder adquisitivo de los trabajadores y profundiza la crisis econ\u00f3mica en l\u00ednea con un modelo que privilegia intereses del gran capital en detrimento de un proyecto de pa\u00eds productivo e integrado, inform\u00f3 Diputados Bonaerenses.<\/p>\n<p>Es preciso mencionar que, en la antesala del tratamiento legislativo de la\u00a0<strong>reforma laboral<\/strong>, las dos\u00a0<strong>CTA\u00a0<\/strong>mantuvieron reuniones con el interbloque de\u00a0<strong>Uni\u00f3n por la Patria\u00a0<\/strong>en el\u00a0<strong>Senado<\/strong>, encabezado por\u00a0<strong>Jos\u00e9 Mayans\u00a0<\/strong>y\u00a0<strong>Juliana Di Tullio<\/strong>, con la presencia de todos los senadores de ese espacio, para acordar una estrategia parlamentaria en rechazo al proyecto. Seg\u00fan informaron, tambi\u00e9n hubo encuentros previos con diputados del peronismo para articular una postura com\u00fan frente al paquete de leyes que el\u00a0gobierno busca aprobar en extraordinarias.<\/p>\n<p>En tanto, las organizaciones sindicales convocaron a una movilizaci\u00f3n nacional el\u00a0<strong>18 de diciembre<\/strong>, junto a la\u00a0<strong>Confederaci\u00f3n General del Trabajo\u00a0<\/strong>(<strong>CGT<\/strong>), en\u00a0<strong>Plaza de Mayo\u00a0<\/strong>y en todas las plazas del pa\u00eds, con el fin de exigir que el\u00a0<strong>Congreso\u00a0<\/strong>rechace la\u00a0<strong>reforma laboral<\/strong>. Es que,\u00a0<strong>Yasky\u00a0<\/strong>y\u00a0<strong>Godoy\u00a0<\/strong>destacaron que la defensa de los derechos laborales y del trabajo digno es \u201cun pilar imprescindible para la construcci\u00f3n de una Naci\u00f3n soberana, justa e inclusiva\u201d.<\/p>\n<p>En su pronunciamiento, las dos centrales obreras remarcaron que el proyecto oficial pretende transferir al\u00a0<strong>Estado\u00a0<\/strong>los costos de despido, desfinanciar el sistema previsional y permitir un \u201cmanejo m\u00e1s flexible\u201d de las relaciones laborales por parte de los empleadores, lo que, en su an\u00e1lisis, constituye un retroceso de d\u00e9cadas en materia de protecciones laborales. Adem\u00e1s, los l\u00edderes de las\u00a0<strong>CTA\u00a0<\/strong>alertaron sobre el impacto en trabajadores y trabajadoras informales y en j\u00f3venes que reci\u00e9n se incorporan al mercado laboral.<\/p>\n<p>El mensaje concluye con un llamado a sostener unidad sindical y a defender los derechos colectivos ante lo que consideran una avanzada del\u00a0<strong>Gobierno\u00a0<\/strong>sobre el marco hist\u00f3rico de regulaciones laborales que garantizan estabilidad, negociaci\u00f3n colectiva y protecci\u00f3n frente a abusos empresariales. En ese sentido, las\u00a0<strong>CTA\u00a0<\/strong>plantearon que el rechazo no se limitar\u00e1 al plano institucional, sino que incluir\u00e1 acciones en la calle y presencia activa en el debate parlamentario.<\/p>\n<p><strong>Las CTA comunicaron su plan de acci\u00f3n ampliado contra la reforma laboral<\/strong><\/p>\n<p>Es preciso mencionar que, las dos\u00a0<strong>CTA\u00a0<\/strong>y la\u00a0<strong>CGT\u00a0<\/strong>acordaron profundizar la estrategia contra la\u00a0<strong>reforma laboral\u00a0<\/strong>mediante una serie de medidas p\u00fablicas y pol\u00edticas que se desarrollar\u00e1n en las pr\u00f3ximas semanas. La acci\u00f3n m\u00e1s visible ser\u00e1 la\u00a0<strong>marcha convocada para el jueves de la pr\u00f3xima semana en Plaza de Mayo<\/strong>, a la que <strong>se sumar\u00e1n organizaciones sociales y de izquierda<\/strong>, y que podr\u00eda reunir a m\u00e1s de 200 mil personas seg\u00fan estimaciones gremiales.<\/p>\n<p>Sin embargo, la movilizaci\u00f3n ser\u00e1 solo un componente de un plan m\u00e1s amplio. Es que, las\u00a0<strong>CTA\u00a0<\/strong>y la\u00a0<strong>CGT\u00a0<\/strong>desplegar\u00e1n tambi\u00e9n un fuerte lobby sobre diputados y senadores de distintos espacios, en especial del peronismo, el radicalismo y bloques provinciales, con el objetivo de evitar que la iniciativa avance en el\u00a0<strong>Congreso<\/strong>. La presi\u00f3n tambi\u00e9n alcanzar\u00e1 a gobernadores, quienes juegan un rol clave en la coordinaci\u00f3n de votos legislativos; de hecho, l\u00edderes gremiales ya mantuvieron reuniones con mandatarios como\u00a0<strong>Maximiliano Pullaro\u00a0<\/strong>e\u00a0<strong>Ignacio Torres<\/strong>.<\/p>\n<p>En paralelo, las centrales obreras acordaron impulsar una campa\u00f1a masiva de comunicaci\u00f3n para difundir los alcances y presuntos perjuicios del proyecto de\u00a0<strong>reforma laboral<\/strong>. Voceros designados recorrer\u00e1n medios de comunicaci\u00f3n para desmontar lo que consideran \u201cprejuicios contra el sindicalismo\u201d y explicar punto por punto sus objeciones, mientras que los legisladores de\u00a0<strong>Uni\u00f3n por la Patria\u00a0<\/strong>trabajan en un \u201ccontraproyecto\u201d que funcione como alternativa al paquete propuesto por el Ejecutivo. <strong>(VW)<\/strong><\/p>\n<p>&nbsp;<\/p>\n","protected":false},"excerpt":{"rendered":"<p>Las dos CTA se declararon en \u00abestado de movilizaci\u00f3n permanente\u00bb por la reforma laboral y convocan una mega movilizaci\u00f3n para el jueves 18 de diciembre en Plaza de Mayo. Mientras, el oficialismo presiona para&#46;&#46;&#46;<\/p>\n","protected":false},"author":4,"featured_media":13075,"comment_status":"closed","ping_status":"closed","sticky":false,"template":"","format":"standard","meta":{"_monsterinsights_skip_tracking":false,"_monsterinsights_sitenote_active":false,"_monsterinsights_sitenote_note":"","_monsterinsights_sitenote_category":0,"footnotes":""},"categories":[4,5],"tags":[8518,8401,4738,8519,8520],"class_list":["post-19818","post","type-post","status-publish","format-standard","has-post-thumbnail","hentry","category-politica","category-sociedad","tag-autonoma-y-de-los-trabajadores","tag-contra-reforma-laboral","tag-cta","tag-declararon-estado-de-alerta-permanente","tag-movilizacion-18-de-diciembre"],"_links":{"self":[{"href":"https:\/\/www.visionweb.com.ar\/index.php?rest_route=\/wp\/v2\/posts\/19818","targetHints":{"allow":["GET"]}}],"collection":[{"href":"https:\/\/www.visionweb.com.ar\/index.php?rest_route=\/wp\/v2\/posts"}],"about":[{"href":"https:\/\/www.visionweb.com.ar\/index.php?rest_route=\/wp\/v2\/types\/post"}],"author":[{"embeddable":true,"href":"https:\/\/www.visionweb.com.ar\/index.php?rest_route=\/wp\/v2\/users\/4"}],"replies":[{"embeddable":true,"href":"https:\/\/www.visionweb.com.ar\/index.php?rest_route=%2Fwp%2Fv2%2Fcomments&post=19818"}],"version-history":[{"count":1,"href":"https:\/\/www.visionweb.com.ar\/index.php?rest_route=\/wp\/v2\/posts\/19818\/revisions"}],"predecessor-version":[{"id":19819,"href":"https:\/\/www.visionweb.com.ar\/index.php?rest_route=\/wp\/v2\/posts\/19818\/revisions\/19819"}],"wp:featuredmedia":[{"embeddable":true,"href":"https:\/\/www.visionweb.com.ar\/index.php?rest_route=\/wp\/v2\/media\/13075"}],"wp:attachment":[{"href":"https:\/\/www.visionweb.com.ar\/index.php?rest_route=%2Fwp%2Fv2%2Fmedia&parent=19818"}],"wp:term":[{"taxonomy":"category","embeddable":true,"href":"https:\/\/www.visionweb.com.ar\/index.php?rest_route=%2Fwp%2Fv2%2Fcategories&post=19818"},{"taxonomy":"post_tag","embeddable":true,"href":"https:\/\/www.visionweb.com.ar\/index.php?rest_route=%2Fwp%2Fv2%2Ftags&post=19818"}],"curies":[{"name":"wp","href":"https:\/\/api.w.org\/{rel}","templated":true}]}}