{"id":19811,"date":"2025-12-12T11:21:53","date_gmt":"2025-12-12T14:21:53","guid":{"rendered":"https:\/\/www.visionweb.com.ar\/?p=19811"},"modified":"2025-12-12T11:21:53","modified_gmt":"2025-12-12T14:21:53","slug":"la-provincia-financiara-investigaciones-cientificas-y-tecnologicas","status":"publish","type":"post","link":"https:\/\/www.visionweb.com.ar\/?p=19811","title":{"rendered":"La Provincia financiar\u00e1 investigaciones cient\u00edficas y tecnol\u00f3gicas"},"content":{"rendered":"<p><em><strong>La intenci\u00f3n es invertir $3.000 millones para financiar proyectos, en el marwco de la 4\u00aa Convocatoria del Fondo de Innovaci\u00f3n Tecnol\u00f3gica de Innovaci\u00f3n de Buenos Aires.\u00a0 \u00a0<\/strong><\/em><!--more--><\/p>\n<p><img loading=\"lazy\" decoding=\"async\" class=\"size-medium wp-image-19812 alignleft\" src=\"https:\/\/www.visionweb.com.ar\/wp-content\/uploads\/2025\/12\/FITBA-300x200.png\" alt=\"\" width=\"300\" height=\"200\" srcset=\"https:\/\/www.visionweb.com.ar\/wp-content\/uploads\/2025\/12\/FITBA-300x200.png 300w, https:\/\/www.visionweb.com.ar\/wp-content\/uploads\/2025\/12\/FITBA.png 640w\" sizes=\"auto, (max-width: 300px) 100vw, 300px\" \/>El gobernador\u00a0<strong>Axel Kicillof anunci\u00f3 junto al ministro de Producci\u00f3n, Ciencia e Innovaci\u00f3n Tecnol\u00f3gica, Augusto Costa, una inversi\u00f3n de $3.000 millones para impulsar proyectos de investigaci\u00f3n cient\u00edfica\u00a0<\/strong>que tendr\u00e1n impacto <strong>en pymes y cooperativas bonaerenses.<\/strong><\/p>\n<p>Fue en el marco de la 4\u00b0 convocatoria del\u00a0<strong>Fondo de Innovaci\u00f3n Tecnol\u00f3gica de Buenos Aires<\/strong>\u00a0(FITBA), junto a los subsecretarios de Energ\u00eda, Gast\u00f3n Ghioni; de Ciencia, Tecnolog\u00eda e Innovaci\u00f3n, Federico Ag\u00fcero; y el presidente de la Comisi\u00f3n de Investigaciones Cient\u00edficas (CIC), Roberto Salvarezza.<\/p>\n<p>Durante el encuentro, desarrollado en el Sal\u00f3n Dorado de la Casa de Gobierno, Kicillof afirm\u00f3: \u201c<strong>Mientras a nivel nacional asistimos a un proceso de destrucci\u00f3n sistem\u00e1tico de nuestro sistema universitario, cient\u00edfico y tecnol\u00f3gico, en la provincia de Buenos Aires estamos convencidos de que hay que redoblar los esfuerzos<\/strong>: invertimos porque sabemos que sin investigaci\u00f3n no hay posibilidades de desarrollo\u201d.<\/p>\n<p>\u201cEn los pa\u00edses como el nuestro, en v\u00edas de desarrollo, la inversi\u00f3n en ciencia y tecnolog\u00eda siempre es impulsada por el Estado: fue as\u00ed como la Argentina lleg\u00f3 a construir un sistema reconocido a escala internacional\u201d, explic\u00f3 el Gobernador.<\/p>\n<p>Y a\u00f1adi\u00f3: \u201cHoy la situaci\u00f3n es muy distinta y\u00a0<strong>el sector est\u00e1 en emergencia como consecuencia de dos a\u00f1os de ajuste de los presupuestos y vaciamiento de las principales instituciones cient\u00edficas<\/strong>: con los laboratorios que cierran y los proyectos que se interrumpen,\u00a0<strong>se pierden a\u00f1os de avance y se condena a nuestra sociedad a la dependencia tecnol\u00f3gica y econ\u00f3mica<\/strong>\u201d.<\/p>\n<p>En esta edici\u00f3n se financiar\u00e1n -a trav\u00e9s del Consejo Federal de Inversiones (CFI)- 98 proyectos de instituciones de ciencia y tecnolog\u00eda de la provincia que impactar\u00e1n en pymes, cooperativas industriales y municipios, e involucrar\u00e1n a m\u00e1s de 900 investigadores.<\/p>\n<p>Desde 2024, la convocatoria de FITBA se transform\u00f3 en la principal pol\u00edtica p\u00fablica de financiamiento de proyectos cient\u00edficos del pa\u00eds.<\/p>\n<p>Adem\u00e1s, la Comisi\u00f3n de Investigaciones Cient\u00edficas (CIC) y el Programa Provincial de Incentivos a la Generaci\u00f3n de Energ\u00eda Distribuida (PROINGED) presentaron los nueve trabajos seleccionados en la convocatoria \u201cProyectos de Desarrollo e Innovaci\u00f3n Tecnol\u00f3gica: 2025 Ciencia y Tecnolog\u00eda en Energ\u00edas Bonaerenses\u201d.<strong>(VW)<\/strong><\/p>\n<p><strong>.<\/strong><\/p>\n<p>&nbsp;<\/p>\n","protected":false},"excerpt":{"rendered":"<p>La intenci\u00f3n es invertir $3.000 millones para financiar proyectos, en el marwco de la 4\u00aa Convocatoria del Fondo de Innovaci\u00f3n Tecnol\u00f3gica de Innovaci\u00f3n de Buenos Aires.\u00a0 \u00a0<\/p>\n","protected":false},"author":3,"featured_media":19812,"comment_status":"closed","ping_status":"closed","sticky":false,"template":"","format":"standard","meta":{"_monsterinsights_skip_tracking":false,"_monsterinsights_sitenote_active":false,"_monsterinsights_sitenote_note":"","_monsterinsights_sitenote_category":0,"footnotes":""},"categories":[7],"tags":[],"class_list":["post-19811","post","type-post","status-publish","format-standard","has-post-thumbnail","hentry","category-educacion-y-cultura"],"_links":{"self":[{"href":"https:\/\/www.visionweb.com.ar\/index.php?rest_route=\/wp\/v2\/posts\/19811","targetHints":{"allow":["GET"]}}],"collection":[{"href":"https:\/\/www.visionweb.com.ar\/index.php?rest_route=\/wp\/v2\/posts"}],"about":[{"href":"https:\/\/www.visionweb.com.ar\/index.php?rest_route=\/wp\/v2\/types\/post"}],"author":[{"embeddable":true,"href":"https:\/\/www.visionweb.com.ar\/index.php?rest_route=\/wp\/v2\/users\/3"}],"replies":[{"embeddable":true,"href":"https:\/\/www.visionweb.com.ar\/index.php?rest_route=%2Fwp%2Fv2%2Fcomments&post=19811"}],"version-history":[{"count":1,"href":"https:\/\/www.visionweb.com.ar\/index.php?rest_route=\/wp\/v2\/posts\/19811\/revisions"}],"predecessor-version":[{"id":19813,"href":"https:\/\/www.visionweb.com.ar\/index.php?rest_route=\/wp\/v2\/posts\/19811\/revisions\/19813"}],"wp:featuredmedia":[{"embeddable":true,"href":"https:\/\/www.visionweb.com.ar\/index.php?rest_route=\/wp\/v2\/media\/19812"}],"wp:attachment":[{"href":"https:\/\/www.visionweb.com.ar\/index.php?rest_route=%2Fwp%2Fv2%2Fmedia&parent=19811"}],"wp:term":[{"taxonomy":"category","embeddable":true,"href":"https:\/\/www.visionweb.com.ar\/index.php?rest_route=%2Fwp%2Fv2%2Fcategories&post=19811"},{"taxonomy":"post_tag","embeddable":true,"href":"https:\/\/www.visionweb.com.ar\/index.php?rest_route=%2Fwp%2Fv2%2Ftags&post=19811"}],"curies":[{"name":"wp","href":"https:\/\/api.w.org\/{rel}","templated":true}]}}