{"id":19808,"date":"2025-12-12T10:34:55","date_gmt":"2025-12-12T13:34:55","guid":{"rendered":"https:\/\/www.visionweb.com.ar\/?p=19808"},"modified":"2025-12-12T10:47:30","modified_gmt":"2025-12-12T13:47:30","slug":"indec-la-inflacion-sigue-a-la-suba-fue-del-25","status":"publish","type":"post","link":"https:\/\/www.visionweb.com.ar\/?p=19808","title":{"rendered":"INDEC: La inflaci\u00f3n sigue a la suba, toc\u00f3  el 2,5%"},"content":{"rendered":"<p><em><strong>El mes anterior hab\u00eda sido de 2,3%. El acumulado del a\u00f1o da 27,9%. Los rubros que m\u00e1s subieron son \u00abVivienda, agua, gas y electricidad\u00bb, \u00abTransporte\u00bb y \u00abAlimentos\u00bb<\/strong><\/em><!--more--><\/p>\n<div id=\"attachment_5853\" style=\"width: 310px\" class=\"wp-caption alignleft\"><img loading=\"lazy\" decoding=\"async\" aria-describedby=\"caption-attachment-5853\" class=\"size-medium wp-image-5853\" src=\"https:\/\/www.visionweb.com.ar\/wp-content\/uploads\/2022\/05\/tarifas-gas-300x225.jpg\" alt=\"\" width=\"300\" height=\"225\" srcset=\"https:\/\/www.visionweb.com.ar\/wp-content\/uploads\/2022\/05\/tarifas-gas-300x225.jpg 300w, https:\/\/www.visionweb.com.ar\/wp-content\/uploads\/2022\/05\/tarifas-gas-768x576.jpg 768w, https:\/\/www.visionweb.com.ar\/wp-content\/uploads\/2022\/05\/tarifas-gas-320x240.jpg 320w, https:\/\/www.visionweb.com.ar\/wp-content\/uploads\/2022\/05\/tarifas-gas.jpg 1024w\" sizes=\"auto, (max-width: 300px) 100vw, 300px\" \/><p id=\"caption-attachment-5853\" class=\"wp-caption-text\">OLYMPUS DIGITAL CAMERA<\/p><\/div>\n<p>La inflaci\u00f3n de noviembre fue del 2,5% a nivel nacional, seg\u00fan inform\u00f3 este jueves el Instituto Nacional de Estad\u00edstica y Censos (Indec). As\u00ed, el \u00cdndice de Precios al Consumidor acumulado en los primeros once meses del a\u00f1o alcanz\u00f3 el 27,9%, mientras que la variaci\u00f3n interanual se ubic\u00f3 en 31,4%.<\/p>\n<p>Este 2,5% es la mayor suba desde abril de este a\u00f1o, cuando el \u00edndice alcanz\u00f3 los 2,8%, despu\u00e9s del pico de 3,7% de marzo. Desde entonces, el n\u00famero m\u00e1s bajo fue el 1,5% mayo y de all\u00ed para arriba: 1,6% en junio; 1,9% en julio y agosto; 2,1% en septiembre; 2,3% en octubre.<\/p>\n<p>La divisi\u00f3n con mayor aumento en el mes fue \u201cVivienda, agua, electricidad, gas y otros combustibles\u201d, que avanz\u00f3 3,4%. Le sigui\u00f3 \u201cTransporte\u201d, con un incremento de 3%, impulsado por subas en combustibles, funcionamiento de veh\u00edculos y, en algunas regiones, en el transporte p\u00fablico. En contraste, las menores variaciones correspondieron a \u201cEquipamiento y mantenimiento del hogar\u201d, 1,1%, y \u201cPrendas de vestir y calzado\u201d, 0,5%.<\/p>\n<p>La divisi\u00f3n \u201cAlimentos y bebidas no alcoh\u00f3licas\u201d, la de mayor incidencia en todas las regiones, marc\u00f3 una suba del 2,8% a nivel nacional. Dentro de este grupo, se destacaron los aumentos en carnes y derivados, con variaciones superiores al 6% en la mayor\u00eda de las regiones, y en frutas, que registraron incrementos de entre 7% y 13%, seg\u00fan el \u00e1rea geogr\u00e1fica. En cambio, el rubro verduras, tub\u00e9rculos y legumbres mostr\u00f3 ca\u00eddas en varias zonas del pa\u00eds.<\/p>\n<p>Al analizar el comportamiento por categor\u00edas, los precios regulados encabezaron las subas del mes con una variaci\u00f3n de 2,9%, impulsados principalmente por ajustes en servicios p\u00fablicos y educaci\u00f3n formal. El IPC N\u00facleo avanz\u00f3 2,6%, mientras que los estacionales registraron un aumento m\u00e1s moderado, del 0,4%.<\/p>\n<p>Con estos resultados, la trayectoria inflacionaria de 2025 contin\u00faa mostrando incrementos acotados respecto del a\u00f1o anterior, aunque con diferencias marcadas entre bienes y servicios: mientras los bienes aumentaron 2,3% en noviembre, los servicios lo hicieron 2,9%, consolidando una brecha persistente en la din\u00e1mica de precios.<strong>(VW)<\/strong><\/p>\n<p>&nbsp;<\/p>\n<p>&nbsp;<\/p>\n","protected":false},"excerpt":{"rendered":"<p>El mes anterior hab\u00eda sido de 2,3%. El acumulado del a\u00f1o da 27,9%. Los rubros que m\u00e1s subieron son \u00abVivienda, agua, gas y electricidad\u00bb, \u00abTransporte\u00bb y \u00abAlimentos\u00bb<\/p>\n","protected":false},"author":3,"featured_media":5853,"comment_status":"closed","ping_status":"closed","sticky":false,"template":"","format":"standard","meta":{"_monsterinsights_skip_tracking":false,"_monsterinsights_sitenote_active":false,"_monsterinsights_sitenote_note":"","_monsterinsights_sitenote_category":0,"footnotes":""},"categories":[6],"tags":[2859,111,141,1703],"class_list":["post-19808","post","type-post","status-publish","format-standard","has-post-thumbnail","hentry","category-economia","tag-agua","tag-alimentos","tag-aumentos","tag-vivienda"],"_links":{"self":[{"href":"https:\/\/www.visionweb.com.ar\/index.php?rest_route=\/wp\/v2\/posts\/19808","targetHints":{"allow":["GET"]}}],"collection":[{"href":"https:\/\/www.visionweb.com.ar\/index.php?rest_route=\/wp\/v2\/posts"}],"about":[{"href":"https:\/\/www.visionweb.com.ar\/index.php?rest_route=\/wp\/v2\/types\/post"}],"author":[{"embeddable":true,"href":"https:\/\/www.visionweb.com.ar\/index.php?rest_route=\/wp\/v2\/users\/3"}],"replies":[{"embeddable":true,"href":"https:\/\/www.visionweb.com.ar\/index.php?rest_route=%2Fwp%2Fv2%2Fcomments&post=19808"}],"version-history":[{"count":2,"href":"https:\/\/www.visionweb.com.ar\/index.php?rest_route=\/wp\/v2\/posts\/19808\/revisions"}],"predecessor-version":[{"id":19810,"href":"https:\/\/www.visionweb.com.ar\/index.php?rest_route=\/wp\/v2\/posts\/19808\/revisions\/19810"}],"wp:featuredmedia":[{"embeddable":true,"href":"https:\/\/www.visionweb.com.ar\/index.php?rest_route=\/wp\/v2\/media\/5853"}],"wp:attachment":[{"href":"https:\/\/www.visionweb.com.ar\/index.php?rest_route=%2Fwp%2Fv2%2Fmedia&parent=19808"}],"wp:term":[{"taxonomy":"category","embeddable":true,"href":"https:\/\/www.visionweb.com.ar\/index.php?rest_route=%2Fwp%2Fv2%2Fcategories&post=19808"},{"taxonomy":"post_tag","embeddable":true,"href":"https:\/\/www.visionweb.com.ar\/index.php?rest_route=%2Fwp%2Fv2%2Ftags&post=19808"}],"curies":[{"name":"wp","href":"https:\/\/api.w.org\/{rel}","templated":true}]}}