{"id":19804,"date":"2025-12-11T14:59:30","date_gmt":"2025-12-11T17:59:30","guid":{"rendered":"https:\/\/www.visionweb.com.ar\/?p=19804"},"modified":"2025-12-11T14:59:54","modified_gmt":"2025-12-11T17:59:54","slug":"un-grupo-de-vecinos-del-conurbano-se-prepara-para-revivir-el-legado-de-san-martin","status":"publish","type":"post","link":"https:\/\/www.visionweb.com.ar\/?p=19804","title":{"rendered":"Un grupo de vecinos del conurbano se prepara para revivir el legado de San Mart\u00edn"},"content":{"rendered":"<p><em><strong>Un grupo de entusiastas del legado del Padre de la Patria se prepara para revivir la campa\u00f1a militar m\u00e1s trascendental de la historia argentina.<\/strong><\/em><!--more--><\/p>\n<p><img loading=\"lazy\" decoding=\"async\" class=\"size-medium wp-image-19805 alignright\" src=\"https:\/\/www.visionweb.com.ar\/wp-content\/uploads\/2025\/12\/CRUCE-DE-LOS-ANTES-300x155.png\" alt=\"\" width=\"300\" height=\"155\" srcset=\"https:\/\/www.visionweb.com.ar\/wp-content\/uploads\/2025\/12\/CRUCE-DE-LOS-ANTES-300x155.png 300w, https:\/\/www.visionweb.com.ar\/wp-content\/uploads\/2025\/12\/CRUCE-DE-LOS-ANTES.png 640w\" sizes=\"auto, (max-width: 300px) 100vw, 300px\" \/>Con cabalgatas, caminatas y encuentros con historiadores, un grupo de vecinos se prepara para <strong>revivir la gesta que el general Jos\u00e9 de San Mart\u00edn lider\u00f3 junto al Ej\u00e9rcito de los Andes<\/strong>\u00a0al cruzar la Cordillera\u00a0<strong>hace 208 a\u00f1os<\/strong>.<\/p>\n<p>\u00abVamos a seguir trabajando en el conurbano para difundir los valores sanmartinianos\u00bb, explic\u00f3 el vicepresidente de la Asociaci\u00f3n Cultural General \u00c1ngel Pacheco,\u00a0<strong>Ra\u00fal Pizarro<\/strong>, que organiza las traves\u00edas.<\/p>\n<p>La salida est\u00e1 prevista para enero del a\u00f1o pr\u00f3ximo, desde el Manzano Hist\u00f3rico, en la ciudad de Mendoza, al pie de la Cordillera de los Andes, y terminar\u00e1 en el Monumento a la Victoria de Chacabuco en Chile.<\/p>\n<p>\u00abEntre enero y febrero es la \u00e9poca con menos inconvenientes clim\u00e1ticos para personas que no tienen tanta experiencia en este tipo de viajes. Adem\u00e1s, esos son los meses que sugiri\u00f3 San Mart\u00edn\u00bb, detall\u00f3 Pizarro, de 61 a\u00f1os y vecino de Florencio Varela.<\/p>\n<p>Quien\u00a0 tambi\u00e9n es el gu\u00eda de estas expediciones que recorren parte del camino que hicieron los 5 mil soldados del Ej\u00e9rcito de los Andes en 1817, <strong>una de las campa\u00f1as militares m\u00e1s exitosas de la historia argentina.<\/strong><\/p>\n<p>M\u00e1s all\u00e1 de los imponentes paisajes, el viaje busca ser lo m\u00e1s parecido posible al que hizo el Padre de la Patria:\u00a0<strong>recorren el camino con burros, conversan sobre las batallas y desaf\u00edos m\u00e1s relevantes en el lugar donde ocurrieron y se alimentan con comidas calientes de esa \u00e9poca<\/strong>.<\/p>\n<p>La traves\u00eda tiene una duraci\u00f3n de entre cinco a seis d\u00edas, aunque todo puede variar por las condiciones clim\u00e1ticas y las recomendaciones de los baquianos. A lo largo de los a\u00f1os, este viaje convoc\u00f3 a decenas de argentinos, pero tambi\u00e9n a ciudadanos de Uruguay, Colombia y Alemania.<\/p>\n<p>\u00abEl final del viaje es muy emotivo, muchos terminan llorando. Adem\u00e1s, es el \u00faltimo viaje de muchos. Esa emoci\u00f3n es mi impulso para seguir llevando gente; continuar con la Asociaci\u00f3n; ir a los colegios, a los clubes y a donde tengamos un lugarcito para charlar sobre los valores de San Mart\u00edn\u00bb, asegur\u00f3 en di\u00e1logo con\u00a0<strong>AUNO.<\/strong><\/p>\n<p>Si bien el Cruce de los Andes puede ser realizado por cualquier persona, desde la Asociaci\u00f3n recomiendan\u00a0<strong>una preparaci\u00f3n consciente y exigente<\/strong>: es necesario practicar el montado, ensillado y la cabalgata en el r\u00edo; caminar a diario, siempre aumentando la distancia; y hacerse todos los chequeos m\u00e9dicos necesarios.<\/p>\n<p>La Asociaci\u00f3n difunde sus actividades a trav\u00e9s de sus cuentas de Instagram y Facebook (<em>@lapachecosanmartiniana<\/em>) o a trav\u00e9s de su correo electr\u00f3nico\u00a0<em>asociacion.la.pacheco@gmail.com<\/em>.<\/p>\n<p>\u201cNosotros abaratamos los costos porque algunos los dividimos entre todos. Creemos que lo m\u00e1s importante es el viaje y su importancia hist\u00f3rica, por eso no buscamos lucrar con esto\u00bb, indic\u00f3 Pizarro. \u00abEste a\u00f1o vamos a llevar a un chico de 14 a\u00f1os. Nos pone muy contentos, porque a esa edad est\u00e1n en otro mundo muchas veces\u00bb, destac\u00f3.<\/p>\n<h4 class=\"wp-block-heading\">Sobre la Asociaci\u00f3n<\/h4>\n<p>La General \u00c1ngel Pacheco, que surgi\u00f3 en 2021 y tiene integrantes en todo el pa\u00eds, busca mantener vivo el legado de San Mart\u00edn a trav\u00e9s de visitas guiadas por la Cordillera de los Andes, pero tambi\u00e9n a trav\u00e9s de charlas en escuelas y clubes de barrio durante el resto del a\u00f1o.<\/p>\n<p>\u00abLa gente solo conoce el lado de San Mart\u00edn con uniforme, pero\u00a0<strong>no como padre, militar o pol\u00edtico<\/strong>. Desde cualquier punto de vista\u00a0<strong>es un ejemplo<\/strong>; s\u00f3lo hay que indagar. Su legado no tiene precedentes en todo el mundo\u00bb, asegur\u00f3 Pizarro.<strong>(vw\/Agencia Auno)<\/strong><\/p>\n<p>&nbsp;<\/p>\n<p>&nbsp;<\/p>\n","protected":false},"excerpt":{"rendered":"<p>Un grupo de entusiastas del legado del Padre de la Patria se prepara para revivir la campa\u00f1a militar m\u00e1s trascendental de la historia argentina.<\/p>\n","protected":false},"author":3,"featured_media":19805,"comment_status":"closed","ping_status":"closed","sticky":false,"template":"","format":"standard","meta":{"_monsterinsights_skip_tracking":false,"_monsterinsights_sitenote_active":false,"_monsterinsights_sitenote_note":"","_monsterinsights_sitenote_category":0,"footnotes":""},"categories":[7,8],"tags":[],"class_list":["post-19804","post","type-post","status-publish","format-standard","has-post-thumbnail","hentry","category-educacion-y-cultura","category-interes-general"],"_links":{"self":[{"href":"https:\/\/www.visionweb.com.ar\/index.php?rest_route=\/wp\/v2\/posts\/19804","targetHints":{"allow":["GET"]}}],"collection":[{"href":"https:\/\/www.visionweb.com.ar\/index.php?rest_route=\/wp\/v2\/posts"}],"about":[{"href":"https:\/\/www.visionweb.com.ar\/index.php?rest_route=\/wp\/v2\/types\/post"}],"author":[{"embeddable":true,"href":"https:\/\/www.visionweb.com.ar\/index.php?rest_route=\/wp\/v2\/users\/3"}],"replies":[{"embeddable":true,"href":"https:\/\/www.visionweb.com.ar\/index.php?rest_route=%2Fwp%2Fv2%2Fcomments&post=19804"}],"version-history":[{"count":1,"href":"https:\/\/www.visionweb.com.ar\/index.php?rest_route=\/wp\/v2\/posts\/19804\/revisions"}],"predecessor-version":[{"id":19806,"href":"https:\/\/www.visionweb.com.ar\/index.php?rest_route=\/wp\/v2\/posts\/19804\/revisions\/19806"}],"wp:featuredmedia":[{"embeddable":true,"href":"https:\/\/www.visionweb.com.ar\/index.php?rest_route=\/wp\/v2\/media\/19805"}],"wp:attachment":[{"href":"https:\/\/www.visionweb.com.ar\/index.php?rest_route=%2Fwp%2Fv2%2Fmedia&parent=19804"}],"wp:term":[{"taxonomy":"category","embeddable":true,"href":"https:\/\/www.visionweb.com.ar\/index.php?rest_route=%2Fwp%2Fv2%2Fcategories&post=19804"},{"taxonomy":"post_tag","embeddable":true,"href":"https:\/\/www.visionweb.com.ar\/index.php?rest_route=%2Fwp%2Fv2%2Ftags&post=19804"}],"curies":[{"name":"wp","href":"https:\/\/api.w.org\/{rel}","templated":true}]}}