{"id":19795,"date":"2025-12-11T13:48:44","date_gmt":"2025-12-11T16:48:44","guid":{"rendered":"https:\/\/www.visionweb.com.ar\/?p=19795"},"modified":"2025-12-12T10:26:06","modified_gmt":"2025-12-12T13:26:06","slug":"blladares-recibio-a-la-legisladora-portena-victtoria-montenegro","status":"publish","type":"post","link":"https:\/\/www.visionweb.com.ar\/?p=19795","title":{"rendered":"Balladares recibi\u00f3 a la legisladora porte\u00f1a Victoria Montenegro"},"content":{"rendered":"<p><em><strong>Es la actual presidenta de de la Comisi\u00f3n de Derechos Humanos en la Legislatura de la Ciudad de Buenos Aires.<\/strong><\/em><!--more--><\/p>\n<p><img loading=\"lazy\" decoding=\"async\" class=\"size-medium wp-image-19801 alignright\" src=\"https:\/\/www.visionweb.com.ar\/wp-content\/uploads\/2025\/12\/balladares-n-la-unla-300x225.jpeg\" alt=\"\" width=\"300\" height=\"225\" srcset=\"https:\/\/www.visionweb.com.ar\/wp-content\/uploads\/2025\/12\/balladares-n-la-unla-300x225.jpeg 300w, https:\/\/www.visionweb.com.ar\/wp-content\/uploads\/2025\/12\/balladares-n-la-unla.jpeg 640w\" sizes=\"auto, (max-width: 300px) 100vw, 300px\" \/>A poco meses de cumplirse medio siglo del golpe de estado de 1976, en el marco del D\u00eda Internacional de los Derechos Humanos, Agust\u00edn Balladares, principal referente del Frente de Lan\u00fas para Lan\u00fas, recibi\u00f3 a la legisladora porte\u00f1a\u00a0 Victoria Montenegro, presidenta de de la Comisi\u00f3n de Derechos Humanos en la Legislatura de la Ciudad de Buenos Aires.<\/p>\n<p>El encuentro se concret\u00f3 en la Sala Amelia Podetti del Edificio Manuel Dorrego de la Universidad Nacional de Lan\u00fas (UNLA), fue previo a una presentaci\u00f3n de la charla \u00abMemoria y Reconstrucci\u00f3n Colectiva\u00bb, que se concret\u00f3 a poco m\u00e1s de tres meses del 24 de marzo del a\u00f1o pr\u00f3ximo, d\u00eda en que se cumplir\u00e1 medio siglo del golpe de estado de 1976.<\/p>\n<p>De la reuni\u00f3n participaron, ademas de Balladares, el Rector de la Casa de Altos Estudios anfitriona, Daniel Bozzani y David Ariza, integrante de HIJOS Lan\u00fas y Provincia de Buenos Aires, entre otros.<\/p>\n<p>En ese sentido, el ex presidente del Consejo Deliberante de Lan\u00fas,\u00a0 desde sus redes sociales sostuvo: \u201d<em>Recibimos a la querida Victoria Montenegro en el marco D\u00eda Internacional de los Derechos Humanos y a pocos meses de cumplirse 50 a\u00f1os del golpe de Estado<\/em>\u201d.<\/p>\n<p>\u201c<em>En un contexto donde los derechos humanos vuelven a ser objeto de retroceso, ninguneo y degradaci\u00f3n, por parte de propios y ajenos, reafirmamos nuestras banderas hist\u00f3ricas de Memoria, Verdad y Justicia<\/em>\u00ab, puntualiz\u00f3 Balladares.<\/p>\n<p>El dirigente peronista, agreg\u00f3 en sus redes sociales: \u00ab<em>Entendemos tambi\u00e9n que esas banderas toman m\u00e1s sentido si somos capaces de proyectarlas al presente y discutir la agenda de derechos humanos que hoy nos falta: explotaci\u00f3n laboral, barrios sin servicios, personas en situaci\u00f3n de calle, jubilados abandonados, entre tantos otros dolores urgentes<\/em>\u201d.<\/p>\n<p>Por \u00faltimo Balladares dio: \u201cGracias al Rector de la querida UNLa, Daniel Bozzani y a David Ariza por, junto a Victoria, a ayudarnos a pensar el camino que viene\u201d.<strong>(VW)<\/strong>.<\/p>\n","protected":false},"excerpt":{"rendered":"<p>Es la actual presidenta de de la Comisi\u00f3n de Derechos Humanos en la Legislatura de la Ciudad de Buenos Aires.<\/p>\n","protected":false},"author":3,"featured_media":19801,"comment_status":"closed","ping_status":"closed","sticky":false,"template":"","format":"standard","meta":{"_monsterinsights_skip_tracking":false,"_monsterinsights_sitenote_active":false,"_monsterinsights_sitenote_note":"","_monsterinsights_sitenote_category":0,"footnotes":""},"categories":[4],"tags":[1071,829,8516,304,437],"class_list":["post-19795","post","type-post","status-publish","format-standard","has-post-thumbnail","hentry","category-politica","tag-balladares","tag-derechos","tag-humanos","tag-montenegro","tag-unla"],"_links":{"self":[{"href":"https:\/\/www.visionweb.com.ar\/index.php?rest_route=\/wp\/v2\/posts\/19795","targetHints":{"allow":["GET"]}}],"collection":[{"href":"https:\/\/www.visionweb.com.ar\/index.php?rest_route=\/wp\/v2\/posts"}],"about":[{"href":"https:\/\/www.visionweb.com.ar\/index.php?rest_route=\/wp\/v2\/types\/post"}],"author":[{"embeddable":true,"href":"https:\/\/www.visionweb.com.ar\/index.php?rest_route=\/wp\/v2\/users\/3"}],"replies":[{"embeddable":true,"href":"https:\/\/www.visionweb.com.ar\/index.php?rest_route=%2Fwp%2Fv2%2Fcomments&post=19795"}],"version-history":[{"count":3,"href":"https:\/\/www.visionweb.com.ar\/index.php?rest_route=\/wp\/v2\/posts\/19795\/revisions"}],"predecessor-version":[{"id":19807,"href":"https:\/\/www.visionweb.com.ar\/index.php?rest_route=\/wp\/v2\/posts\/19795\/revisions\/19807"}],"wp:featuredmedia":[{"embeddable":true,"href":"https:\/\/www.visionweb.com.ar\/index.php?rest_route=\/wp\/v2\/media\/19801"}],"wp:attachment":[{"href":"https:\/\/www.visionweb.com.ar\/index.php?rest_route=%2Fwp%2Fv2%2Fmedia&parent=19795"}],"wp:term":[{"taxonomy":"category","embeddable":true,"href":"https:\/\/www.visionweb.com.ar\/index.php?rest_route=%2Fwp%2Fv2%2Fcategories&post=19795"},{"taxonomy":"post_tag","embeddable":true,"href":"https:\/\/www.visionweb.com.ar\/index.php?rest_route=%2Fwp%2Fv2%2Ftags&post=19795"}],"curies":[{"name":"wp","href":"https:\/\/api.w.org\/{rel}","templated":true}]}}