{"id":19793,"date":"2025-12-11T12:10:50","date_gmt":"2025-12-11T15:10:50","guid":{"rendered":"https:\/\/www.visionweb.com.ar\/?p=19793"},"modified":"2025-12-11T12:10:50","modified_gmt":"2025-12-11T15:10:50","slug":"alerta-del-sector-textil-por-el-impacto-que-causa-la-desregulacion-en-el-empleo-y-la-produccion","status":"publish","type":"post","link":"https:\/\/www.visionweb.com.ar\/?p=19793","title":{"rendered":"Alerta del sector textil por el impacto que causa la desregulaci\u00f3n en el empleo y la producci\u00f3n"},"content":{"rendered":"<p><em><strong>Siete de cada diez prendas ya son chinas: Un informe de la Fundaci\u00f3n ProTejer alert\u00f3 por el riesgo en producci\u00f3n y empleo en todo el pa\u00eds, como consecuencia de la desregulaci\u00f3n y el descontrol del courier que aceleraron el avance asi\u00e1tico.<\/strong><\/em><!--more--><\/p>\n<div id=\"attachment_3593\" style=\"width: 310px\" class=\"wp-caption alignleft\"><img loading=\"lazy\" decoding=\"async\" aria-describedby=\"caption-attachment-3593\" class=\"wp-image-3593 size-medium\" src=\"https:\/\/www.visionweb.com.ar\/wp-content\/uploads\/2021\/11\/LA-INDUSTRIA-TEXTIL-FUE-UNA-DE-LAS-QUE-MAS-SE-RECUPERO-EN-AGOSTO-300x169.png\" alt=\"\" width=\"300\" height=\"169\" srcset=\"https:\/\/www.visionweb.com.ar\/wp-content\/uploads\/2021\/11\/LA-INDUSTRIA-TEXTIL-FUE-UNA-DE-LAS-QUE-MAS-SE-RECUPERO-EN-AGOSTO-300x169.png 300w, https:\/\/www.visionweb.com.ar\/wp-content\/uploads\/2021\/11\/LA-INDUSTRIA-TEXTIL-FUE-UNA-DE-LAS-QUE-MAS-SE-RECUPERO-EN-AGOSTO.png 640w\" sizes=\"auto, (max-width: 300px) 100vw, 300px\" \/><p id=\"caption-attachment-3593\" class=\"wp-caption-text\">La industria local en riesgo por el avance de ventas desregulado.<\/p><\/div>\n<p><strong>\u00a0 \u00a0\u00a0\u00a0 U<\/strong>n nuevo<strong> informe de la Fundaci\u00f3n ProTejer advirti\u00f3 que la p\u00e9rdida de competitividad ya se traduce en ca\u00edda de producci\u00f3n, empleo y actividad comercial en todo el pa\u00eds, como resultado que la desregulaci\u00f3n marc\u00f3 sobre la industria nacional.<\/strong><\/p>\n<p>El documento no solo confirma que China concentra el grueso del ingreso de prendas al mercado argentino, sino que detalla que la <strong>falta de controles y la flexibilizaci\u00f3n del r\u00e9gimen courier<\/strong> generaron un terreno propicio para que la ropa de origen asi\u00e1tico llegue sin certificaciones, sin valores de referencia y, en muchos casos, sin cumplir con los requisitos que se exigen a los fabricantes locales.<\/p>\n<p>El informe destac\u00f3 que \u201c<strong>la avalancha de prendas chinas ingresa sin certificaciones de calidad, sin valores de referencia, sin etiquetas y sin pagar impuestos<\/strong>, generando ventajas imposibles de igualar para cualquier fabricante argentino\u201d.<\/p>\n<p>Un punto cr\u00edtico del informe es la magnitud de la participaci\u00f3n china en el mercado importado:\u00a0<strong>siete de cada diez prendas que ingresan hoy a la Argentina provienen del gigante asi\u00e1tico<\/strong>, una concentraci\u00f3n in\u00e9dita que se profundiz\u00f3 con la flexibilizaci\u00f3n aduanera y el descontrol del r\u00e9gimen courier. Ese volumen, advierte ProTejer, explica buena parte del <strong>desplazamiento de la producci\u00f3n local y el deterioro del empleo en la cadena textil<\/strong>, indic\u00f3 Infocielo.<\/p>\n<p>Un mercado sin reglas ni equilibrio<\/p>\n<p>ProTejer remarc\u00f3 que detr\u00e1s de este fen\u00f3meno se encuentra el desmantelamiento progresivo de normas que regulaban el comercio leal y que contaban con el <strong>aval de la Organizaci\u00f3n Mundial del Comercio<\/strong>.<\/p>\n<p><strong>Se suprimieron herramientas como la declaraci\u00f3n jurada de composici\u00f3n, los valores de criterio de importaci\u00f3n y los controles sobre etiquetado y talles, lo que dej\u00f3 al sector argentino expuesto frente a competidores que operan con costos y reglas completamente distintas.<\/strong><\/p>\n<p><img loading=\"lazy\" decoding=\"async\" class=\"size-medium wp-image-17733 alignright\" src=\"https:\/\/www.visionweb.com.ar\/wp-content\/uploads\/2025\/04\/COMERCIO-MINORISTA-300x200.png\" alt=\"\" width=\"300\" height=\"200\" srcset=\"https:\/\/www.visionweb.com.ar\/wp-content\/uploads\/2025\/04\/COMERCIO-MINORISTA-300x200.png 300w, https:\/\/www.visionweb.com.ar\/wp-content\/uploads\/2025\/04\/COMERCIO-MINORISTA.png 640w\" sizes=\"auto, (max-width: 300px) 100vw, 300px\" \/>El informe tambi\u00e9n describe la expansi\u00f3n acelerada del courier y el rol de plataformascon Shein, AliExpress y Temu, que hoy env\u00edan productos directamente al consumidor argentino sin pagar aranceles y sin atravesar procedimientos de control. Se trata de un <strong>sistema creado para env\u00edos personales y de bajo valor <\/strong>que, reconvertido en canal comercial masivo, alter\u00f3 el mercado local y <strong>profundiz\u00f3 la brecha con la industria formal<\/strong>.<\/p>\n<p>Esta din\u00e1mica motiv\u00f3 incluso iniciativas legislativas. En ese sentido, el diputado <strong>Miguel \u00c1ngel Pichetto present\u00f3 un proyecto para aplicar aranceles espec\u00edficos<\/strong>, exigir registraci\u00f3n obligatoria y equiparar condiciones impositivas entre las plataformas extranjeras y los comercios del pa\u00eds, en un <strong>intento por frenar la competencia desigual<\/strong> que denuncian fabricantes y comerciantes.<\/p>\n<p>ProTejer para finalizar, sintetiz\u00f3 la dimensi\u00f3n del problema: \u201c<strong>Lo que est\u00e1 en juego no es solo el precio de una prenda, sino el futuro productivo de la Argentina y la capacidad de compra de un asalariado actual sin trabajo ma\u00f1ana<\/strong>\u201d.<\/p>\n<p>Para la entidad, la combinaci\u00f3n de desregulaci\u00f3n, flexibilizaci\u00f3n aduanera y un flujo creciente de productos sin control configura un escenario que compromete la supervivencia de miles de empresas y una cadena de valor que da sustento a m\u00e1s de medio mill\u00f3n de trabajadores. <strong>(VW)<\/strong><\/p>\n<p>&nbsp;<\/p>\n","protected":false},"excerpt":{"rendered":"<p>Siete de cada diez prendas ya son chinas: Un informe de la Fundaci\u00f3n ProTejer alert\u00f3 por el riesgo en producci\u00f3n y empleo en todo el pa\u00eds, como consecuencia de la desregulaci\u00f3n y el descontrol&#46;&#46;&#46;<\/p>\n","protected":false},"author":4,"featured_media":3593,"comment_status":"closed","ping_status":"closed","sticky":false,"template":"","format":"standard","meta":{"_monsterinsights_skip_tracking":false,"_monsterinsights_sitenote_active":false,"_monsterinsights_sitenote_note":"","_monsterinsights_sitenote_category":0,"footnotes":""},"categories":[6,4,5],"tags":[8514,5390,8512,122,8513],"class_list":["post-19793","post","type-post","status-publish","format-standard","has-post-thumbnail","hentry","category-economia","category-politica","category-sociedad","tag-avances-plataformas-venta","tag-desregulacion","tag-fundacion-protejer","tag-informe","tag-riesgos-de-produccion-y-empleo"],"_links":{"self":[{"href":"https:\/\/www.visionweb.com.ar\/index.php?rest_route=\/wp\/v2\/posts\/19793","targetHints":{"allow":["GET"]}}],"collection":[{"href":"https:\/\/www.visionweb.com.ar\/index.php?rest_route=\/wp\/v2\/posts"}],"about":[{"href":"https:\/\/www.visionweb.com.ar\/index.php?rest_route=\/wp\/v2\/types\/post"}],"author":[{"embeddable":true,"href":"https:\/\/www.visionweb.com.ar\/index.php?rest_route=\/wp\/v2\/users\/4"}],"replies":[{"embeddable":true,"href":"https:\/\/www.visionweb.com.ar\/index.php?rest_route=%2Fwp%2Fv2%2Fcomments&post=19793"}],"version-history":[{"count":1,"href":"https:\/\/www.visionweb.com.ar\/index.php?rest_route=\/wp\/v2\/posts\/19793\/revisions"}],"predecessor-version":[{"id":19796,"href":"https:\/\/www.visionweb.com.ar\/index.php?rest_route=\/wp\/v2\/posts\/19793\/revisions\/19796"}],"wp:featuredmedia":[{"embeddable":true,"href":"https:\/\/www.visionweb.com.ar\/index.php?rest_route=\/wp\/v2\/media\/3593"}],"wp:attachment":[{"href":"https:\/\/www.visionweb.com.ar\/index.php?rest_route=%2Fwp%2Fv2%2Fmedia&parent=19793"}],"wp:term":[{"taxonomy":"category","embeddable":true,"href":"https:\/\/www.visionweb.com.ar\/index.php?rest_route=%2Fwp%2Fv2%2Fcategories&post=19793"},{"taxonomy":"post_tag","embeddable":true,"href":"https:\/\/www.visionweb.com.ar\/index.php?rest_route=%2Fwp%2Fv2%2Ftags&post=19793"}],"curies":[{"name":"wp","href":"https:\/\/api.w.org\/{rel}","templated":true}]}}