{"id":19785,"date":"2025-12-11T11:35:36","date_gmt":"2025-12-11T14:35:36","guid":{"rendered":"https:\/\/www.visionweb.com.ar\/?p=19785"},"modified":"2025-12-11T11:35:36","modified_gmt":"2025-12-11T14:35:36","slug":"la-unlp-alerta-por-la-crisis-en-comedores-populares-tras-los-recortes","status":"publish","type":"post","link":"https:\/\/www.visionweb.com.ar\/?p=19785","title":{"rendered":"La UNLP alerta por la crisis en comedores populares tras los recortes"},"content":{"rendered":"<p><em><strong>Mediante un informe, el\u00a0Consejo Social\u00a0de la UNLP advirti\u00f3 por la precaria situaci\u00f3n en la que se encuentran los comedores populares como consecuencia de los recortes del Gobierno nacional. \u201cSi hace un a\u00f1o compraban tres garrafas al mes, ahora compran una, en algunos casos lo reemplazan con le\u00f1a y en otros casos, abren menos d\u00edas por semana\u201d, indicaron, a la vez que resaltaron el crecimiento sostenido de personas que concurren por alimentos.<\/strong><\/em><!--more--><\/p>\n<div id=\"attachment_19786\" style=\"width: 310px\" class=\"wp-caption alignright\"><img loading=\"lazy\" decoding=\"async\" aria-describedby=\"caption-attachment-19786\" class=\"wp-image-19786 size-medium\" src=\"https:\/\/www.visionweb.com.ar\/wp-content\/uploads\/2025\/12\/unlp-informe-comedores-300x183.png\" alt=\"\" width=\"300\" height=\"183\" srcset=\"https:\/\/www.visionweb.com.ar\/wp-content\/uploads\/2025\/12\/unlp-informe-comedores-300x183.png 300w, https:\/\/www.visionweb.com.ar\/wp-content\/uploads\/2025\/12\/unlp-informe-comedores.png 637w\" sizes=\"auto, (max-width: 300px) 100vw, 300px\" \/><p id=\"caption-attachment-19786\" class=\"wp-caption-text\">Presentaci\u00f3n del informe del Consejo Social en la UNLP<\/p><\/div>\n<p><strong> \u00a0\u00a0\u00a0 U<\/strong>n informe reciente del <strong>Consejo Social de la Universidad Nacional de La Plata<\/strong> (<strong><a href=\"https:\/\/unlp.edu.ar\/institucional\/consejo_social\/la-unlp-presento-un-nuevo-informe-sobre-situacion-de-comedores-merenderos-y-ollas-populares-en-la-region-117139\/\">UNLP<\/a><\/strong>) advirti\u00f3 en las \u00faltimas horas por la\u00a0<strong>precaria situaci\u00f3n que atraviesan los comedores populares<\/strong>\u00a0como consecuencia de los recortes del Gobierno nacional de<strong> Milei<\/strong>.<\/p>\n<p>Seg\u00fan se desprende del informe \u201cSituaci\u00f3n de Comedores, Merenderos y ollas Populares en la Regi\u00f3n\u201d elaborado por el\u00a0<strong>Consejo Social<\/strong>\u00a0de la\u00a0<strong>UNLP<\/strong>, creci\u00f3\u00a0<strong>considerablemente la cantidad de personas que asisten<\/strong>, siendo el mayor aumento entre ni\u00f1os, ni\u00f1as, adolescentes y adultos mayores, conforme indico Diputados Bonaerenses.<\/p>\n<p>En ese contexto, en relaci\u00f3n al\u00a0<strong>an\u00e1lisis nutricional<\/strong>, el <strong>76,7% de los referentes se\u00f1al\u00f3 cambios negativos<\/strong> en relaci\u00f3n a 2024 por la\u00a0<strong>disminuci\u00f3n de la cantidad y la variedad de los alimentos<\/strong>, sobre todo frutas y verduras, a pesar de haber aumentado la demanda.<\/p>\n<p>Con respecto a la provisi\u00f3n de recursos, un 64% recibe alimentos del gobierno de la provincia de Buenos Aires, mientras que un 18% solo dinero. La presencia del Ejecutivo nacional en la entrega de ambos tipos de recursos roza apenas el 5%.<\/p>\n<p>La energ\u00eda tambi\u00e9n se revel\u00f3 como un asunto altamente cr\u00edtico. Para la mayor\u00eda de los\u00a0<strong>comedores populares<\/strong>\u00a0el acceso al gas envasado necesario para paliar la situaci\u00f3n fuera del casco urbano platense, donde casi no hay gas de red, es un problema serio, debido al\u00a0<strong>aumento de los costos<\/strong>.<\/p>\n<p>\u201c<strong>Si hace un a\u00f1o compraban tres garrafas al mes, ahora compran una, en algunos casos lo reemplazan con le\u00f1a y en otros casos, directamente, abriendo menos d\u00edas por semana<\/strong>\u201d, expresaron desde la\u00a0<strong>UNLP<\/strong>.<\/p>\n<p>De esta manera, el informe de la\u00a0<strong>UNLP<\/strong>\u00a0da cuenta que los<strong>\u00a0comedores populares<\/strong>, merenderos y ollas del Gran La Plata\u00a0<strong>profundizaron su situaci\u00f3n negativa<\/strong>, en comparaci\u00f3n a 2024, destacando la dificultad de acceso a alimentos e insumos para cocinar, el aumento de la demanda y la disminuci\u00f3n de prestaci\u00f3n de los servicios.<\/p>\n<p>\u201c<strong>Las pol\u00edticas provinciales y municipales de atenci\u00f3n alimentaria hacia estos sectores no alcanzan a compensar el recorte de las pol\u00edticas asistenciales del Estado nacional<\/strong>\u201d, advirti\u00f3 la presidenta del Consejo Social de la UNLP,\u00a0<strong>In\u00e9s Iglesias<\/strong>.<\/p>\n<p>Seg\u00fan explicaron desde la casa de altos estudios, <strong>el informe surge de la preocupaci\u00f3n manifestada por las organizaciones sociales frente a la creciente demanda de alimentos<\/strong> que reciben en los barrios del Gran La Plata, y a la necesidad de dar cuenta de la situaci\u00f3n.<\/p>\n<p>\u201cEl objetivo del informe es proporcionar un insumo con el fin de contribuir a la identificaci\u00f3n de las principales problem\u00e1ticas alimentarias de la regi\u00f3n, como as\u00ed tambi\u00e9n, para el dise\u00f1o y la puesta en marcha de pol\u00edticas sociales\u201d, ampli\u00f3\u00a0<strong>Iglesias.<\/strong><\/p>\n<p>Del relevamiento participaron Barrios de Pie, Corriente Clasista y Combativa, Corriente N\u00e9stor Kirchner, CTD \u2013 An\u00edbal Ver\u00f3n, Frente de Organizaciones en Lucha, Frente Popular Dar\u00edo Santill\u00e1n, Frente Pol\u00edtico y Social Carlos Cajade, Federaci\u00f3n de Tierra y Vivienda, La Falcone, Libres del Sur, Mov. Patria Grande \u2013 CTA, Movimiento Evita, Movimiento Justicia y Libertad, Movimiento de Trabajadores Excluidos, Nuestram\u00e9rica y Resistencia Popular.<\/p>\n<p>Adem\u00e1s, durante la presentaci\u00f3n del mismo,\u00a0<strong>Iglesias<\/strong>\u00a0agradeci\u00f3 la <strong>participaci\u00f3n del CONICET de La Plata <\/strong>por \u201cel acompa\u00f1amiento en todo el desarrollo del proceso\u201d. \u201c<strong>Este registro es una tarea conjunta que hicimos para la producci\u00f3n de informaci\u00f3n con la que queremos respaldar todo lo que generan las organizaciones sociales<\/strong>\u201d, cerr\u00f3. <strong>(VW)<\/strong><\/p>\n<p>&nbsp;<\/p>\n","protected":false},"excerpt":{"rendered":"<p>Mediante un informe, el\u00a0Consejo Social\u00a0de la UNLP advirti\u00f3 por la precaria situaci\u00f3n en la que se encuentran los comedores populares como consecuencia de los recortes del Gobierno nacional. \u201cSi hace un a\u00f1o compraban tres&#46;&#46;&#46;<\/p>\n","protected":false},"author":4,"featured_media":19786,"comment_status":"closed","ping_status":"closed","sticky":false,"template":"","format":"standard","meta":{"_monsterinsights_skip_tracking":false,"_monsterinsights_sitenote_active":false,"_monsterinsights_sitenote_note":"","_monsterinsights_sitenote_category":0,"footnotes":""},"categories":[6,4,5],"tags":[1999,8510,8511,3914],"class_list":["post-19785","post","type-post","status-publish","format-standard","has-post-thumbnail","hentry","category-economia","category-politica","category-sociedad","tag-consejo-social","tag-informe-comedores","tag-situacion-critica-comedores","tag-unlp"],"_links":{"self":[{"href":"https:\/\/www.visionweb.com.ar\/index.php?rest_route=\/wp\/v2\/posts\/19785","targetHints":{"allow":["GET"]}}],"collection":[{"href":"https:\/\/www.visionweb.com.ar\/index.php?rest_route=\/wp\/v2\/posts"}],"about":[{"href":"https:\/\/www.visionweb.com.ar\/index.php?rest_route=\/wp\/v2\/types\/post"}],"author":[{"embeddable":true,"href":"https:\/\/www.visionweb.com.ar\/index.php?rest_route=\/wp\/v2\/users\/4"}],"replies":[{"embeddable":true,"href":"https:\/\/www.visionweb.com.ar\/index.php?rest_route=%2Fwp%2Fv2%2Fcomments&post=19785"}],"version-history":[{"count":1,"href":"https:\/\/www.visionweb.com.ar\/index.php?rest_route=\/wp\/v2\/posts\/19785\/revisions"}],"predecessor-version":[{"id":19787,"href":"https:\/\/www.visionweb.com.ar\/index.php?rest_route=\/wp\/v2\/posts\/19785\/revisions\/19787"}],"wp:featuredmedia":[{"embeddable":true,"href":"https:\/\/www.visionweb.com.ar\/index.php?rest_route=\/wp\/v2\/media\/19786"}],"wp:attachment":[{"href":"https:\/\/www.visionweb.com.ar\/index.php?rest_route=%2Fwp%2Fv2%2Fmedia&parent=19785"}],"wp:term":[{"taxonomy":"category","embeddable":true,"href":"https:\/\/www.visionweb.com.ar\/index.php?rest_route=%2Fwp%2Fv2%2Fcategories&post=19785"},{"taxonomy":"post_tag","embeddable":true,"href":"https:\/\/www.visionweb.com.ar\/index.php?rest_route=%2Fwp%2Fv2%2Ftags&post=19785"}],"curies":[{"name":"wp","href":"https:\/\/api.w.org\/{rel}","templated":true}]}}