{"id":19784,"date":"2025-12-11T11:35:49","date_gmt":"2025-12-11T14:35:49","guid":{"rendered":"https:\/\/www.visionweb.com.ar\/?p=19784"},"modified":"2025-12-11T11:45:17","modified_gmt":"2025-12-11T14:45:17","slug":"el-gobierno-envio-al-congreso-el-proyecto-de-reforma-de-la-ley-laboral","status":"publish","type":"post","link":"https:\/\/www.visionweb.com.ar\/?p=19784","title":{"rendered":"El Gobierno envi\u00f3 al Congreso el proyecto de reforma de la Ley laboral"},"content":{"rendered":"<p><em><strong>En materia judicial, el Gobierno impulsa un cambio clave:\u00a0las indemnizaciones previstas en la Ley de Contrato de Trabajo pasar\u00e1n a ser la \u00fanica v\u00eda de reparaci\u00f3n posible ante un despido.<\/strong><\/em><!--more--><\/p>\n<p><img loading=\"lazy\" decoding=\"async\" class=\"size-full wp-image-6035 alignright\" src=\"https:\/\/www.visionweb.com.ar\/wp-content\/uploads\/2022\/06\/cursos-trabajo.bmp\" alt=\"\" width=\"544\" height=\"412\" \/>El Poder Ejecutivo avanz\u00f3 con la presentaci\u00f3n de la \u00ab<em>Ley de Modernizaci\u00f3n Laboral\u00bb<\/em>, un paquete integral que introduce cambios profundos en las normas de empleo, registraci\u00f3n, negociaci\u00f3n colectiva y contribuciones patronales.<\/p>\n<p>La reforma, que llega en medio de un replanteo general del esquema regulatorio argentino, incluye medidas de desburocratizaci\u00f3n, reducci\u00f3n de litigiosidad y nuevos incentivos para la contrataci\u00f3n formal.<\/p>\n<p>Uno de los ejes centrales del proyecto es la creaci\u00f3n del registro laboral centralizado en ARCA, que pasar\u00e1 a ser la \u00fanica instancia v\u00e1lida de inscripci\u00f3n de trabajadores. A partir de esta modificaci\u00f3n, ning\u00fan organismo podr\u00e1 exigir requisitos adicionales, lo que busca simplificar tr\u00e1mites y unificar la informaci\u00f3n laboral en un solo sistema.<\/p>\n<article class=\"article-body article-body--second-paragraph\">La Ley tambi\u00e9n introduce cambios amplios en el\u00a0<strong>R\u00e9gimen de Contrato de Trabajo<\/strong>. Entre ellos, la redefinici\u00f3n de qu\u00e9 conceptos integran las indemnizaciones, mayores posibilidades de pactar\u00a0<strong>remuneraciones en moneda extranjera<\/strong>\u00a0y un\u00a0<strong>reordenamiento del tiempo de trabajo<\/strong>\u00a0que permite nuevas modalidades de compensaci\u00f3n horaria. Adem\u00e1s,\u00a0<strong>se endurecen los requisitos para las certificaciones m\u00e9dicas<\/strong>\u00a0y se incorpora un esquema m\u00e1s amplio de beneficios no remunerativos.<\/article>\n<article><\/article>\n<article><\/article>\n<article class=\"article-body article-body--second-paragraph\"><strong>Los puntos centrales<\/strong><\/article>\n<article><\/article>\n<article><\/article>\n<article class=\"article-body article-body--second-paragraph\">En materia judicial, el Gobierno impulsa un cambio clave:\u00a0<strong>las indemnizaciones previstas en la Ley de Contrato de Trabajo pasar\u00e1n a ser la \u00fanica v\u00eda de reparaci\u00f3n posible ante un despido<\/strong>. De esta manera,\u00a0<strong>se elimina la posibilidad de iniciar reclamos adicionales por da\u00f1os y perjuicios basados en el C\u00f3digo Civil y Comercial<\/strong>, con el objetivo declarado de reducir la litigiosidad.<\/article>\n<article><\/article>\n<article class=\"article-body article-body--third-paragraph\">Otro punto central es la reforma de la\u00a0<strong>negociaci\u00f3n colectiva<\/strong>. Se limita la llamada \u201cultraactividad\u201d, que manten\u00eda vigentes todos los convenios vencidos de manera indefinida.<\/article>\n<article><\/article>\n<article class=\"article-body article-body--third-paragraph\">Con la nueva norma,\u00a0<strong>solo seguir\u00e1n en pie las cl\u00e1usulas normativas hasta que haya un nuevo acuerdo o una pr\u00f3rroga expresa.<\/strong>\u00a0Tambi\u00e9n se fortalece la autonom\u00eda de los convenios sectoriales de menor alcance y se reglamenta el car\u00e1cter no remunerado de las asambleas sindicales.<\/p>\n<h4>Fondo para indemnizaciones<\/h4>\n<p>La iniciativa incorpora, adem\u00e1s, la creaci\u00f3n del\u00a0<strong>Fondo de Asistencia Laboral (FAL)<\/strong>, al que los empleadores deber\u00e1n aportar\u00a0<strong>un 3% del salario<\/strong>\u00a0de cada trabajador.<\/p>\n<p>Ese fondo, administrado por entidades supervisadas por la Comisi\u00f3n Nacional de Valores, ser\u00e1 inembargable y estar\u00e1\u00a0<strong>destinado exclusivamente a financiar indemnizaciones<\/strong>\u00a0y otros pagos previstos por ley.<\/p>\n<h4>Incentivos<\/h4>\n<p>Para incentivar la formalizaci\u00f3n, se establece el\u00a0<strong>R\u00e9gimen de Incentivo a la Formalizaci\u00f3n Laboral (RIFL)<\/strong>, que regir\u00e1 durante un a\u00f1o y otorgar\u00e1 contribuciones patronales reducidas -del 2% por cuatro a\u00f1os- a quienes contraten a\u00a0<strong>personas sin empleo formal reciente, monotributistas, desocupados o exempleados p\u00fablicos<\/strong>. A su vez, la reforma contempla una reducci\u00f3n general de contribuciones, fijada en 17,40% para empleadores de grandes servicios y comercio, y en 15% para el resto del sector privado.<\/p>\n<p>El proyecto incluye tambi\u00e9n\u00a0<strong>un r\u00e9gimen especial para trabajadores de plataformas, como repartidores y choferes<\/strong>, a quienes se reconoce como\u00a0<strong>prestadores independientes\u00a0<\/strong>con requisitos operativos y de cobertura espec\u00edficos para las empresas que administran las aplicaciones.<\/p>\n<p>La ley incorpora otros cambios vinculados al sistema tributario y al clima de inversiones, como la <strong>reducci\u00f3n de al\u00edcuotas del Impuesto a las Ganancias corporativo<\/strong>\u00a0y la creaci\u00f3n del\u00a0<strong>R\u00e9gimen de Incentivo para Medianas Inversiones<\/strong>, que promueve la amortizaci\u00f3n acelerada.<\/p>\n<p>El texto del proyecto cierra: \u201cCon estas medidas propuestas, el proyecto contin\u00faa en la senda de\u00a0<strong>simplificaci\u00f3n y ordenamiento normativo<\/strong>\u00a0que el Gobierno viene impulsando desde el inicio de su gesti\u00f3n, orientada a eliminar distorsiones, depurar afectaciones, unificar criterios, dotar de neutralidad al sistema, simplificar y reducir costos de cumplimiento. Este proceso se gu\u00eda por un principio innegociable:\u00a0<strong>resguardar el equilibrio fiscal que tanto esfuerzo demand\u00f3 alcanzar<\/strong>\u201d(<strong>VW)<\/strong><\/p>\n<\/article>\n<p>&nbsp;<\/p>\n<p>&nbsp;<\/p>\n","protected":false},"excerpt":{"rendered":"<p>En materia judicial, el Gobierno impulsa un cambio clave:\u00a0las indemnizaciones previstas en la Ley de Contrato de Trabajo pasar\u00e1n a ser la \u00fanica v\u00eda de reparaci\u00f3n posible ante un despido.<\/p>\n","protected":false},"author":3,"featured_media":6035,"comment_status":"closed","ping_status":"closed","sticky":false,"template":"","format":"standard","meta":{"_monsterinsights_skip_tracking":false,"_monsterinsights_sitenote_active":false,"_monsterinsights_sitenote_note":"","_monsterinsights_sitenote_category":0,"footnotes":""},"categories":[4,749],"tags":[485,2852,2077,186,1953],"class_list":["post-19784","post","type-post","status-publish","format-standard","has-post-thumbnail","hentry","category-politica","category-pymes","tag-congreso","tag-iniciativa","tag-laboral","tag-ley","tag-proyecto"],"_links":{"self":[{"href":"https:\/\/www.visionweb.com.ar\/index.php?rest_route=\/wp\/v2\/posts\/19784","targetHints":{"allow":["GET"]}}],"collection":[{"href":"https:\/\/www.visionweb.com.ar\/index.php?rest_route=\/wp\/v2\/posts"}],"about":[{"href":"https:\/\/www.visionweb.com.ar\/index.php?rest_route=\/wp\/v2\/types\/post"}],"author":[{"embeddable":true,"href":"https:\/\/www.visionweb.com.ar\/index.php?rest_route=\/wp\/v2\/users\/3"}],"replies":[{"embeddable":true,"href":"https:\/\/www.visionweb.com.ar\/index.php?rest_route=%2Fwp%2Fv2%2Fcomments&post=19784"}],"version-history":[{"count":4,"href":"https:\/\/www.visionweb.com.ar\/index.php?rest_route=\/wp\/v2\/posts\/19784\/revisions"}],"predecessor-version":[{"id":19791,"href":"https:\/\/www.visionweb.com.ar\/index.php?rest_route=\/wp\/v2\/posts\/19784\/revisions\/19791"}],"wp:featuredmedia":[{"embeddable":true,"href":"https:\/\/www.visionweb.com.ar\/index.php?rest_route=\/wp\/v2\/media\/6035"}],"wp:attachment":[{"href":"https:\/\/www.visionweb.com.ar\/index.php?rest_route=%2Fwp%2Fv2%2Fmedia&parent=19784"}],"wp:term":[{"taxonomy":"category","embeddable":true,"href":"https:\/\/www.visionweb.com.ar\/index.php?rest_route=%2Fwp%2Fv2%2Fcategories&post=19784"},{"taxonomy":"post_tag","embeddable":true,"href":"https:\/\/www.visionweb.com.ar\/index.php?rest_route=%2Fwp%2Fv2%2Ftags&post=19784"}],"curies":[{"name":"wp","href":"https:\/\/api.w.org\/{rel}","templated":true}]}}