{"id":19776,"date":"2025-12-10T14:11:40","date_gmt":"2025-12-10T17:11:40","guid":{"rendered":"https:\/\/www.visionweb.com.ar\/?p=19776"},"modified":"2025-12-10T14:11:40","modified_gmt":"2025-12-10T17:11:40","slug":"en-la-era-de-los-recortes-el-gobierno-crea-una-nueva-secretaria","status":"publish","type":"post","link":"https:\/\/www.visionweb.com.ar\/?p=19776","title":{"rendered":"En la era de los recortes el Gobierno crea una nueva secretar\u00eda"},"content":{"rendered":"<p><em><strong>El Gobierno apuesta al desarrollo nuclear y formaliz\u00f3 la creaci\u00f3n de la Secretar\u00eda de Asuntos Nucleares. Apuesta a convertir a Argentina \u201cen la Arabia Saudita del Uranio\u201d. Mientras que trabajadores nucleares advirtieron por la privatizaci\u00f3n de la\u00a0Nucleoel\u00e9ctrica Argentina Sociedad An\u00f3nima\u00a0(NA-SA).<\/strong><\/em><!--more--><\/p>\n<p><strong>\u00a0\u00a0\u00a0\u00a0 <img loading=\"lazy\" decoding=\"async\" class=\"size-medium wp-image-19777 alignright\" src=\"https:\/\/www.visionweb.com.ar\/wp-content\/uploads\/2025\/12\/nueva-secret-de-asuntos-nucleares-300x174.png\" alt=\"\" width=\"300\" height=\"174\" srcset=\"https:\/\/www.visionweb.com.ar\/wp-content\/uploads\/2025\/12\/nueva-secret-de-asuntos-nucleares-300x174.png 300w, https:\/\/www.visionweb.com.ar\/wp-content\/uploads\/2025\/12\/nueva-secret-de-asuntos-nucleares.png 627w\" sizes=\"auto, (max-width: 300px) 100vw, 300px\" \/>\u00a0\u00a0 E<\/strong>l gobierno de\u00a0<strong>Javier Milei\u00a0<\/strong>anunci\u00f3 ayer la creaci\u00f3n de la<strong> Secretar\u00eda de Asuntos Nucleares<\/strong>, una dependencia comandada por\u00a0<strong>Federico Ramos N\u00e1poli<\/strong>, actual titular de la empresa estatal\u00a0<strong>Dioxitek<\/strong>, que tendr\u00e1 por objetivo impulsar el desarrollo del uranio argentino y dinamizar las pol\u00edticas relaciones con el sector.<\/p>\n<p>\u201cNuestra naci\u00f3n tiene el<strong> potencial para convertirse en la<\/strong>\u00a0<strong>\u2018Arabia Saud\u00ed del uranio<\/strong><strong>`<\/strong>\u00a0<strong>y para lograrlo se necesita que los sectores minero, energ\u00e9tico y nuclear est\u00e9n alineados con este objetivo como horizonte<\/strong>\u201d, alegaron desde la Casa Rosada.<\/p>\n<p>Seg\u00fan se\u00f1alaron fuentes oficiales, el Gobierno argentino conf\u00eda en que la <strong>energ\u00eda nuclear pueda cambiar la base de la econom\u00eda nacional<\/strong>, por lo que recordaron que \u201cdesde hace 75 a\u00f1os el pa\u00eds se encuentra en el \u00b4selecto grupo de naciones que se dedican a la investigaci\u00f3n y aplicaciones de tecnolog\u00edas nucleares con fines civiles\u00b4\u201d, inform\u00f3 Diputados Bonaerenses.<\/p>\n<p>La\u00a0<strong>Secretar\u00eda de Asuntos Nucleares<\/strong>, funcionar\u00e1 bajo la \u00f3rbita del <strong>Ministerio de Econom\u00eda<\/strong>, y tendr\u00e1 mandato para definir la pol\u00edtica nuclear nacional, coordinar el ciclo de combustible, intervenir en la gesti\u00f3n de residuos radiactivos y representar al Estado en empresas con participaci\u00f3n p\u00fablica del sector.<\/p>\n<p>Adem\u00e1s, la nueva dependencia deber\u00e1 identificar proyectos estrat\u00e9gicos vinculados a tecnolog\u00eda, energ\u00eda y tierras raras, as\u00ed como tambi\u00e9n asesorar en <strong>iniciativas atadas al R\u00e9gimen de Incentivo para Grandes Inversiones<\/strong> (<strong>RIGI<\/strong>).<\/p>\n<p>Con respecto Desde Casa Rosada destacaron la experiencia de\u00a0<strong>Ramos N\u00e1poli<\/strong> en el sector, como responsable de la reestructuraci\u00f3n de la empresa\u00a0<strong>Dioxitek<\/strong>, encargada de <strong>convertir uranio para las centrales nucleares argentinas<\/strong>, pero tambi\u00e9n liderando las negociaciones para solucionar la falta de uranio en estas instalaciones.<\/p>\n<p>Vale se\u00f1alar que, la creaci\u00f3n de <strong>la nueva secretar\u00eda llega en medio de negociaciones financieras con Estados Unidos que incluyen el posible ingreso de compa\u00f1\u00edas norteamericanas a la explotaci\u00f3n de uranio<\/strong>, y del avance del plan oficial para privatizar parcialmente\u00a0<strong>Nucleoel\u00e9ctrica Argentina S.A., operadora de Atucha I, Atucha II y Embalse<\/strong>.<\/p>\n<p><strong>Mientras tanto, trabajadores nucleares advierten que Milei quiere privatizar la empresa que opera los reactores:<\/strong><\/p>\n<p>La <strong>Asociaci\u00f3n de Profesionales de la Comisi\u00f3n Nacional de Energ\u00eda At\u00f3mica y la Actividad Nuclear<\/strong> (<strong><a href=\"https:\/\/www.apcnean.org.ar\/index.php\">APCNEAN<\/a><\/strong>) cuestionaron la avanzada del gobierno de<strong>\u00a0Javier Milei\u00a0<\/strong>en la privatizaci\u00f3n de la\u00a0<strong>Nucleoel\u00e9ctrica Argentina Sociedad An\u00f3nima<\/strong>\u00a0(<strong>NA-SA<\/strong>), a la vez que advirtieron <strong>que la venta de la empresa impactar\u00e1 de lleno en el precio de las tarifas de luz<\/strong>.<\/p>\n<p>Es que, en las pr\u00f3ximas semanas, el <strong>Ejecutivo nacional avanzar\u00e1 en la privatizaci\u00f3n<\/strong> del 49% de\u00a0<strong>NA-SA<\/strong>, empresa encargada de operar las tres centrales nucleares\u00a0<strong>Atucha I, Atucha II y Embals<\/strong>, las cuales aportan el 7% de la energ\u00eda el\u00e9ctrica de todo el pa\u00eds, a pesar de que la firma cuenta con\u00a0un<strong>\u00a0super\u00e1vit de $17.234 millones<\/strong>\u00a0en el primer trimestre del a\u00f1o.<\/p>\n<p>\u201c<strong>NA-SA<\/strong>\u00a0es una empresa del pueblo argentino, garantiza, con est\u00e1ndares internacionales de seguridad, cerca del 9% de la electricidad que consumimos a un precio accesible. Es <strong>superavitaria y estrat\u00e9gica: sostiene trabajo calificado, industria nacional, ciencia, tecnolog\u00eda y capacidades de ingenier\u00eda \u00fanicas en la regi\u00f3n y en el mundo<\/strong>\u201d, alegaron los trabajadores.<\/p>\n<p>En esa l\u00ednea, desde el gremio remarcaron que <strong>la tecnolog\u00eda nuclear<\/strong> no es un privilegio, es una pol\u00edtica de Estado que hace m\u00e1s de 70 a\u00f1os mejora la calidad de vida de las familias e impulsa a la industria argentina con energ\u00eda segura y siempre disponible.<\/p>\n<p>En ese sentido, los profesionales en la actividad nuclear recordaron que las tarifas de\u00a0<strong>NA-SA\u00a0<\/strong>son de las m\u00e1s bajas del mercado, por lo que la privatizaci\u00f3n de la empresa incentivar\u00eda a que\u00a0<strong>se incremente la boleta de luz para igualar las del mercado<\/strong>. \u201cLos ciudadanos pagan esta diferencia para acrecentar la rentabilidad de un privado\u201d, fustigaron.<\/p>\n<p>\u201c<strong>El gobierno de Milei pretende convertir la infraestructura nuclear, con sus grandes obras de ingenier\u00eda y su personal al servicio de los argentinos,\u00a0en un negocio donde se blindan rentas privadas y se socializan riesgos y pasivos de largo plazo<\/strong>\u201c, alertaron desde la empresa nuclear.<\/p>\n<p>Adem\u00e1s, desde el sindicato agregaron: \u201cLas centrales nucleares requieren planificaci\u00f3n, inversi\u00f3n sostenida y un activo control estatal para garantizar su seguridad y la previsibilidad en el suministro de energ\u00eda el\u00e9ctrica\u201d.<\/p>\n<p>En esa l\u00ednea, la\u00a0<strong>APCNEAN\u00a0<\/strong>precis\u00f3 que este intento de privatizar la\u00a0<strong>Nucleoel\u00e9ctrica\u00a0<\/strong>se da en el marco de un recorte en los salarios del sector, el desfinanciamiento de proyectos y una reducci\u00f3n de la planta altamente especializada mediante despidos injustificados del personal de carrera, o por la migraci\u00f3n hacia actividades mejor pagadas.<\/p>\n<p>En agosto del a\u00f1o pasado, el subsecretario del ministerio de Reforma del Estado,\u00a0<strong>Alejandro Tamer<\/strong>, desembarc\u00f3 en la Autoridad Regulatoria Nuclear (<strong>ARN<\/strong>) y en la Comisi\u00f3n Nacional de Energ\u00eda At\u00f3mica (<strong>CNEA<\/strong>) para auditar las dotaciones de ambas instituciones. Seg\u00fan la\u00a0<strong>APCNEN<\/strong>, el paso del funcionario de\u00a0<strong>Federico Sturzenegger\u00a0<\/strong>por otros organismos, concluy\u00f3 con una reducci\u00f3n de estructura organizativa y de personal. <strong>(VW)<\/strong><\/p>\n","protected":false},"excerpt":{"rendered":"<p>El Gobierno apuesta al desarrollo nuclear y formaliz\u00f3 la creaci\u00f3n de la Secretar\u00eda de Asuntos Nucleares. Apuesta a convertir a Argentina \u201cen la Arabia Saudita del Uranio\u201d. Mientras que trabajadores nucleares advirtieron por la&#46;&#46;&#46;<\/p>\n","protected":false},"author":4,"featured_media":19777,"comment_status":"closed","ping_status":"closed","sticky":false,"template":"","format":"standard","meta":{"_monsterinsights_skip_tracking":false,"_monsterinsights_sitenote_active":false,"_monsterinsights_sitenote_note":"","_monsterinsights_sitenote_category":0,"footnotes":""},"categories":[6,4],"tags":[8507,4530,8506,8508],"class_list":["post-19776","post","type-post","status-publish","format-standard","has-post-thumbnail","hentry","category-economia","category-politica","tag-asuntos-nucleares","tag-milei","tag-nueva-secretaria","tag-privatizacion-de-na-sa"],"_links":{"self":[{"href":"https:\/\/www.visionweb.com.ar\/index.php?rest_route=\/wp\/v2\/posts\/19776","targetHints":{"allow":["GET"]}}],"collection":[{"href":"https:\/\/www.visionweb.com.ar\/index.php?rest_route=\/wp\/v2\/posts"}],"about":[{"href":"https:\/\/www.visionweb.com.ar\/index.php?rest_route=\/wp\/v2\/types\/post"}],"author":[{"embeddable":true,"href":"https:\/\/www.visionweb.com.ar\/index.php?rest_route=\/wp\/v2\/users\/4"}],"replies":[{"embeddable":true,"href":"https:\/\/www.visionweb.com.ar\/index.php?rest_route=%2Fwp%2Fv2%2Fcomments&post=19776"}],"version-history":[{"count":1,"href":"https:\/\/www.visionweb.com.ar\/index.php?rest_route=\/wp\/v2\/posts\/19776\/revisions"}],"predecessor-version":[{"id":19778,"href":"https:\/\/www.visionweb.com.ar\/index.php?rest_route=\/wp\/v2\/posts\/19776\/revisions\/19778"}],"wp:featuredmedia":[{"embeddable":true,"href":"https:\/\/www.visionweb.com.ar\/index.php?rest_route=\/wp\/v2\/media\/19777"}],"wp:attachment":[{"href":"https:\/\/www.visionweb.com.ar\/index.php?rest_route=%2Fwp%2Fv2%2Fmedia&parent=19776"}],"wp:term":[{"taxonomy":"category","embeddable":true,"href":"https:\/\/www.visionweb.com.ar\/index.php?rest_route=%2Fwp%2Fv2%2Fcategories&post=19776"},{"taxonomy":"post_tag","embeddable":true,"href":"https:\/\/www.visionweb.com.ar\/index.php?rest_route=%2Fwp%2Fv2%2Ftags&post=19776"}],"curies":[{"name":"wp","href":"https:\/\/api.w.org\/{rel}","templated":true}]}}