{"id":19773,"date":"2025-12-10T13:48:04","date_gmt":"2025-12-10T16:48:04","guid":{"rendered":"https:\/\/www.visionweb.com.ar\/?p=19773"},"modified":"2025-12-10T13:48:04","modified_gmt":"2025-12-10T16:48:04","slug":"colecta-de-juguetes-en-lomas-de-zamora-con-nonpalidece-a-la-vanguardia","status":"publish","type":"post","link":"https:\/\/www.visionweb.com.ar\/?p=19773","title":{"rendered":"Colecta de juguetes en Lomas de Zamora con Nonpalidece a la vanguardia"},"content":{"rendered":"<p><em><strong>La banda de reggae Nonpalidece se presentar\u00e1 para el festival \u201cNavidad en Comunidad\u201d. Ser\u00e1 el s\u00e1bado 20 de diciembre en la Plaza Grigera, en un evento cultural y solidario con entrada libre y gratuita que incluir\u00e1 una colecta de juguetes para organizaciones locales.<\/strong><\/em><!--more--><\/p>\n<p><strong> <img loading=\"lazy\" decoding=\"async\" class=\"size-medium wp-image-19774 alignright\" src=\"https:\/\/www.visionweb.com.ar\/wp-content\/uploads\/2025\/12\/Nonpa-en-lomas-240x300.png\" alt=\"\" width=\"240\" height=\"300\" srcset=\"https:\/\/www.visionweb.com.ar\/wp-content\/uploads\/2025\/12\/Nonpa-en-lomas-240x300.png 240w, https:\/\/www.visionweb.com.ar\/wp-content\/uploads\/2025\/12\/Nonpa-en-lomas.png 402w\" sizes=\"auto, (max-width: 240px) 100vw, 240px\" \/>\u00a0\u00a0\u00a0 E<\/strong>l festival \u201c<strong>Navidad en Comunidad\u201d tendr\u00e1 la presencia de Nonpalidece, <\/strong>que brindar\u00e1 un\u00a0<strong>concierto gratuito<\/strong>\u00a0el <strong>s\u00e1bado 20<\/strong> de diciembre desde las 17 en la Plaza Grigera. La propuesta combina la exclusiva m\u00fasica en vivo, actividades culturales y una campa\u00f1a solidaria orientada a acompa\u00f1ar a familias del distrito en la previa de las fiestas.<\/p>\n<p>Durante la jornada se llevar\u00e1 adelante una colecta impulsada por la organizaci\u00f3n\u00a0<strong>@compartir lomas<\/strong>, que convoca a los vecinos y vecinas a <strong>donar un juguete destinado a ni\u00f1os y ni\u00f1as de distintas instituciones locales<\/strong>.<\/p>\n<p>Desde la organizaci\u00f3n explicaron que el objetivo es reforzar el acompa\u00f1amiento comunitario en un momento del a\u00f1o particularmente sensible para muchas familias.<\/p>\n<p>Nonpalidece, referente del reggae nacional con m\u00e1s de 28 a\u00f1os de trayectoria, volver\u00e1 a presentarse en el distrito con un repertorio que repasar\u00e1 algunos de sus temas m\u00e1s reconocidos. Desde el Municipio destacaron que el evento busca \u201cpromover espacios de encuentro y participaci\u00f3n comunitaria\u201d, integrando propuestas culturales con acciones solidarias.<\/p>\n<p>La banda ya hab\u00eda pisado el escenario de <strong>Plaza Grigera<\/strong>, ubicada sobre la <strong>Avenida Hip\u00f3lito Yrigoyen al 8700<\/strong>, en ediciones anteriores de <strong>festivales orientados al apoyo social<\/strong>.<\/p>\n<p>En esta nueva presentaci\u00f3n, Nonpalidece compartir\u00e1 nuevamente una experiencia con el p\u00fablico lomense, dando inicio a la temporada navide\u00f1a con un encuentro que aspira a consolidarse como un <strong>espacio de celebraci\u00f3n cultural y compromiso comunitario<\/strong>. <strong>(VW)<\/strong><\/p>\n<p>&nbsp;<\/p>\n","protected":false},"excerpt":{"rendered":"<p>La banda de reggae Nonpalidece se presentar\u00e1 para el festival \u201cNavidad en Comunidad\u201d. Ser\u00e1 el s\u00e1bado 20 de diciembre en la Plaza Grigera, en un evento cultural y solidario con entrada libre y gratuita&#46;&#46;&#46;<\/p>\n","protected":false},"author":4,"featured_media":19774,"comment_status":"closed","ping_status":"closed","sticky":false,"template":"","format":"standard","meta":{"_monsterinsights_skip_tracking":false,"_monsterinsights_sitenote_active":false,"_monsterinsights_sitenote_note":"","_monsterinsights_sitenote_category":0,"footnotes":""},"categories":[8,5],"tags":[8423,8505,318,8503,8504],"class_list":["post-19773","post","type-post","status-publish","format-standard","has-post-thumbnail","hentry","category-interes-general","category-sociedad","tag-colecta-de-juguetes","tag-concierto-solidario","tag-lomas-de-zamora","tag-navidad-en-comunidad","tag-nonpalidece"],"_links":{"self":[{"href":"https:\/\/www.visionweb.com.ar\/index.php?rest_route=\/wp\/v2\/posts\/19773","targetHints":{"allow":["GET"]}}],"collection":[{"href":"https:\/\/www.visionweb.com.ar\/index.php?rest_route=\/wp\/v2\/posts"}],"about":[{"href":"https:\/\/www.visionweb.com.ar\/index.php?rest_route=\/wp\/v2\/types\/post"}],"author":[{"embeddable":true,"href":"https:\/\/www.visionweb.com.ar\/index.php?rest_route=\/wp\/v2\/users\/4"}],"replies":[{"embeddable":true,"href":"https:\/\/www.visionweb.com.ar\/index.php?rest_route=%2Fwp%2Fv2%2Fcomments&post=19773"}],"version-history":[{"count":1,"href":"https:\/\/www.visionweb.com.ar\/index.php?rest_route=\/wp\/v2\/posts\/19773\/revisions"}],"predecessor-version":[{"id":19775,"href":"https:\/\/www.visionweb.com.ar\/index.php?rest_route=\/wp\/v2\/posts\/19773\/revisions\/19775"}],"wp:featuredmedia":[{"embeddable":true,"href":"https:\/\/www.visionweb.com.ar\/index.php?rest_route=\/wp\/v2\/media\/19774"}],"wp:attachment":[{"href":"https:\/\/www.visionweb.com.ar\/index.php?rest_route=%2Fwp%2Fv2%2Fmedia&parent=19773"}],"wp:term":[{"taxonomy":"category","embeddable":true,"href":"https:\/\/www.visionweb.com.ar\/index.php?rest_route=%2Fwp%2Fv2%2Fcategories&post=19773"},{"taxonomy":"post_tag","embeddable":true,"href":"https:\/\/www.visionweb.com.ar\/index.php?rest_route=%2Fwp%2Fv2%2Ftags&post=19773"}],"curies":[{"name":"wp","href":"https:\/\/api.w.org\/{rel}","templated":true}]}}