{"id":19771,"date":"2025-12-10T13:26:41","date_gmt":"2025-12-10T16:26:41","guid":{"rendered":"https:\/\/www.visionweb.com.ar\/?p=19771"},"modified":"2025-12-10T13:26:41","modified_gmt":"2025-12-10T16:26:41","slug":"alerta-amarilla-por-tormentas-en-gran-parte-del-territorio-bonaerense","status":"publish","type":"post","link":"https:\/\/www.visionweb.com.ar\/?p=19771","title":{"rendered":"Alerta amarilla por tormentas en gran parte del territorio bonaerense"},"content":{"rendered":"<p><em><strong>\u00a0El SMN habla de \u00abcapacidad de da\u00f1o\u00bb. Se esperan hoy tormentas con precipitaciones de hasta 50 mm y violentas r\u00e1fagas de viento por la noche y sube la temperatura.<\/strong><\/em><!--more--><\/p>\n<p><strong> <img loading=\"lazy\" decoding=\"async\" class=\"size-medium wp-image-13512 alignright\" src=\"https:\/\/www.visionweb.com.ar\/wp-content\/uploads\/2024\/02\/alerta-tormentas-300x232.png\" alt=\"\" width=\"300\" height=\"232\" srcset=\"https:\/\/www.visionweb.com.ar\/wp-content\/uploads\/2024\/02\/alerta-tormentas-300x232.png 300w, https:\/\/www.visionweb.com.ar\/wp-content\/uploads\/2024\/02\/alerta-tormentas.png 333w\" sizes=\"auto, (max-width: 300px) 100vw, 300px\" \/>\u00a0\u00a0\u00a0 L<\/strong>a mayor parte del territorio bonaerense, con inclusi\u00f3n de\u00a0<strong>\u00c1rea Metropolitana de Buenos Aires (AMBA)<\/strong>\u00a0y\u00a0<strong>de zonas con excesos h\u00eddricos<\/strong>, se encuentra por estos momentos bajo una <strong>Alerta amarilla por tormentas<\/strong>. Se prev\u00e9 que las lluvias lleguen entre la tarde y la noche de este mi\u00e9rcoles.<\/p>\n<p><strong>El Servicio Meteorol\u00f3gico Nacional (<a href=\"https:\/\/www.smn.gob.ar\/pronostico\">SMN<\/a><\/strong><strong>) emiti\u00f3 un\u00a0alerta amarillo por tormentas para la zona sur del Conurbano. A pesar del mal tiempo, la temperatura seguir\u00e1 trepando hasta llegar a los 34 en la previa del fin de semana.<\/strong><\/p>\n<p><strong>El alerta amarillo advierte sobre \u201cposibles fen\u00f3menos meteorol\u00f3gicos con capacidad de da\u00f1o y riesgo de interrupci\u00f3n moment\u00e1nea de actividades cotidianas\u201d.<\/strong><\/p>\n<p><strong>Lomas de Zamora es uno de los distritos comprendidos, al igual que Almirante Brown, Avellaneda, Lan\u00fas y San Vicente, entre otros.<\/strong><\/p>\n<p><strong>Para el\u00a0jueves\u00a0se anuncian chaparrones por la ma\u00f1ana y tormentas aisladas por la tarde, la temperatura m\u00ednima ser\u00e1 de 22 grados pero llegar\u00e1 a los 31. La marca t\u00e9rmica asciende a 34 el\u00a0viernes, que ser\u00e1 un d\u00eda con cielo algo nublado en la zona sur del Conurbano.<\/strong><\/p>\n<p><strong>La marca t\u00e9rmica del\u00a0s\u00e1bado\u00a0ser\u00e1 de 33, de acuerdo al reporte matutino del SMN, y reci\u00e9n el\u00a0domingo\u00a0desciende a los 26, en una jornada que comienza con chaparrones y contin\u00faa con cielo parcialmente nublado.<\/strong><\/p>\n<p><strong>Viento y lluvia<\/strong><\/p>\n<p>En todos estos casos, la alerta implica que \u201cel \u00e1rea ser\u00e1 afectada por tormentas de variada intensidad, algunas localmente fuertes. Las mismas estar\u00e1n acompa\u00f1adas por frecuente actividad el\u00e9ctrica, ocasional ca\u00edda de granizo, r\u00e1fagas que puntualmente podr\u00edan alcanzar los\u00a0<strong>70 km\/h<\/strong>, y abundante ca\u00edda de agua en cortos per\u00edodos\u201d.<\/p>\n<p>Mientras tanto, \u201cSe prev\u00e9n valores de precipitaci\u00f3n acumulada\u00a0<strong>entre 20 y 50 mm<\/strong>., que pueden ser superados en forma puntual\u201d.<\/p>\n<p>Si bien en el oeste la alerta rige para las horas de la tarde, en el resto del territorio afectado se prev\u00e9 que las tormentas lleguen durante la noche.<\/p>\n<p>La alerta continuar\u00e1\u00a0<strong>durante ma\u00f1ana jueves<\/strong>\u00a0en el sector costero comprendido entre\u00a0<strong>Lober\u00eda y Magdalena<\/strong>. <strong>(VW)<\/strong><\/p>\n<p>&nbsp;<\/p>\n","protected":false},"excerpt":{"rendered":"<p>\u00a0El SMN habla de \u00abcapacidad de da\u00f1o\u00bb. Se esperan hoy tormentas con precipitaciones de hasta 50 mm y violentas r\u00e1fagas de viento por la noche y sube la temperatura.<\/p>\n","protected":false},"author":4,"featured_media":13512,"comment_status":"closed","ping_status":"closed","sticky":false,"template":"","format":"standard","meta":{"_monsterinsights_skip_tracking":false,"_monsterinsights_sitenote_active":false,"_monsterinsights_sitenote_note":"","_monsterinsights_sitenote_category":0,"footnotes":""},"categories":[8],"tags":[8502,1524,1629],"class_list":["post-19771","post","type-post","status-publish","format-standard","has-post-thumbnail","hentry","category-interes-general","tag-alerta-amarilla-por-tormentas","tag-conurbano","tag-smn"],"_links":{"self":[{"href":"https:\/\/www.visionweb.com.ar\/index.php?rest_route=\/wp\/v2\/posts\/19771","targetHints":{"allow":["GET"]}}],"collection":[{"href":"https:\/\/www.visionweb.com.ar\/index.php?rest_route=\/wp\/v2\/posts"}],"about":[{"href":"https:\/\/www.visionweb.com.ar\/index.php?rest_route=\/wp\/v2\/types\/post"}],"author":[{"embeddable":true,"href":"https:\/\/www.visionweb.com.ar\/index.php?rest_route=\/wp\/v2\/users\/4"}],"replies":[{"embeddable":true,"href":"https:\/\/www.visionweb.com.ar\/index.php?rest_route=%2Fwp%2Fv2%2Fcomments&post=19771"}],"version-history":[{"count":1,"href":"https:\/\/www.visionweb.com.ar\/index.php?rest_route=\/wp\/v2\/posts\/19771\/revisions"}],"predecessor-version":[{"id":19772,"href":"https:\/\/www.visionweb.com.ar\/index.php?rest_route=\/wp\/v2\/posts\/19771\/revisions\/19772"}],"wp:featuredmedia":[{"embeddable":true,"href":"https:\/\/www.visionweb.com.ar\/index.php?rest_route=\/wp\/v2\/media\/13512"}],"wp:attachment":[{"href":"https:\/\/www.visionweb.com.ar\/index.php?rest_route=%2Fwp%2Fv2%2Fmedia&parent=19771"}],"wp:term":[{"taxonomy":"category","embeddable":true,"href":"https:\/\/www.visionweb.com.ar\/index.php?rest_route=%2Fwp%2Fv2%2Fcategories&post=19771"},{"taxonomy":"post_tag","embeddable":true,"href":"https:\/\/www.visionweb.com.ar\/index.php?rest_route=%2Fwp%2Fv2%2Ftags&post=19771"}],"curies":[{"name":"wp","href":"https:\/\/api.w.org\/{rel}","templated":true}]}}