{"id":19768,"date":"2025-12-10T13:11:20","date_gmt":"2025-12-10T16:11:20","guid":{"rendered":"https:\/\/www.visionweb.com.ar\/?p=19768"},"modified":"2025-12-10T13:11:20","modified_gmt":"2025-12-10T16:11:20","slug":"derechos-humanos-lo-esencial-de-cada-dia-es-lema-elegido-este-ano-por-la-onu","status":"publish","type":"post","link":"https:\/\/www.visionweb.com.ar\/?p=19768","title":{"rendered":"\u00abDerechos Humanos: lo esencial de cada d\u00eda\u00bb, es lema elegido este a\u00f1o por la ONU"},"content":{"rendered":"<p><em><strong>D\u00eda Internacional de los Derechos Humanos: La fecha honra la adopci\u00f3n de la Declaraci\u00f3n Universal de 1948, un documento que consta de 30 art\u00edculos que establecen\u00a0los derechos civiles, pol\u00edticos, econ\u00f3micos, sociales y culturales b\u00e1sicos\u00a0que todas las personas deber\u00edan disfrutar, \u201cindependientemente de su raza, color, religi\u00f3n, sexo, idioma, opini\u00f3n pol\u00edtica o de otra \u00edndole, origen nacional o social, posici\u00f3n econ\u00f3mica, nacimiento o cualquier otra condici\u00f3n\u201d.<\/strong><\/em><!--more--><\/p>\n<p><strong><img loading=\"lazy\" decoding=\"async\" class=\"size-medium wp-image-19769 alignleft\" src=\"https:\/\/www.visionweb.com.ar\/wp-content\/uploads\/2025\/12\/dia-internac-derechos-humanos-300x206.png\" alt=\"\" width=\"300\" height=\"206\" srcset=\"https:\/\/www.visionweb.com.ar\/wp-content\/uploads\/2025\/12\/dia-internac-derechos-humanos-300x206.png 300w, https:\/\/www.visionweb.com.ar\/wp-content\/uploads\/2025\/12\/dia-internac-derechos-humanos.png 544w\" sizes=\"auto, (max-width: 300px) 100vw, 300px\" \/>\u00a0\u00a0\u00a0\u00a0 E<\/strong>l <strong>D\u00eda\u00a0Internacional\u00a0de\u00a0los\u00a0Derechos\u00a0Humanos\u00a0<\/strong>se celebra cada\u00a0<strong>10 de diciembre<\/strong>\u00a0para<strong>\u00a0honrar la Declaraci\u00f3n Universal de Derechos Humano<\/strong>s (DUDH), proclamada por la <strong>Asamblea General de las Naciones Unidas (ONU)<\/strong> en 1948, que estableci\u00f3 por primera vez un\u00a0<strong>ideal com\u00fan de derechos fundamentales<\/strong>\u00a0<strong>para todos los pueblos y naciones<\/strong>.<\/p>\n<p>Aquel documento, que surgi\u00f3 por la necesidad de impedir que se repitieran los horrores de la Segunda Guerra Mundial, dio el inicio a la evoluci\u00f3n constante del compromiso internacional en pos de la dignidad humana y la igualdad.<\/p>\n<p><strong>El nacimiento de un ideal universal<\/strong><\/p>\n<p>El acuerdo para crear una <strong>carta universal de derechos humanos surgi\u00f3 en 1945<\/strong>, cuando los pa\u00edses fundadores de la <strong>Organizaci\u00f3n de las Naciones Unidas (ONU)<\/strong> se comprometieron firmemente a\u00a0<strong>evitar que atrocidades<\/strong>\u00a0como los <strong>secuestros, torturas, persecuciones y asesinatos masivos de la Segunda Guerra Mundial volvieran a ocurrir alguna vez<\/strong>.<\/p>\n<p>Seguido a eso, <strong>el 10 de diciembre de 1948, en Par\u00eds, la Asamblea General de la ONU aprob\u00f3 oficialmente la Declaraci\u00f3n Universal de los Derechos Humanos (DUDH)<\/strong>, un texto que se asienta sobre los<strong>\u00a0s\u00f3lidos pilares de la libertad, la justicia y la igualdad<\/strong>\u00a0fundamental.<\/p>\n<p>En nuestro pa\u00eds, la fecha\u00a0<strong>coincide con la asunci\u00f3n presidencial de Ra\u00fal Alfons\u00edn y el regreso a la\u00a0democracia, el 10<\/strong> de diciembre de 1983, luego de m\u00e1s de siete a\u00f1os de dictadura.<\/p>\n<p>La DUDH consta de 30 art\u00edculos que establecen<strong>\u00a0los derechos civiles, pol\u00edticos, econ\u00f3micos, sociales y culturales b\u00e1sicos<\/strong>\u00a0que todas <strong>las personas deber\u00edan disfrutar<\/strong>, \u201cindependientemente de su raza, color, religi\u00f3n, sexo, idioma, opini\u00f3n pol\u00edtica o de otra \u00edndole, origen nacional o social, posici\u00f3n econ\u00f3mica, nacimiento o cualquier otra condici\u00f3n\u201d.<\/p>\n<p>La DUDH est\u00e1\u00a0<strong>disponible en m\u00e1s de 500 lenguas, <\/strong>por ende es el escrito m\u00e1s traducido de la historia, incluso por encima que la Biblia.<\/p>\n<p><strong>\u00abDerechos Humanos: lo esencial de cada d\u00eda\u00bb<\/strong><\/p>\n<p>Es lema elegido por la\u00a0<strong>ONU<\/strong> este a\u00f1o para subrayar que<strong>\u00a0los derechos humanos no son conceptos abstractos o lejanos<\/strong>, sino que <strong>est\u00e1n intr\u00ednsecamente ligados a las necesidades b\u00e1sicas y las experiencias cotidianas de todas las personas<\/strong>. La intenci\u00f3n es movilizar a la gente a reconocer y defender estos derechos en sus propios entornos.<\/p>\n<p>La campa\u00f1a se centra en tres principios clave:<\/p>\n<ul>\n<li><strong>Son positivos:<\/strong>\u00a0aportan alegr\u00eda, seguridad y protecci\u00f3n a la vida diaria (el <strong>derecho a los alimentos, al aire que respiramos, a la libertad de expresi\u00f3n<\/strong>).<\/li>\n<li><strong>Son esenciales: s<\/strong>on la base com\u00fan que une a las personas m\u00e1s all\u00e1 de las diferencias.<\/li>\n<li><strong>Son alcanzables:\u00a0<\/strong>comienzan con las peque\u00f1as decisiones y acciones diarias de cada individuo (tratar a otros con respeto, alzar la voz frente a una injusticia). <strong>(VW)<\/strong><\/li>\n<\/ul>\n","protected":false},"excerpt":{"rendered":"<p>D\u00eda Internacional de los Derechos Humanos: La fecha honra la adopci\u00f3n de la Declaraci\u00f3n Universal de 1948, un documento que consta de 30 art\u00edculos que establecen\u00a0los derechos civiles, pol\u00edticos, econ\u00f3micos, sociales y culturales b\u00e1sicos\u00a0que&#46;&#46;&#46;<\/p>\n","protected":false},"author":4,"featured_media":19769,"comment_status":"closed","ping_status":"closed","sticky":false,"template":"","format":"standard","meta":{"_monsterinsights_skip_tracking":false,"_monsterinsights_sitenote_active":false,"_monsterinsights_sitenote_note":"","_monsterinsights_sitenote_category":0,"footnotes":""},"categories":[8,4,5],"tags":[8501,8499,8498,8500,220],"class_list":["post-19768","post","type-post","status-publish","format-standard","has-post-thumbnail","hentry","category-interes-general","category-politica","category-sociedad","tag-10-de-diciembre","tag-declaracion-universal","tag-dia-internacional-de-los-derechos-humanos","tag-dudh","tag-onu"],"_links":{"self":[{"href":"https:\/\/www.visionweb.com.ar\/index.php?rest_route=\/wp\/v2\/posts\/19768","targetHints":{"allow":["GET"]}}],"collection":[{"href":"https:\/\/www.visionweb.com.ar\/index.php?rest_route=\/wp\/v2\/posts"}],"about":[{"href":"https:\/\/www.visionweb.com.ar\/index.php?rest_route=\/wp\/v2\/types\/post"}],"author":[{"embeddable":true,"href":"https:\/\/www.visionweb.com.ar\/index.php?rest_route=\/wp\/v2\/users\/4"}],"replies":[{"embeddable":true,"href":"https:\/\/www.visionweb.com.ar\/index.php?rest_route=%2Fwp%2Fv2%2Fcomments&post=19768"}],"version-history":[{"count":1,"href":"https:\/\/www.visionweb.com.ar\/index.php?rest_route=\/wp\/v2\/posts\/19768\/revisions"}],"predecessor-version":[{"id":19770,"href":"https:\/\/www.visionweb.com.ar\/index.php?rest_route=\/wp\/v2\/posts\/19768\/revisions\/19770"}],"wp:featuredmedia":[{"embeddable":true,"href":"https:\/\/www.visionweb.com.ar\/index.php?rest_route=\/wp\/v2\/media\/19769"}],"wp:attachment":[{"href":"https:\/\/www.visionweb.com.ar\/index.php?rest_route=%2Fwp%2Fv2%2Fmedia&parent=19768"}],"wp:term":[{"taxonomy":"category","embeddable":true,"href":"https:\/\/www.visionweb.com.ar\/index.php?rest_route=%2Fwp%2Fv2%2Fcategories&post=19768"},{"taxonomy":"post_tag","embeddable":true,"href":"https:\/\/www.visionweb.com.ar\/index.php?rest_route=%2Fwp%2Fv2%2Ftags&post=19768"}],"curies":[{"name":"wp","href":"https:\/\/api.w.org\/{rel}","templated":true}]}}