{"id":19722,"date":"2025-12-03T14:22:30","date_gmt":"2025-12-03T17:22:30","guid":{"rendered":"https:\/\/www.visionweb.com.ar\/?p=19722"},"modified":"2025-12-03T14:22:30","modified_gmt":"2025-12-03T17:22:30","slug":"axel-kicillof-tomo-juramento-a-flavia-terigi-nueva-directora-de-educacion-de-la-provincia","status":"publish","type":"post","link":"https:\/\/www.visionweb.com.ar\/?p=19722","title":{"rendered":"Axel Kicillof tom\u00f3 juramento a Flavia Terigi, nueva Directora de Educaci\u00f3n de la Provincia"},"content":{"rendered":"<p><em><strong>Durante el acto, se reconoci\u00f3 el trabajo realizado por el Director General de Cultura y Educaci\u00f3n saliente, Alberto Sileoni.<\/strong><\/em><!--more--><\/p>\n<p><strong>\u00a0 <img loading=\"lazy\" decoding=\"async\" class=\"size-medium wp-image-19723 alignright\" src=\"https:\/\/www.visionweb.com.ar\/wp-content\/uploads\/2025\/12\/SFlavia-Terigi-dir-educac-prov-300x284.png\" alt=\"\" width=\"300\" height=\"284\" srcset=\"https:\/\/www.visionweb.com.ar\/wp-content\/uploads\/2025\/12\/SFlavia-Terigi-dir-educac-prov-300x284.png 300w, https:\/\/www.visionweb.com.ar\/wp-content\/uploads\/2025\/12\/SFlavia-Terigi-dir-educac-prov.png 550w\" sizes=\"auto, (max-width: 300px) 100vw, 300px\" \/>\u00a0\u00a0\u00a0\u00a0 E<\/strong>l gobernador <strong>Axel Kicillof<\/strong> tom\u00f3 juramento a <strong>Flavia Terigi<\/strong>\u00a0como nueva\u00a0<a href=\"https:\/\/mapadelestado.gba.gob.ar\/organismos\/477\">directora general de Cultura y Educaci\u00f3n<\/a>\u00a0de la\u00a0<strong>provincia de Buenos Aires<\/strong>,<strong>\u00a0<\/strong>durante la inauguraci\u00f3n del nuevo edificio de la\u00a0<strong>Escuela Primaria N\u00b026 de San Vicente<\/strong>, donde adem\u00e1s se reconoci\u00f3 la gesti\u00f3n del funcionario saliente,\u00a0<strong>Alberto Sileoni<\/strong>.<\/p>\n<p>En el acto, Kicillof destac\u00f3: \u201cLo que caracteriza al per\u00edodo que atravesamos y por el que vamos a continuar es\u00a0<strong>la defensa irrestricta de la escuela p\u00fablica<\/strong>: defenderla es seguir transform\u00e1ndola junto a quienes m\u00e1s la conocen, que son sus maestras y maestros, auxiliares, directivos, familias y estudiantes\u201d.<\/p>\n<p>Luego a\u00f1adi\u00f3: \u201cTenemos la enorme<strong>\u00a0tarea de planificar, pensar y dise\u00f1ar pol\u00edticas de cara a la sociedad\u00a0<\/strong>y de una manera clara: caminando la provincia, visitando las escuelas y escuchando a sus protagonistas\u201d.<\/p>\n<p>Por su parte, <strong>Terigi<\/strong> expres\u00f3: \u201cAgradezco al Gobernador que me ha propuesto para <strong>este cargo al que\u00a0espero honrar con trabajo y dedicaci\u00f3n<\/strong>: tengo un amplio acuerdo con la importancia in\u00e9dita que el Gobierno provincial le ha dado a la educaci\u00f3n y la orientaci\u00f3n de su pol\u00edtica educativa\u201d.<\/p>\n<p><strong>\u201cNo queremos contribuir ni un poco a un pa\u00eds para pocos, individualista;\u00a0<\/strong>vamos a hacer todo lo que est\u00e9 a nuestro alcance para hacer de la educaci\u00f3n de la Provincia un lugar digno y justo para todos y todas\u201d, indic\u00f3 la flamante funcionaria.<\/p>\n<p>Tambi\u00e9n subray\u00f3 que: \u201cAsumo\u00a0<strong>un compromiso de escucha\u00a0<\/strong>para pensar juntos las reformas que necesita la escuela para seguir garantizando el cumplimiento de derechos\u201d.<\/p>\n<p>Por su parte, el funcionario saliente Alberto Sileoni destac\u00f3: \u201cHa sido un inmenso honor f<strong>ormar parte de un Gobierno provincial que se dedic\u00f3 a ampliar el sistema educativo<\/strong>\u00a0y a transformar la escuela p\u00fablica todos los d\u00edas\u201d.<\/p>\n<p>Y continu\u00f3: \u201cHemos trabajado para poner en valor a las instituciones que est\u00e1n presentes en todo el territorio y lo hicimos junto a lo m\u00e1s importante que tenemos: los estudiantes, docentes y auxiliares que componen la comunidad educativa\u201d, recalc\u00f3, quien a la vez, recibi\u00f3 un reconocimiento.<\/p>\n<p>Por \u00faltimo, Kicillof resalt\u00f3 que \u00abfrente a un<strong>\u00a0Gobierno nacional que paraliz\u00f3 todas las obras p\u00fablicas y que est\u00e1 en contra de la inversi\u00f3n educativa,<\/strong>\u00a0no hab\u00eda mejor ocasi\u00f3n para realizar este acto que la inauguraci\u00f3n de una nueva escuela para 500 pibes y pibas de San Vicente\u201d. Y concluy\u00f3: \u201cAc\u00e1 no hay lugar para el ego\u00edsmo: los vecinos y vecinas celebran porque hay una nueva instituci\u00f3n en el barrio, pero tambi\u00e9n porque es la n\u00famero 293 que inauguramos en la provincia de Buenos Aires\u201d.<\/p>\n<p>Acerca de Flavia Terigi:<\/p>\n<p>Es <strong>pedagoga<\/strong> formada en la Universidad de Buenos Aires (UBA), <strong>mag\u00edster en Ciencias Sociales<\/strong> (FLACSO) y <strong>doctora en Psicolog\u00eda<\/strong> (Universidad Aut\u00f3noma de Madrid). Desde 2022 se desempe\u00f1\u00f3 como <strong>rectora de la Universidad Nacional de General Sarmiento<\/strong> (UNGS) y forma parte del Consejo Nacional de la Calidad de la Educaci\u00f3n. <strong>(VW)<\/strong><\/p>\n","protected":false},"excerpt":{"rendered":"<p>Durante el acto, se reconoci\u00f3 el trabajo realizado por el Director General de Cultura y Educaci\u00f3n saliente, Alberto Sileoni.<\/p>\n","protected":false},"author":4,"featured_media":19723,"comment_status":"closed","ping_status":"closed","sticky":false,"template":"","format":"standard","meta":{"_monsterinsights_skip_tracking":false,"_monsterinsights_sitenote_active":false,"_monsterinsights_sitenote_note":"","_monsterinsights_sitenote_category":0,"footnotes":""},"categories":[4],"tags":[8472,8473,356],"class_list":["post-19722","post","type-post","status-publish","format-standard","has-post-thumbnail","hentry","category-politica","tag-flavia-terigi","tag-nueva-directora-de-educacion","tag-provincia"],"_links":{"self":[{"href":"https:\/\/www.visionweb.com.ar\/index.php?rest_route=\/wp\/v2\/posts\/19722","targetHints":{"allow":["GET"]}}],"collection":[{"href":"https:\/\/www.visionweb.com.ar\/index.php?rest_route=\/wp\/v2\/posts"}],"about":[{"href":"https:\/\/www.visionweb.com.ar\/index.php?rest_route=\/wp\/v2\/types\/post"}],"author":[{"embeddable":true,"href":"https:\/\/www.visionweb.com.ar\/index.php?rest_route=\/wp\/v2\/users\/4"}],"replies":[{"embeddable":true,"href":"https:\/\/www.visionweb.com.ar\/index.php?rest_route=%2Fwp%2Fv2%2Fcomments&post=19722"}],"version-history":[{"count":1,"href":"https:\/\/www.visionweb.com.ar\/index.php?rest_route=\/wp\/v2\/posts\/19722\/revisions"}],"predecessor-version":[{"id":19724,"href":"https:\/\/www.visionweb.com.ar\/index.php?rest_route=\/wp\/v2\/posts\/19722\/revisions\/19724"}],"wp:featuredmedia":[{"embeddable":true,"href":"https:\/\/www.visionweb.com.ar\/index.php?rest_route=\/wp\/v2\/media\/19723"}],"wp:attachment":[{"href":"https:\/\/www.visionweb.com.ar\/index.php?rest_route=%2Fwp%2Fv2%2Fmedia&parent=19722"}],"wp:term":[{"taxonomy":"category","embeddable":true,"href":"https:\/\/www.visionweb.com.ar\/index.php?rest_route=%2Fwp%2Fv2%2Fcategories&post=19722"},{"taxonomy":"post_tag","embeddable":true,"href":"https:\/\/www.visionweb.com.ar\/index.php?rest_route=%2Fwp%2Fv2%2Ftags&post=19722"}],"curies":[{"name":"wp","href":"https:\/\/api.w.org\/{rel}","templated":true}]}}